{"id":167023,"date":"2026-09-01T09:56:08","date_gmt":"2026-09-01T09:56:08","guid":{"rendered":"https:\/\/www.europesays.com\/sk\/167023\/"},"modified":"2026-09-01T09:56:08","modified_gmt":"2026-09-01T09:56:08","slug":"kabrhel-znamy-ako-versace-bude-mat-5o-rokov","status":"publish","type":"post","link":"https:\/\/www.europesays.com\/sk\/167023\/","title":{"rendered":"Kabrhe\u013e zn\u00e1my ako Versa\u010de bude ma\u0165 5o rokov"},"content":{"rendered":"<p class=\"joj-description-18 font-semibold\">Franti\u0161ek Kabrhe\u013e, ktor\u00e9ho cel\u00e9 Slovensko pozn\u00e1 pod prez\u00fdvkou Versa\u010de, sa pripravuje na ve\u013ek\u00e9 \u017eivotn\u00e9 jubileum. V decembri osl\u00e1vi p\u00e4\u0165desiatku a pri tejto pr\u00edle\u017eitosti zverejnil odv\u00e1\u017eny z\u00e1ber bez tri\u010dka. Ove\u013ea v\u00e4\u010d\u0161iu pozornos\u0165 v\u0161ak vzbudili jeho ne\u010dakane \u00faprimn\u00e9 slov\u00e1 o samote, \u0161\u0165ast\u00ed a \u017eivote.<\/p>\n<p>Franti\u0161ek Kabrhe\u013e sa u\u017e o nieko\u013eko mesiacov zarad\u00ed medzi p\u00e4\u0165desiatnikov. Niekdaj\u0161\u00ed v\u00fdrazn\u00fd \u00fa\u010dastn\u00edk reality \u0161ou v\u0161ak zo svojho veku \u017eiadnu trag\u00e9diu nerob\u00ed. Pr\u00e1ve naopak \u2013 tvrd\u00ed, \u017ee je kone\u010dne spokojn\u00fd so \u017eivotom, ktor\u00fd si vytvoril. K otvoren\u00e9mu vyznaniu pridal fotografiu od baz\u00e9na, na ktorej zap\u00f3zoval iba v plavk\u00e1ch. Kabrhe\u013e na z\u00e1bere sebavedomo uk\u00e1zal postavu a dok\u00e1zal, \u017ee ani tesne pred p\u00e4\u0165desiatkou sa rozhodne nem\u00e1 za \u010do skr\u00fdva\u0165.<\/p>\n<p>V decembri bude ma\u0165 50<\/p>\n<p>\u201eTento december m\u00e1m 50. A vie\u0161 \u010do? Som \u0161\u0165astn\u00fd a slobodn\u00fd,\u201c nap\u00edsal Kabrhe\u013e bez okolkov. Ako nazna\u010dil, pozornosti aj r\u00f4znych pon\u00fak m\u00e1 st\u00e1le dostatok. Dnes si v\u0161ak u\u017e ve\u013emi dobre vyber\u00e1, komu a \u010domu venuje svoj \u010das. Prednos\u0165 dostal jeho biznis, \u00fazky okruh skuto\u010dn\u00fdch priate\u013eov a predov\u0161etk\u00fdm pokoj v du\u0161i. Za svoje najv\u00e4\u010d\u0161ie bohatstvo nepova\u017euje luxus ani veci, ktor\u00fdmi bol v\u017edy zn\u00e1my. D\u00f4le\u017eit\u00e9 je pre neho vedomie, \u017ee sa napriek vlastn\u00fdm chyb\u00e1m v\u017edy sna\u017eil zosta\u0165 dobr\u00fdm \u010dlovekom. \u201e\u017dijem slobodne. \u017dijem \u0161\u0165astne. A kone\u010dne \u017eijem pre seba,\u201c uzavrel svoje vyznanie.<\/p>\n<p>Z reality \u0161ou a\u017e na Maltu<\/p>\n<p>Kabrhe\u013e sa do povedomia verejnosti zap\u00edsal pred viac ako dvoma desa\u0165ro\u010diami v kultovej reality \u0161ou. Div\u00e1ci si ho zapam\u00e4tali ako extravagantn\u00e9ho Versa\u010deho, ktor\u00fd si serv\u00edtku pred \u00fasta rozhodne ned\u00e1val. Odvtedy v\u0161ak jeho \u017eivot pre\u0161iel viacer\u00fdmi v\u00fdrazn\u00fdmi zmenami. Dnes \u017eije preva\u017ene na Malte, ktor\u00fa ozna\u010duje za svoj druh\u00fd domov, a medzi ostrovom a Slovenskom pravidelne pendluje. Venuje sa vlastn\u00e9mu podnikaniu a tvrd\u00ed, \u017ee pr\u00e1ve na Malte na\u0161iel prostredie, v ktorom sa c\u00edti doma.<\/p>\n<p>Tajomstvo jeho v\u00fdzoru<\/p>\n<p>Kabrhe\u013e u\u017e v minulosti pre joj.sk otvorene hovoril aj o svojom vzh\u013eade. Napriek \u0161pekul\u00e1ci\u00e1m odmietol, \u017ee by za jeho hladkou tv\u00e1rou st\u00e1l botox \u010di v\u00fdplne. Priznal iba \u00fapravu vlasov v Madride a tvrdil, \u017ee sa o seba star\u00e1 najm\u00e4 \u0161portom. To, \u017ee sa na bl\u00ed\u017eiacu p\u00e4\u0165desiatku poctivo pripravuje, potvrdil aj za\u010diatkom leta. Vtedy prezradil, \u017ee schudol 6,5 kilogramu, aby sa zmestil do oble\u010denia na m\u00f3dnu prehliadku. V\u00e4\u010d\u0161inu svojich k\u00faskov si pritom d\u00e1va \u0161i\u0165 na mieru.<\/p>\n","protected":false},"excerpt":{"rendered":"Franti\u0161ek Kabrhe\u013e, ktor\u00e9ho cel\u00e9 Slovensko pozn\u00e1 pod prez\u00fdvkou Versa\u010de, sa pripravuje na ve\u013ek\u00e9 \u017eivotn\u00e9 jubileum. V decembri osl\u00e1vi&hellip;\n","protected":false},"author":2,"featured_media":167024,"comment_status":"","ping_status":"","sticky":false,"template":"","format":"standard","meta":{"footnotes":"","_share_on_mastodon":"0"},"categories":[20],"tags":[1420,127,126,70,1424,128,73,16600,1418,1421,174,1419,887,1423,994,1265,43,129,40,39,42,41,107,97,16599,1012,1422,71,687],"class_list":["post-167023","post","type-post","status-publish","format-standard","has-post-thumbnail","category-slavne-osobnosti","tag-archiv","tag-celebrities","tag-celebrity","tag-entertainment","tag-epizody","tag-famous-people","tag-filmy","tag-frantisek-kabrhel","tag-joj","tag-live","tag-online","tag-plus","tag-program","tag-relacie","tag-rozhovory","tag-serialy","tag-sk","tag-slavne-osobnosti","tag-slovak","tag-slovakia","tag-slovencina","tag-slovensko","tag-televizia","tag-tv","tag-versace","tag-video","tag-vysielanie","tag-zabava","tag-zakulisie"],"share_on_mastodon":{"url":"https:\/\/pubeurope.com\/@sk\/117195189929569855","error":""},"_links":{"self":[{"href":"https:\/\/www.europesays.com\/sk\/wp-json\/wp\/v2\/posts\/167023","targetHints":{"allow":["GET"]}}],"collection":[{"href":"https:\/\/www.europesays.com\/sk\/wp-json\/wp\/v2\/posts"}],"about":[{"href":"https:\/\/www.europesays.com\/sk\/wp-json\/wp\/v2\/types\/post"}],"author":[{"embeddable":true,"href":"https:\/\/www.europesays.com\/sk\/wp-json\/wp\/v2\/users\/2"}],"replies":[{"embeddable":true,"href":"https:\/\/www.europesays.com\/sk\/wp-json\/wp\/v2\/comments?post=167023"}],"version-history":[{"count":0,"href":"https:\/\/www.europesays.com\/sk\/wp-json\/wp\/v2\/posts\/167023\/revisions"}],"wp:featuredmedia":[{"embeddable":true,"href":"https:\/\/www.europesays.com\/sk\/wp-json\/wp\/v2\/media\/167024"}],"wp:attachment":[{"href":"https:\/\/www.europesays.com\/sk\/wp-json\/wp\/v2\/media?parent=167023"}],"wp:term":[{"taxonomy":"category","embeddable":true,"href":"https:\/\/www.europesays.com\/sk\/wp-json\/wp\/v2\/categories?post=167023"},{"taxonomy":"post_tag","embeddable":true,"href":"https:\/\/www.europesays.com\/sk\/wp-json\/wp\/v2\/tags?post=167023"}],"curies":[{"name":"wp","href":"https:\/\/api.w.org\/{rel}","templated":true}]}}