{"id":167027,"date":"2026-09-01T10:02:08","date_gmt":"2026-09-01T10:02:08","guid":{"rendered":"https:\/\/www.europesays.com\/sk\/167027\/"},"modified":"2026-09-01T10:02:08","modified_gmt":"2026-09-01T10:02:08","slug":"posledny-den-letneho-prestupoveho-okna-online-budeme-svedkami-najdrahsieho-transferu","status":"publish","type":"post","link":"https:\/\/www.europesays.com\/sk\/167027\/","title":{"rendered":"Posledn\u00fd de\u0148 letn\u00e9ho prestupov\u00e9ho okna ONLINE: Budeme svedkami najdrah\u0161ieho transferu?"},"content":{"rendered":"<p>\t<a href=\"https:\/\/sportky.zoznam.sk\/g\/493717\/posledny-den-letneho-prestupoveho-okna-online-budeme-svedkami-najdrahsieho-transferu?image=1194667\" title=\"Ilustra\u010dn\u00fd obr\u00e1zok - prestupy\" rel=\"nofollow noopener\" target=\"_blank\">\t\t\t<img decoding=\"async\" loading=\"lazy\" src=\"https:\/\/www.europesays.com\/sk\/wp-content\/uploads\/2026\/09\/prestup-futbalovy-prestup-futbalove-1194667.jpg\"  alt=\"Ilustra\u010dn\u00fd obr\u00e1zok - prestupy\"\/><\/a>Ilustra\u010dn\u00fd obr\u00e1zok &#8211; prestupy\t\t\t Zdroj: gettyimages.com\t\t\t\t<\/p>\n<p>\t\t\t<a class=\"box-article-author-image\"><br \/>\n\t\t\t\t<img decoding=\"async\" src=\"https:\/\/sportky.zoznam.sk\/static\/2019_default\/img\/author.svg\"\/><br \/>\n\t\t\t<\/a><\/p>\n<p class=\"perex\">BRATISLAVA &#8211; Nov\u00e1 sez\u00f3na ligov\u00e9ho ro\u010dn\u00edka 2026\/27 sa v eur\u00f3pskych s\u00fa\u0165a\u017eiach u\u017e naplno rozbehla, no fan\u00fa\u0161ikovia svojich klubov v niektor\u00fdch pr\u00edpadoch e\u0161te o\u010dak\u00e1vaj\u00fa podpis nov\u00fdch pos\u00edl. \t<\/p>\n<p>V tomto aktualizovanom \u010dl\u00e1nku si pribl\u00ed\u017eime z\u00e1vere\u010dn\u00e9 chv\u00edle prestupov\u00e9ho okna a pribl\u00ed\u017eime ti najseri\u00f3znej\u0161ie \u0161pekul\u00e1cie.<\/p>\n<p>&#13;<br \/>\n&#13;<\/p>\n<p>Ukrajinsk\u00fd reprezentant Mykhailo Mudryk, ktor\u00e9mu ned\u00e1vne rozhodnutie \u0160portov\u00e9ho arbitr\u00e1\u017eneho s\u00fadu umo\u017enilo vr\u00e1ti\u0165 sa k futbalu po dopingovej af\u00e9re, <a href=\"https:\/\/sportky.zoznam.sk\/c\/472123\/velky-navrat-dopingoveho-hriesnika-ukrajinec-opusta-chelsea-a-mieri-k-londynskemu-rivalovi\" target=\"_blank\" rel=\"nofollow noopener\">vymen\u00ed Chelsea za Tottenham Hotspur<\/a>.\u00a0Spurs sa dohodli na jeho pr\u00edchode na hos\u0165ovanie. Mudryk sa v t\u00edme stretne s tr\u00e9nerom Robertom De Zerbi, ktor\u00fd ho v minulosti tr\u00e9noval v \u0160achtare Doneck. Informovalo BBC Sport.<\/p>\n<p>&#13;<br \/>\n&#13;<\/p>\n<p>\u00a0<\/p>\n<p>&#13;<br \/>\n&#13;<\/p>\n<p>&#13;<\/p>\n<p dir=\"ltr\" lang=\"en\">\ud83d\udea8\u26aa\ufe0f BREAKING: Mykhaylo Mudryk to Tottenham, here we go! Everything agreed also on personal terms.<\/p>\n<p>Mudryk joins <a href=\"https:\/\/x.com\/hashtag\/THFC?src=hash&amp;ref_src=twsrc%5Etfw\" rel=\"nofollow\">#THFC<\/a> on paid loan and also understand there will be a \ud835\udc1b\ud835\udc2e\ud835\udc32 \ud835\udc28\ud835\udc29\ud835\udc2d\ud835\udc22\ud835\udc28\ud835\udc27 \ud835\udc1c\ud835\udc25\ud835\udc1a\ud835\udc2e\ud835\udc2c\ud835\udc1e not mandatory in the agreement.<\/p>\n<p>The Ukrainian will re-join De Zerbi. \ud83c\uddfa\ud83c\udde6 <a href=\"https:\/\/t.co\/4tEibnZVrw\" rel=\"nofollow\">pic.twitter.com\/4tEibnZVrw<\/a><\/p>\n<p>&#13;<br \/>\n\u2014 Fabrizio Romano (@FabrizioRomano) <a href=\"https:\/\/x.com\/FabrizioRomano\/status\/2094539961378697715?ref_src=twsrc%5Etfw\" rel=\"nofollow\">August 31, 2026<\/a><\/p>\n<p>&#13;<br \/>\n&#13;<\/p>\n<p>\u00a0<\/p>\n<p>&#13;<br \/>\n&#13;<\/p>\n<p>Mikel Arteta po dvoch v\u00ed\u0165azstv\u00e1ch z dvoch z\u00e1pasov v novej sez\u00f3ne Premier League op\u00e4\u0165 zameria svoju pozornos\u0165 na prestupov\u00fd trh. <a href=\"https:\/\/sportky.zoznam.sk\/c\/472107\/arteta-vytycil-arsenalu-na-posledny-den-prestupoveho-obdobia-jasny-ciel-do-vecera-sa-o-to-pokusime\" target=\"_blank\" rel=\"nofollow noopener\">Tr\u00e9ner Arsenalu chce privies\u0165 do t\u00edmu e\u0161te jedn\u00e9ho \u00fato\u010dn\u00edka<\/a>.<\/p>\n<p>&#13;<br \/>\n&#13;<\/p>\n<p>Anglick\u00fd futbalov\u00fd klub Everton FC sa sna\u017e\u00ed privies\u0165 z Monaka americk\u00e9ho \u00fato\u010dn\u00edka Folarina Baloguna. Pod\u013ea agent\u00fary AP pon\u00fakli \u201eToffees\u201c za 25-ro\u010dn\u00e9ho hr\u00e1\u010da pribli\u017ene 40 mili\u00f3nov libier (46,7 mili\u00f3na eur), ke\u010f\u017ee sa sna\u017eia posilni\u0165 svoj \u00fatok pred utorkovou uz\u00e1vierkou prestupov.<\/p>\n<p>&#13;<br \/>\n&#13;<\/p>\n<p>\u00a0<\/p>\n<p>&#13;<br \/>\n&#13;<\/p>\n<p>&#13;<\/p>\n<p dir=\"ltr\" lang=\"en\">\ud83d\udea8\ud83d\udd35 EXCLUSIVE: Everton agree personal terms with Folarin Balogun on four year deal with one year option, here we go! \ud83c\uddfa\ud83c\uddf8<\/p>\n<p>Club to club agreement done at \u20ac45m plus \u20ac5m add-ons and sell-on clause as revealed.<\/p>\n<p>USMNT striker authorized to travel for medical on Tuesday. <a href=\"https:\/\/x.com\/hashtag\/efc?src=hash&amp;ref_src=twsrc%5Etfw\" rel=\"nofollow\">#efc<\/a> <a href=\"https:\/\/t.co\/hZ2z6Yxjyk\" rel=\"nofollow\">pic.twitter.com\/hZ2z6Yxjyk<\/a><\/p>\n<p>&#13;<br \/>\n\u2014 Fabrizio Romano (@FabrizioRomano) <a href=\"https:\/\/x.com\/FabrizioRomano\/status\/2094561255683924087?ref_src=twsrc%5Etfw\" rel=\"nofollow\">August 31, 2026<\/a><\/p>\n<p>&#13;<br \/>\n&#13;<\/p>\n<p>\u00a0<\/p>\n<p>&#13;<br \/>\n&#13;<\/p>\n<p>Nemeck\u00fd futbalov\u00fd reprezentant<a href=\"https:\/\/sportky.zoznam.sk\/c\/472089\/na-slovensku-zaziaril-v-premier-league-neuspel-byvaly-dubravkov-spoluhrac-meni-dres\" target=\"_blank\" rel=\"nofollow noopener\"> Nick Woltemade by sa mal u\u017e po roku s\u0165ahova\u0165 z Newcastlu <\/a>United. Pod\u013ea talianskych m\u00e9di\u00ed by mal \u00eds\u0165 na hos\u0165ovanie do konca sez\u00f3ny do Juventusu Tur\u00edn.\u00a0Tuttosport informoval, \u017ee taliansky t\u00edm by mal za hos\u0165ovanie zaplati\u0165 p\u00e4\u0165 mili\u00f3nov eur bez opcie na trval\u00fd prestup.<\/p>\n<p>&#13;<br \/>\n&#13;<\/p>\n<p>\u00a0<\/p>\n<p>&#13;<br \/>\n&#13;<\/p>\n<p>&#13;<\/p>\n<p dir=\"ltr\" lang=\"en\">\ud83d\udea8\ud83d\udca3 BREAKING: Juventus reached verbal agreement with Newcastle to sign Nick Woltemade, here we go!<\/p>\n<p>Surprise move reported since last night has been agreed as Woltemade will become a Juventus player on Deadline Day.<\/p>\n<p>Loan fee worth \u00a33.5m to <a href=\"https:\/\/x.com\/hashtag\/NUFC?src=hash&amp;ref_src=twsrc%5Etfw\" rel=\"nofollow\">#NUFC<\/a>, no option or obligation to buy. <a href=\"https:\/\/t.co\/Y5q1kzcbnA\" rel=\"nofollow\">pic.twitter.com\/Y5q1kzcbnA<\/a><\/p>\n<p>&#13;<br \/>\n\u2014 Fabrizio Romano (@FabrizioRomano) <a href=\"https:\/\/x.com\/FabrizioRomano\/status\/2094497057994137646?ref_src=twsrc%5Etfw\" rel=\"nofollow\">August 31, 2026<\/a><\/p>\n<p>&#13;<br \/>\n&#13;<\/p>\n<p>\u00a0<\/p>\n<p>&#13;<br \/>\n&#13;<\/p>\n<p>Anglick\u00e9 futbalov\u00e9 kluby <a href=\"https:\/\/sportky.zoznam.sk\/c\/472081\/tottenham-prehral-po-domacom-stadione-aj-na-prestupovom-trhu-klenot-evertonu-ulovil-anglicky-gigant\" target=\"_blank\" rel=\"nofollow noopener\">Manchester City a Everton sa dohodli na prestupe <\/a>senegalsk\u00e9ho reprezentanta Ilimana Ndiayeho za pribli\u017ene 75 mili\u00f3nov eur aj s bonusmi.<\/p>\n<p>&#13;<br \/>\n&#13;<\/p>\n<p>Franc\u00fazsky futbalov\u00fd klub<a href=\"https:\/\/sportky.zoznam.sk\/c\/472083\/zasah-pri-uzavierke-prestupov-super-slovana-kupil-za-skvelu-sumu-najlepsieho-utocnika-ligy\" target=\"_blank\" rel=\"nofollow noopener\"> LOSC Lille z\u00edskal do svojich slu\u017eieb japonsk\u00e9ho reprezentanta<\/a> Ayaseho Uedu z Feyenoordu Rotterdam.\u00a0Jeden zo s\u00faperov Slovana Bratislava v hlavnej f\u00e1ze Ligy majstrov za jeho slu\u017eby zaplatil 15 mili\u00f3nov eur.<\/p>\n<p>&#13;<br \/>\n&#13;<\/p>\n<p>\u00a0<\/p>\n<p>&#13;<br \/>\n&#13;<\/p>\n<p>Kedy sa zatv\u00e1ra okno v eur\u00f3pskych top 5 lig\u00e1ch?<\/p>\n<p>Premier League \u2013 1. septembra 23:59<\/p>\n<p>La Liga \u2013 1. septembra 23:59<\/p>\n<p>Bundesliga \u2013 1. septembra 20:00<\/p>\n<p>Serie A \u2013 1. septembra 20:00<\/p>\n<p>Ligue 1 \u2013 1. septembra 20:00<\/p>\n<p>&#13;<br \/>\n&#13;<\/p>\n<p>\u00a0<\/p>\n<p>&#13;<\/p>\n<p>\t\t\tViac o t\u00e9me:<\/p>\n<p>\t\t\tAutor: \u00a9 Zoznam\/\t\t\tFOTO: X\/Fabrizio Romano\t\t\tZdroj: \u0160portky\t<\/p>\n<p><script async src=\"https:\/\/platform.twitter.com\/widgets.js\" charset=\"utf-8\"><\/script><\/p>\n","protected":false},"excerpt":{"rendered":"Ilustra\u010dn\u00fd obr\u00e1zok &#8211; prestupy Zdroj: gettyimages.com BRATISLAVA &#8211; Nov\u00e1 sez\u00f3na ligov\u00e9ho ro\u010dn\u00edka 2026\/27 sa v eur\u00f3pskych s\u00fa\u0165a\u017eiach u\u017e&hellip;\n","protected":false},"author":2,"featured_media":167028,"comment_status":"","ping_status":"","sticky":false,"template":"","format":"standard","meta":{"footnotes":"","_share_on_mastodon":"0"},"categories":[13],"tags":[5472,4689,2316,10990,3158,4240,4690,2022,2669,3143,2024,2226,2922,8330,2645,10985,2646,2921,5471,43,40,39,42,41,69,68,4334,7530],"class_list":["post-167027","post","type-post","status-publish","format-standard","has-post-thumbnail","category-sport","tag-ac-milano","tag-arsenal-fc","tag-atletico-madrid","tag-bayern-mnichov","tag-borussia-dortmund","tag-bundesliga","tag-chelsea-fc","tag-fc-barcelona","tag-inter-milano","tag-juventus-fc","tag-la-liga","tag-ligue-1","tag-liverpool-fc","tag-manchester-city","tag-manchester-united","tag-pariz-saint-germain","tag-premier-league","tag-real-madrid","tag-serie-a","tag-sk","tag-slovak","tag-slovakia","tag-slovencina","tag-slovensko","tag-sport","tag-sports","tag-ssc-neapol","tag-tottenham-hotspur"],"share_on_mastodon":{"url":"https:\/\/pubeurope.com\/@sk\/117195214059403979","error":""},"_links":{"self":[{"href":"https:\/\/www.europesays.com\/sk\/wp-json\/wp\/v2\/posts\/167027","targetHints":{"allow":["GET"]}}],"collection":[{"href":"https:\/\/www.europesays.com\/sk\/wp-json\/wp\/v2\/posts"}],"about":[{"href":"https:\/\/www.europesays.com\/sk\/wp-json\/wp\/v2\/types\/post"}],"author":[{"embeddable":true,"href":"https:\/\/www.europesays.com\/sk\/wp-json\/wp\/v2\/users\/2"}],"replies":[{"embeddable":true,"href":"https:\/\/www.europesays.com\/sk\/wp-json\/wp\/v2\/comments?post=167027"}],"version-history":[{"count":0,"href":"https:\/\/www.europesays.com\/sk\/wp-json\/wp\/v2\/posts\/167027\/revisions"}],"wp:featuredmedia":[{"embeddable":true,"href":"https:\/\/www.europesays.com\/sk\/wp-json\/wp\/v2\/media\/167028"}],"wp:attachment":[{"href":"https:\/\/www.europesays.com\/sk\/wp-json\/wp\/v2\/media?parent=167027"}],"wp:term":[{"taxonomy":"category","embeddable":true,"href":"https:\/\/www.europesays.com\/sk\/wp-json\/wp\/v2\/categories?post=167027"},{"taxonomy":"post_tag","embeddable":true,"href":"https:\/\/www.europesays.com\/sk\/wp-json\/wp\/v2\/tags?post=167027"}],"curies":[{"name":"wp","href":"https:\/\/api.w.org\/{rel}","templated":true}]}}