{"id":167035,"date":"2026-09-01T10:09:28","date_gmt":"2026-09-01T10:09:28","guid":{"rendered":"https:\/\/www.europesays.com\/sk\/167035\/"},"modified":"2026-09-01T10:09:28","modified_gmt":"2026-09-01T10:09:28","slug":"slovnaft-cup-sk-slovan-bratislava-proti-tj-slovan-chrenova","status":"publish","type":"post","link":"https:\/\/www.europesays.com\/sk\/167035\/","title":{"rendered":"Slovnaft Cup \/ \u0160K Slovan Bratislava proti TJ Slovan Chrenov\u00e1"},"content":{"rendered":"<p>Slovnaft Cup p\u00ed\u0161e pr\u00edbehy, ak\u00e9 nevymysl\u00ed \u017eiadny scen\u00e1rista. V stredu od 18.00 h za\u017eije \u0161tadi\u00f3n FC Nitra nev\u00eddan\u00e9 futbalov\u00e9 divadlo. Dom\u00e1ci \u0161iestoligista TJ Slovan Nitra-Chrenov\u00e1 priv\u00edta \u00faraduj\u00faceho majstra a \u010derstv\u00e9ho \u00fa\u010dastn\u00edka Ligy majstrov \u2013 Slovan Bratislava. Priepastn\u00fd rozdiel medzi oboma t\u00e1bormi pod\u010diarkuje pr\u00edtomnos\u0165 dom\u00e1cej legendy. Do z\u00e1pasu pl\u00e1nuje zasiahnu\u0165 aj b\u00fdval\u00fd reprezentant a hr\u00e1\u010d Plzne, Trnavy \u010di \u017diliny R\u00f3bert Je\u017e.<\/p>\n<p>Zatia\u013e \u010do zverenci Yayu Tour\u00e9ho \u017eij\u00fa svoj eur\u00f3psky sen a pripravuj\u00fa sa na najlep\u0161ie kluby Eur\u00f3py ako Par\u00ed\u017e Saint-Germain \u010di Inter Mil\u00e1no, v stredu ich \u010dak\u00e1 r\u00fddza slovensk\u00e1 poh\u00e1rov\u00e1 realita. V Slovnaft Cupe si zmeraj\u00fa sily s t\u00edmom a\u017e zo \u0161iestej najvy\u0161\u0161ej s\u00fa\u0165a\u017ee \u2013 TJ Slovan Chrenov\u00e1.<\/p>\n<p><a class=\"news-item-image\" target=\"_self\" href=\"https:\/\/sport.aktuality.sk\/futbal\/clanok\/slovnaft-cup-nitra-chrenova-vyzve-sk-slovan-bratislava-2026081310321918285\" rel=\"nofollow noopener\"><img alt=\"Slovan vyzve Slovan zo 6. ligy! Je to \u0161ialen\u00e9, znie z klubu. Odkaz pre Tour\u00e9ho a Weissa ml.\" src=\"data:image\/gif;base64,R0lGODlhAQABAIAAAAAAAP\/\/\/yH5BAEAAAAALAAAAAABAAEAAAIBRAA7\" decoding=\"async\" data-nimg=\"responsive\" class=\"side-article\" style=\"position:absolute;top:0;left:0;bottom:0;right:0;box-sizing:border-box;padding:0;border:none;margin:auto;display:block;width:0;height:0;min-width:100%;max-width:100%;min-height:100%;max-height:100%\"\/><img alt=\"Slovan vyzve Slovan zo 6. ligy! Je to \u0161ialen\u00e9, znie z klubu. Odkaz pre Tour\u00e9ho a Weissa ml.\" src=\"https:\/\/www.europesays.com\/sk\/wp-content\/uploads\/2026\/09\/f4aa4b5a-a894-47d5-aa4d-930404ea4d49.png\" decoding=\"async\" data-nimg=\"responsive\" style=\"position:absolute;top:0;left:0;bottom:0;right:0;box-sizing:border-box;padding:0;border:none;margin:auto;display:block;width:0;height:0;min-width:100%;max-width:100%;min-height:100%;max-height:100%\" class=\"side-article\" loading=\"lazy\"\/><\/a><\/p>\n<p class=\"news-item-description\">Slovnaft Cup op\u00e4\u0165 raz p\u00ed\u0161e pr\u00edbehy, ktor\u00e9 dv\u00edhaj\u00fa fan\u00fa\u0161ikov zo sedadiel. \u017dreb 2. kola spojil absol\u00fatneho trpasl\u00edka s gigantom \u2013 \u0161iestoligov\u00fd klub TJ Slovan Nitra-Chrenov\u00e1 priv\u00edta \u00faraduj\u00faceho majstra \u0160K Slovan Bratislava. Z\u00e1pas, ktor\u00fd vyvolal v meste pod Zoborom euf\u00f3riu, sa v\u0161ak v p\u00f4vodnom term\u00edne neodohr\u00e1. Belas\u00ed toti\u017e v rovnak\u00fd de\u0148 zv\u00e1dzaj\u00fa k\u013e\u00fa\u010dov\u00fa bitku o Ligu majstrov. Pre \u0160PORT.sk prehovoril asistent tr\u00e9nera a \u010dlen v\u00fdboru chrenovsk\u00e9ho klubu, ktor\u00fd odkryl z\u00e1kulisie tejto historickej udalosti.<\/p>\n<p>Tr\u00e9ner poru\u0161il dohodu, smeje sa Je\u017e<\/p>\n<p>Pre Chrenov\u00fa ide o absol\u00fatny sviatok. Hoci cez v\u00edkend v 6. lige amat\u00e9ri z nitrianskeho s\u00eddliska tesne pod\u013eahli C-t\u00edmu ViOn-u 1:2, v stredu p\u00f4jde liga bokom. Najv\u00e4\u010d\u0161ou hviezdou dom\u00e1ceho v\u00fdberu je bezpochyby 45-ro\u010dn\u00fd R\u00f3bert Je\u017e.<\/p>\n<p>B\u00fdval\u00fd stredopoliar s bohat\u00fdmi sk\u00fasenos\u0165ami z po\u013eskej Ekstraklasy \u010di \u010deskej Viktorie Plze\u0148 cez v\u00edkend uk\u00e1zal, \u017ee to v nohe st\u00e1le m\u00e1 \u2013 ako striedaj\u00faci hr\u00e1\u010d strelil jedin\u00fd g\u00f3l svojho t\u00edmu. Hoci pravidelne za \u0161iestoligistu nehr\u00e1va, proti Slovanu Bratislava je pripraven\u00fd vybehn\u00fa\u0165 na tr\u00e1vnik, hoci minut\u00e1\u017e nech\u00e1va na tr\u00e9nera.<\/p>\n<p>\u201eTr\u00e9ner aj tak poru\u0161il dohodu. Povedal som mu, \u017ee budem nastupova\u0165 od 70. min\u00faty, a teraz ma tam pustil u\u017e od 60. min\u00faty,\u201c reagoval s \u00fasmevom R\u00f3bert Je\u017e pre <a target=\"_self\" class=\"editor-link\" href=\"https:\/\/sport.aktuality.sk\/\" rel=\"nofollow noopener\">\u0160PORT.sk<\/a> na ot\u00e1zku, \u010di ho uvid\u00edme v z\u00e1kladnej zostave.<\/p>\n<p>\u201eNie, chlapci, ktor\u00ed chodia pravidelne na tr\u00e9ningy a nastupuj\u00fa do z\u00e1pasov, by mali dosta\u0165 \u0161ancu. Ja si idem zahra\u0165 len vtedy, ke\u010f m\u00f4\u017eem, a aj tak u\u017e dlh\u0161ie nevydr\u017e\u00edm. Ka\u017ed\u00e1 min\u00fatka pre m\u0148a bude pekn\u00e1, ale nech hraj\u00fa t\u00ed, \u010do tr\u00e9nuj\u00fa a hraj\u00fa z\u00e1pasy pravidelne,\u201c dodal \u0161portovo b\u00fdval\u00fd reprezentant Je\u017e.<\/p>\n<p class=\"cifra\">R\u00f3bert Je\u017e<\/p>\n<p>R\u00f3bert Je\u017e reprezentoval Slovensko v seniorskom futbale. V n\u00e1rodnom t\u00edme odohral v rokoch 2007 a\u017e 2012 celkovo 9 z\u00e1pasov, v ktor\u00fdch strelil 3 g\u00f3ly. Na klubovej \u00farovni sa zap\u00edsal do pam\u00e4ti fan\u00fa\u0161ikov najm\u00e4 ako kapit\u00e1n t\u00edmu M\u0160K \u017dilina, ktor\u00fd v sez\u00f3ne 2010\/2011 \u00faspe\u0161ne doviedol do skupinovej f\u00e1zy Ligy majstrov. Po\u010das svojej \u00faspe\u0161nej kari\u00e9ry p\u00f4sobil aj v \u010deskej a po\u013eskej lige. Profesion\u00e1lnu kari\u00e9ru ukon\u010dil v roku 2016 pre pretrv\u00e1vaj\u00face zdravotn\u00e9 probl\u00e9my s platni\u010dkou. Aktu\u00e1lne hr\u00e1 futbal len na amat\u00e9rskej \u00farovni, aj to iba ob\u010das. P\u00f4sob\u00ed toti\u017e ako konate\u013e a gener\u00e1lny mana\u017e\u00e9r druholigov\u00e9ho futbalov\u00e9ho klubu FK Pohronie.<\/p>\n<\/p>\n<p>Pre klub z ni\u017e\u0161ej s\u00fa\u0165a\u017ee ide o jednozna\u010dne najv\u00e4\u010d\u0161iu udalos\u0165 v hist\u00f3rii. Uvedomuje si to cel\u00e1 kab\u00edna, ktor\u00e1 o\u010dak\u00e1va obrovsk\u00fa \u0161kolu futbalu. \u201eJe to najv\u00e4\u010d\u0161\u00ed z\u00e1pas v hist\u00f3rii cel\u00e9ho klubu, tak\u017ee sa te\u0161\u00edme v\u0161etci. Samozrejme, na ihrisku n\u00e1s t\u00fdch 90 min\u00fat alebo 90 plus bude asi bolie\u0165. Ide v\u0161ak o to, \u017ee ako dom\u00e1ci t\u00edm priv\u00edtame moment\u00e1lne najlep\u0161ie mu\u017estvo na Slovensku, ktor\u00e9 sa prebojovalo do Ligy majstrov. Znie to a\u017e neskuto\u010dne! Pre cel\u00fd klub je to obrovsk\u00fd z\u00e1\u017eitok,\u201c neskr\u00fdva nad\u0161enie Je\u017e.<\/p>\n<p style=\"text-align:center\">VIDEO: R\u00f3bert Je\u017e pred z\u00e1pasom so Slovanom Bratislava<\/p>\n<p>Slovan po facke z ligy? Veria v pr\u00edchod hviezd aj Tour\u00e9ho<\/p>\n<p>Slovan Bratislava cez v\u00edkend zakopol doma s Michalovcami, ktor\u00fdm po postupe do hlavnej f\u00e1zy milion\u00e1rskej s\u00fa\u0165a\u017ee pod\u013eahol tesne 1:2. Na ot\u00e1zku, \u010di bud\u00fa belas\u00ed po ligovej prehre e\u0161te viac hr\u00fdz\u0165 a jazdi\u0165 po zadku, odpoved\u00e1 nitriansky rod\u00e1k realisticky.<\/p>\n<p>\u201eNemysl\u00edm si, \u017ee to bude ma\u0165 nejak\u00fd vplyv. Ja s\u00e1m som zvedav\u00fd, ktor\u00ed hr\u00e1\u010di proti n\u00e1m vybehn\u00fa. Ur\u010dite nenast\u00fapia v najsilnej\u0161ej zostave, to si klama\u0165 nebudeme. Boli by sme v\u0161ak radi, keby aspo\u0148 na lavi\u010dke alebo na p\u00e1r min\u00fat vybehli tie najv\u00e4\u010d\u0161ie hviezdy, ktor\u00e9 Slovan m\u00e1,\u201c \u017eel\u00e1 si opora Chrenovej.<\/p>\n<p>Okrem samotn\u00fdch hr\u00e1\u010dov na \u010dele s Andra\u017eom \u0160porarom \u010di Tigranom Barseghjanom je obrovsk\u00fdm magnetom pre cel\u00fa Nitru nov\u00fd kormideln\u00edk host\u00ed. \u201eVe\u013ek\u00fdm l\u00e1kadlom je aj tr\u00e9ner Yaya Tour\u00e9. Je to ve\u013ek\u00e1 osobnos\u0165 svetov\u00e9ho futbalu, vyhral Ligu majstrov, za\u017eil obrovsk\u00e9 z\u00e1pasy za Barcelonu \u010di Manchester City. U\u017e len vidie\u0165 ho takto na\u017eivo bude pre \u013eud\u00ed, ktor\u00ed pr\u00eddu na \u0161tadi\u00f3n, obrovsk\u00fd z\u00e1\u017eitok,\u201c mysl\u00ed si Je\u017e.<\/p>\n<p><a class=\"news-item-image\" target=\"_self\" href=\"https:\/\/sport.aktuality.sk\/futbal\/clanok\/slovnaft-cup-tj-slovan-chrenova-vyzve-sk-slovan-bratislava-2026082111461947422\" rel=\"nofollow noopener\"><img alt=\"U\u010dite\u013e \u010di policajt proti Lige majstrov! Kapit\u00e1n Chrenovej: Po pr\u00e1ci ideme na Barseghjana\" src=\"data:image\/gif;base64,R0lGODlhAQABAIAAAAAAAP\/\/\/yH5BAEAAAAALAAAAAABAAEAAAIBRAA7\" decoding=\"async\" data-nimg=\"responsive\" class=\"side-article\" style=\"position:absolute;top:0;left:0;bottom:0;right:0;box-sizing:border-box;padding:0;border:none;margin:auto;display:block;width:0;height:0;min-width:100%;max-width:100%;min-height:100%;max-height:100%\"\/><img alt=\"U\u010dite\u013e \u010di policajt proti Lige majstrov! Kapit\u00e1n Chrenovej: Po pr\u00e1ci ideme na Barseghjana\" src=\"https:\/\/www.europesays.com\/sk\/wp-content\/uploads\/2026\/09\/489cf43a-a9e6-4a32-a198-c5b541646b8a.png\" decoding=\"async\" data-nimg=\"responsive\" style=\"position:absolute;top:0;left:0;bottom:0;right:0;box-sizing:border-box;padding:0;border:none;margin:auto;display:block;width:0;height:0;min-width:100%;max-width:100%;min-height:100%;max-height:100%\" class=\"side-article\" loading=\"lazy\"\/><\/a><\/p>\n<p class=\"news-item-description\">Slovnaft Cup p\u00ed\u0161e pr\u00edbehy, ktor\u00e9 by nevymyslel ani ten najlep\u0161\u00ed hollywoodsky scen\u00e1rista. Dedinsk\u00fd futbalov\u00fd o\u0161ia\u013e v Nitre naber\u00e1 re\u00e1lne kont\u00fary. U\u017e je definit\u00edvne spe\u010daten\u00e9, \u017ee historick\u00fd s\u00faboj TJ Slovan Nitra-Chrenov\u00e1 proti \u00faraduj\u00facemu majstrovi \u0160K Slovan Bratislava sa odohr\u00e1 2. septembra o 18.00 h na hlavnom \u0161tadi\u00f3ne pod Zoborom (FC Nitra). O tom, ako pre\u017e\u00edvaj\u00fa z\u00e1pas storo\u010dia amat\u00e9ri zo 6. ligy, sme sa porozpr\u00e1vali s kapit\u00e1nom t\u00edmu Patrikom Sailerom.<\/p>\n<p>Na men\u0161om \u0161tadi\u00f3ne by to ne\u0161lo<\/p>\n<p>Z\u00e1pas sa z organiza\u010dn\u00fdch a bezpe\u010dnostn\u00fdch d\u00f4vodov nem\u00f4\u017ee odohra\u0165 na ihrisku v Chrenovej. S\u00faboj storo\u010dia sa preto pres\u00fava pod Zobor, na hlavn\u00fd \u0161tadi\u00f3n FC Nitra. Hoci Chrenov\u010danov trochu mrz\u00ed strata dom\u00e1ceho prostredia, presun na ligov\u00fd \u0161tadi\u00f3n m\u00e1 obrovsk\u00e9 plus. O\u010dak\u00e1va sa kulisa, ak\u00e1 sa v 6. lige len tak nevid\u00ed \u2013 v h\u013eadisku by malo sedie\u0165 minim\u00e1lne 3 000 div\u00e1kov.<\/p>\n<p>\u201eTrochu n\u00e1s m\u00f4\u017ee mrzie\u0165, \u017ee sa to nehr\u00e1 u n\u00e1s doma na na\u0161om ihrisku. Organiza\u010dne sa to v\u0161ak nedalo spravi\u0165. To, \u017ee hr\u00e1me na FC Nitra, je super a v\u010faka tomu m\u00f4\u017ee pr\u00eds\u0165 ove\u013ea viac \u013eud\u00ed,\u201c uzatv\u00e1ra R\u00f3bert Je\u017e pred stredaj\u0161\u00edm futbalov\u00fdm sviatkom, ktor\u00fd bude sledova\u0165 cel\u00e9 Slovensko.<\/p>\n<p class=\"cifra\">Program Slovnaft Cupu (streda o 16.30 h)<\/p>\n<p>\u0160K Tom\u00e1\u0161ov \u2013 FK Inter Bratislava (utorok)<\/p>\n<p>TJD Pr\u00edbelce \u2013 FK Pohronie \u017diar nad Hronom Doln\u00e1 \u017dda\u0148a<\/p>\n<p>Partiz\u00e1n Bardejov B\u0160K \u2013 MFK Vranov nad Top\u013eou<\/p>\n<p>M\u0160K Tesla Stropkov \u2013 FK Humenn\u00e9<\/p>\n<p>TJ Tatran Oravsk\u00e9 Vesel\u00e9 \u2013 M\u0160K Pova\u017esk\u00e1 Bystrica<\/p>\n<p>FKM Nov\u00e9 Z\u00e1mky \u2013 FC Petr\u017ealka<\/p>\n<p>\u0160K Sv\u00e4t\u00fd Jur \u2013 OFK Dunajsk\u00e1 Lu\u017en\u00e1<\/p>\n<p>TJ Kostoln\u00e9 Kra\u010dany \u2013 FK Slovan Duslo \u0160a\u013ea<\/p>\n<p>PFK Pie\u0161\u0165any \u2013 FK Belu\u0161a<\/p>\n<p>M\u0160K P\u00fachov \u2013 FC Spartak Trnava<\/p>\n<p>TJ Slavoj Boler\u00e1z \u2013 \u0160K \u0160opor\u0148a<\/p>\n<p>M\u0160K FOMAT Martin \u2013 MFK Skalica<\/p>\n<p>TJ Tatran Kr\u00e1sno nad Kysucou \u2013 AS Tren\u010d\u00edn<\/p>\n<p>M\u0160K Kysuck\u00e9 Nov\u00e9 Mesto \u2013 FK \u010cadca<\/p>\n<p>FK Brezno \u2013 MFK Zvolen<\/p>\n<p>FTC Fi\u013eakovo \u2013 MFK Dukla Bansk\u00e1 Bystrica<\/p>\n<p>FC Lokomot\u00edva Ko\u0161ice \u2013 Sl\u00e1via TU Ko\u0161ice<\/p>\n<p>\u0160K Harichovce \u2013 FC Ko\u0161ice<\/p>\n<p>TJ Slovan Nitra-Chrenov\u00e1 \u2013 \u0160K Slovan Bratislava (18.00)<\/p>\n<p>FK Poprad \u2013 MFK Ru\u017eomberok (18.00)<\/p>\n<p>FK Slovan Kendice \u2013 FC Tatran Pre\u0161ov (18.00)<\/p><\/p>\n","protected":false},"excerpt":{"rendered":"Slovnaft Cup p\u00ed\u0161e pr\u00edbehy, ak\u00e9 nevymysl\u00ed \u017eiadny scen\u00e1rista. V stredu od 18.00 h za\u017eije \u0161tadi\u00f3n FC Nitra nev\u00eddan\u00e9&hellip;\n","protected":false},"author":2,"featured_media":167036,"comment_status":"","ping_status":"","sticky":false,"template":"","format":"standard","meta":{"footnotes":"","_share_on_mastodon":"0"},"categories":[21],"tags":[136,9840,2669,10985,43,152,40,39,42,41,823,780],"class_list":["post-167035","post","type-post","status-publish","format-standard","has-post-thumbnail","category-bratislava","tag-bratislava","tag-dedinsky-futbal","tag-inter-milano","tag-pariz-saint-germain","tag-sk","tag-sk-slovan-bratislava","tag-slovak","tag-slovakia","tag-slovencina","tag-slovensko","tag-slovensky-pohar","tag-slovnaft-cup"],"share_on_mastodon":{"url":"https:\/\/pubeurope.com\/@sk\/117195241381604403","error":""},"_links":{"self":[{"href":"https:\/\/www.europesays.com\/sk\/wp-json\/wp\/v2\/posts\/167035","targetHints":{"allow":["GET"]}}],"collection":[{"href":"https:\/\/www.europesays.com\/sk\/wp-json\/wp\/v2\/posts"}],"about":[{"href":"https:\/\/www.europesays.com\/sk\/wp-json\/wp\/v2\/types\/post"}],"author":[{"embeddable":true,"href":"https:\/\/www.europesays.com\/sk\/wp-json\/wp\/v2\/users\/2"}],"replies":[{"embeddable":true,"href":"https:\/\/www.europesays.com\/sk\/wp-json\/wp\/v2\/comments?post=167035"}],"version-history":[{"count":0,"href":"https:\/\/www.europesays.com\/sk\/wp-json\/wp\/v2\/posts\/167035\/revisions"}],"wp:featuredmedia":[{"embeddable":true,"href":"https:\/\/www.europesays.com\/sk\/wp-json\/wp\/v2\/media\/167036"}],"wp:attachment":[{"href":"https:\/\/www.europesays.com\/sk\/wp-json\/wp\/v2\/media?parent=167035"}],"wp:term":[{"taxonomy":"category","embeddable":true,"href":"https:\/\/www.europesays.com\/sk\/wp-json\/wp\/v2\/categories?post=167035"},{"taxonomy":"post_tag","embeddable":true,"href":"https:\/\/www.europesays.com\/sk\/wp-json\/wp\/v2\/tags?post=167035"}],"curies":[{"name":"wp","href":"https:\/\/api.w.org\/{rel}","templated":true}]}}