{"id":167159,"date":"2026-09-01T12:12:18","date_gmt":"2026-09-01T12:12:18","guid":{"rendered":"https:\/\/www.europesays.com\/sk\/167159\/"},"modified":"2026-09-01T12:12:18","modified_gmt":"2026-09-01T12:12:18","slug":"v-ziline-zostrelili-profesionalny-dron-kym-bude-v-servise-pilot-nemoze-pracovat","status":"publish","type":"post","link":"https:\/\/www.europesays.com\/sk\/167159\/","title":{"rendered":"V \u017diline zostrelili profesion\u00e1lny dron. K\u00fdm bude v servise, pilot nem\u00f4\u017ee pracova\u0165"},"content":{"rendered":"<p class=\"article-perex\" itemprop=\"description\" style=\"font-weight: bold; font-style: italic;\">&#13;<br \/>\n                                                            Pilot pri\u0161iel o pracovn\u00fd dron po\u010das merania stavby v \u017diline. Zariadenie po z\u00e1sahu vzduchovkou skon\u010dilo mimo prev\u00e1dzky a vznikla na \u0148om vysok\u00e1 \u0161koda.                                                        <\/p>\n<p>Drony dnes \u013eudia pou\u017e\u00edvaj\u00fa pri pr\u00e1ci, z\u00e1chrann\u00fdch akci\u00e1ch, p\u00e1tran\u00ed po nezvestn\u00fdch \u010di straten\u00fdch zvierat\u00e1ch, ale aj pri dokumentovan\u00ed stavieb a historick\u00fdch objektov. Nie ka\u017ed\u00e9mu v\u0161ak ich pr\u00edtomnos\u0165 vyhovuje. \u010cas\u0165 \u013eud\u00ed ich vn\u00edma ako z\u00e1sah do s\u00fakromia a v \u017diline teraz nevra\u017eivos\u0165 vo\u010di dronom za\u0161la poriadne \u010faleko.<\/p>\n<p>Pilot z firmy \u0161pecializuj\u00facej sa na 3D skenovanie dronmi, ktor\u00fd vykon\u00e1val odborn\u00e9 meranie na stavbe, pri\u0161iel o mo\u017enos\u0165 pokra\u010dova\u0165 v pr\u00e1ci po tom, ako mu niekto dron zostrelil vzduchovkou. Zariadenie bolo po\u0161koden\u00e9, skon\u010dilo mimo prev\u00e1dzky a majite\u013eovi vznikla vysok\u00e1 \u0161koda.<\/p>\n<p>K incidentu do\u0161lo priamo v \u017diline. Pilot sa nach\u00e1dzal na pozemku stavby, kde vykon\u00e1val skenovanie a zameranie pre potreby subdod\u00e1vate\u013ea. Pri tomto type pr\u00e1ce mus\u00ed dron preletie\u0165 aj ponad okolie, aby dok\u00e1zal presne nasn\u00edma\u0165 priestor. <\/p>\n<p>Po\u010das letu sa na kr\u00e1tky \u010das dostal aj nad susedn\u00fd pozemok. Pilot ho zastavil pri strome, ktor\u00fd potreboval obletie\u0165 manu\u00e1lne. K\u00fdm stihol nastavenie zmeni\u0165 a dron privola\u0165 sp\u00e4\u0165, zariadenie za\u010dalo hl\u00e1si\u0165 chyby senzorov.<\/p>\n<p>Najsk\u00f4r nerozumel, \u010do sa stalo, no po prist\u00e1t\u00ed dostal odpove\u010f ve\u013emi r\u00fdchlo. Zo spodnej strany dronu vytiahol takzvan\u00fa diabolku, teda n\u00e1boj do vzduchovky. Sused z ved\u013eaj\u0161ieho pozemku sa na\u0148 rozhodol <a href=\"https:\/\/www.zilinak.sk\/temy\/strelba\" class=\"link-tag\" style=\"\" rel=\"nofollow noopener\" target=\"_blank\">strie\u013ea\u0165<\/a>. Dron bol v\u0161ak nad cudz\u00edm pozemkom len ve\u013emi kr\u00e1tko, preto si pilot mysl\u00ed, \u017ee strelec bol na\u0148 pripraven\u00fd.<\/p>\n<p>Na susednom pozemku v\u0161ak pred za\u010dat\u00edm pr\u00e1c nikoho nevidel. Dodal, \u017ee ak s\u00fa v okol\u00ed \u013eudia, zvykne ich vopred upozorni\u0165, \u017ee bude lieta\u0165. Tvrd\u00ed tie\u017e, \u017ee splnil v\u0161etky povinnosti, ktor\u00e9 mu pri takejto prev\u00e1dzke ukladaj\u00fa pravidl\u00e1.<\/p>\n<p><br id=\"br-wrap-gam-zilinak-in-content\"\/>Sused nepo\u0161kodil be\u017en\u00fa hra\u010dku, pom\u00e1ha aj dobrovo\u013en\u00edkom<\/p>\n<p>Po\u0161koden\u00e9 zariadenie nie je be\u017en\u00fdm rekrea\u010dn\u00fdm dronom. Je vybaven\u00e9 RTK modulom, teda technol\u00f3giou, ktor\u00e1 umo\u017e\u0148uje ur\u010dova\u0165 jeho polohu s ove\u013ea vy\u0161\u0161ou presnos\u0165ou ne\u017e be\u017en\u00e1 GPS navig\u00e1cia. V\u010faka tomu dok\u00e1\u017ee pri meran\u00ed zachyt\u00e1va\u0165 polohu jednotliv\u00fdch bodov ve\u013emi presne a vytv\u00e1ra\u0165 detailn\u00e9 3D modely objektov \u010di ter\u00e9nu.<\/p>\n<p>Tak\u00e9to vybavenie sa vyu\u017e\u00edva najm\u00e4 pri geodetick\u00fdch meraniach, dokumentovan\u00ed stavieb alebo historick\u00fdch <a href=\"https:\/\/www.zilinak.sk\/temy\/ministerstvo-kultury\" class=\"link-tag\" style=\"\" rel=\"nofollow noopener\" target=\"_blank\">pamiatok<\/a>. Aj pilot, ktor\u00fd kontaktoval na\u0161u redakciu, ho pou\u017e\u00edva pr\u00e1ve na tento typ pr\u00e1ce. <a href=\"https:\/\/www.zilinak.sk\/temy\/rekonstrukcia\" class=\"link-tag\" style=\"\" rel=\"nofollow noopener\" target=\"_blank\">Oprava<\/a> ho bude st\u00e1\u0165 najmenej nieko\u013eko stoviek, mo\u017eno aj tis\u00edcok eur.<\/p>\n<p>To v\u0161ak nie je cel\u00e1 \u0161koda, ktor\u00fa mu strelec sp\u00f4sobil. K\u00fdm sa dron nevr\u00e1ti zo servisu, nem\u00f4\u017ee s n\u00edm pokra\u010dova\u0165 v z\u00e1kazk\u00e1ch ani v \u010fal\u0161\u00edch odborn\u00fdch meraniach, \u010d\u00edm pr\u00edde o \u010fal\u0161ie <a href=\"https:\/\/www.zilinak.sk\/temy\/financie\" class=\"link-tag\" style=\"\" rel=\"nofollow noopener\" target=\"_blank\">peniaze<\/a>.<\/p>\n<p>Okrem toho zvykne s dronom pom\u00e1ha\u0165 aj dobrovo\u013en\u00edkom. \u201ePr\u00e1ve pr\u00e1ce, pri akej do\u0161lo k incidentu mi moment\u00e1lne dotuj\u00fa aj merania u\u017e na troch <a href=\"https:\/\/www.zilinak.sk\/temy\/hrady-a-zamky\" class=\"link-tag\" style=\"\" rel=\"nofollow noopener\" target=\"_blank\">hradoch<\/a> v \u017eilinskom kraji s ktor\u00fdmi spolupracujem, za ktor\u00e9 by inak <a href=\"https:\/\/www.zilinak.sk\/temy\/obcianske-zdruzenia\" class=\"link-tag\" style=\"\" rel=\"nofollow noopener\" target=\"_blank\">zdru\u017eenia<\/a> museli plati\u0165 drah\u00e9 sumy,\u201c vysvetlil pilot.<\/p>\n<p>Incident okam\u017eite ozn\u00e1mil pol\u00edcii. Ke\u010f\u017ee \u0161koda nie je zanedbate\u013en\u00e1 a zariadenie je do\u010dasne nepou\u017eite\u013en\u00e9, pr\u00edpad bude \u010falej rie\u0161i\u0165.<\/p>\n<p><br id=\"br-wrap-gam-zilinak-after-content\"\/>Drony nem\u00f4\u017eete zostreli\u0165 ani nad vlastn\u00fdm pozemkom<\/p>\n<p>Podobn\u00e9 <a href=\"https:\/\/www.zilinak.sk\/temy\/konflikt\" class=\"link-tag\" style=\"\" rel=\"nofollow noopener\" target=\"_blank\">konflikty<\/a> prib\u00fadaj\u00fa aj preto, \u017ee \u010das\u0165 \u013eud\u00ed m\u00e1 pocit, \u017ee dron nad ich pozemkom automaticky znamen\u00e1 poru\u0161enie s\u00fakromia. Prelet nad s\u00fakromn\u00fdm pozemkom v\u0161ak nemus\u00ed by\u0165 nez\u00e1konn\u00fd a majite\u013e pozemku nem\u00e1 pr\u00e1vo zariadenie svojvo\u013ene po\u0161kodi\u0165.<\/p>\n<p>Ak m\u00e1 niekto podozrenie, \u017ee dron sleduje jeho dvor, okn\u00e1, nar\u00fa\u0161a s\u00fakromie, bezpe\u010dnos\u0165 alebo poru\u0161uje pravidl\u00e1, m\u00f4\u017ee situ\u00e1ciu zdokumentova\u0165 a obr\u00e1ti\u0165 sa na pol\u00edciu \u010di pr\u00edslu\u0161n\u00e9 \u00farady.<\/p>\n<p>Leg\u00e1lnym postupom je dron odfoti\u0165 alebo nato\u010di\u0165, zaznamena\u0165 \u010das a miesto, pr\u00edpadne sa pok\u00fasi\u0165 n\u00e1js\u0165 pilota. Strie\u013ea\u0165 po zariaden\u00ed, h\u00e1dza\u0165 po \u0148om predmety alebo ho inak \u00famyselne po\u0161kodzova\u0165 v\u0161ak m\u00f4\u017ee ma\u0165 pr\u00e1vne n\u00e1sledky.<\/p>\n<p>V \u017eilinskom pr\u00edpade navy\u0161e sused neu\u0161kodil niekomu, kto by si nad cudz\u00edm pozemkom lietal pre z\u00e1bavu. Pilot vykon\u00e1val pracovn\u00e9 meranie a kr\u00e1tky prelet nad okol\u00edm bol s\u00fa\u010das\u0165ou skenovania stavby. Namiesto upozornenia \u010di pokusu o dohodu v\u0161ak pri\u0161iel v\u00fdstrel.<\/p>\n<p>                        <\/p>\n","protected":false},"excerpt":{"rendered":"&#13; Pilot pri\u0161iel o pracovn\u00fd dron po\u010das merania stavby v \u017diline. Zariadenie po z\u00e1sahu vzduchovkou skon\u010dilo mimo prev\u00e1dzky&hellip;\n","protected":false},"author":2,"featured_media":167160,"comment_status":"","ping_status":"","sticky":false,"template":"","format":"standard","meta":{"footnotes":"","_share_on_mastodon":"0"},"categories":[6],"tags":[761,1870,762,764,535,760,763,453,525,43,40,44,39,42,45,41,766,765,1871,302],"class_list":["post-167159","post","type-post","status-publish","format-standard","has-post-thumbnail","category-slovensko","tag-drogy","tag-krimi-zilina","tag-lupez","tag-naka","tag-nehoda","tag-nehody","tag-pachatel","tag-patranie","tag-policia","tag-sk","tag-slovak","tag-slovak-republic","tag-slovakia","tag-slovencina","tag-slovenska-republika","tag-slovensko","tag-vrazda","tag-zadrzanie","tag-zilinske-krimi","tag-zlodeji"],"share_on_mastodon":{"url":"https:\/\/pubeurope.com\/@sk\/117195725217886439","error":""},"_links":{"self":[{"href":"https:\/\/www.europesays.com\/sk\/wp-json\/wp\/v2\/posts\/167159","targetHints":{"allow":["GET"]}}],"collection":[{"href":"https:\/\/www.europesays.com\/sk\/wp-json\/wp\/v2\/posts"}],"about":[{"href":"https:\/\/www.europesays.com\/sk\/wp-json\/wp\/v2\/types\/post"}],"author":[{"embeddable":true,"href":"https:\/\/www.europesays.com\/sk\/wp-json\/wp\/v2\/users\/2"}],"replies":[{"embeddable":true,"href":"https:\/\/www.europesays.com\/sk\/wp-json\/wp\/v2\/comments?post=167159"}],"version-history":[{"count":0,"href":"https:\/\/www.europesays.com\/sk\/wp-json\/wp\/v2\/posts\/167159\/revisions"}],"wp:featuredmedia":[{"embeddable":true,"href":"https:\/\/www.europesays.com\/sk\/wp-json\/wp\/v2\/media\/167160"}],"wp:attachment":[{"href":"https:\/\/www.europesays.com\/sk\/wp-json\/wp\/v2\/media?parent=167159"}],"wp:term":[{"taxonomy":"category","embeddable":true,"href":"https:\/\/www.europesays.com\/sk\/wp-json\/wp\/v2\/categories?post=167159"},{"taxonomy":"post_tag","embeddable":true,"href":"https:\/\/www.europesays.com\/sk\/wp-json\/wp\/v2\/tags?post=167159"}],"curies":[{"name":"wp","href":"https:\/\/api.w.org\/{rel}","templated":true}]}}