{"id":167165,"date":"2026-09-01T12:15:08","date_gmt":"2026-09-01T12:15:08","guid":{"rendered":"https:\/\/www.europesays.com\/sk\/167165\/"},"modified":"2026-09-01T12:15:08","modified_gmt":"2026-09-01T12:15:08","slug":"bratislava-maskovani-lupici-so-zbranou-prepadli-stanok-na-panonskej","status":"publish","type":"post","link":"https:\/\/www.europesays.com\/sk\/167165\/","title":{"rendered":"Bratislava: Maskovan\u00ed lupi\u010di so zbra\u0148ou prepadli st\u00e1nok na Pan\u00f3nskej"},"content":{"rendered":"<p class=\"article-perex\" itemprop=\"description\" style=\"font-weight: bold; font-style: italic;\">&#13;<br \/>\n                                                            Dvaja maskovan\u00ed mu\u017ei prepadli st\u00e1nok s ob\u010derstven\u00edm na Pan\u00f3nskej ceste v Bratislave a pod hrozbou zbrane si odniesli pribli\u017ene 700 eur.                                                        <\/p>\n<p><a href=\"https:\/\/www.bratislavak.sk\/temy\/vlamacka\" class=\"link-tag\" style=\"\" rel=\"nofollow noopener\" target=\"_blank\">Pol\u00edcia<\/a> vy\u0161etruje l\u00fape\u017en\u00e9 prepadnutie st\u00e1nku s r\u00fdchlym ob\u010derstven\u00edm na Pan\u00f3nskej ceste v Bratislave. Dvaja maskovan\u00ed mu\u017ei mali predajcovi pohrozi\u0165 kr\u00e1tkou strelnou zbra\u0148ou a odnies\u0165 si pribli\u017ene 700 eur.<\/p>\n<p>K l\u00fape\u017ei do\u0161lo v pondelok kr\u00e1tko pred 22.00 h pred obchodn\u00fdm centrom na Pan\u00f3nskej ceste. K prev\u00e1dzke pod\u013ea doteraj\u0161\u00edch inform\u00e1ci\u00ed prist\u00fapili dvaja mu\u017ei, ktor\u00ed mali tv\u00e1re zakryt\u00e9 kuklami.<\/p>\n<p>Jeden z nich mal v ruke kr\u00e1tku streln\u00fa zbra\u0148 a pod hrozbou jej pou\u017eitia po\u017eadoval od predajcu vydanie hotovosti. Ten zo strachu o \u017eivot a <a href=\"https:\/\/www.bratislavak.sk\/temy\/ruvz-v-bratislave\" class=\"link-tag\" style=\"\" rel=\"nofollow noopener\" target=\"_blank\">zdravie<\/a> vydal pribli\u017ene 700 eur. Obaja mu\u017ei n\u00e1sledne z miesta utiekli. Pri l\u00fape\u017ei sa nikto nezranil. Pol\u00edcia zverejnila aj popis podozriv\u00fdch.<\/p>\n<p>Prv\u00fd mu\u017e mal by\u0165 vysok\u00fd pribli\u017ene 175 centimetrov, vo veku 30 a\u017e 35 rokov a svalnatej postavy. Na hlave mal modr\u00fd klob\u00fak s nezn\u00e1mym \u017elt\u00fdm n\u00e1pisom, oble\u010den\u00e9 mal \u010dierne tielko, modr\u00e9 nohavice a \u010dierne tenisky. V ruke dr\u017eal kr\u00e1tku streln\u00fa zbra\u0148.<\/p>\n<p>Druh\u00fd mu\u017e mal by\u0165 vysok\u00fd pribli\u017ene 175 centimetrov. Oble\u010den\u00e9 mal \u010dierne tri\u010dko s dlh\u00fdm ruk\u00e1vom, \u010dierne nohavice a \u010dierne tenisky s bielou podr\u00e1\u017ekou. Na ruk\u00e1ch mal \u010dierne rukavice.<\/p>\n<p>Pol\u00edcia z\u00e1rove\u0148 \u017eiada o pomoc verejnos\u0165. Ak bol niekto svedkom l\u00fape\u017ee alebo m\u00e1 inform\u00e1cie, ktor\u00e9 by mohli pom\u00f4c\u0165 pri identifik\u00e1cii \u010di vyp\u00e1tran\u00ed podozriv\u00fdch, m\u00f4\u017ee ich ozn\u00e1mi\u0165 na ktoromko\u013evek oddelen\u00ed Policajn\u00e9ho zboru, na \u010d\u00edsle 158 alebo prostredn\u00edctvom s\u00fakromnej <a href=\"https:\/\/www.bratislavak.sk\/temy\/richard-takac\" class=\"link-tag\" style=\"\" rel=\"nofollow noopener\" target=\"_blank\">spr\u00e1vy<\/a> na Facebooku Pol\u00edcia SR \u2013 Bratislavsk\u00fd kraj.<\/p>\n","protected":false},"excerpt":{"rendered":"&#13; Dvaja maskovan\u00ed mu\u017ei prepadli st\u00e1nok s ob\u010derstven\u00edm na Pan\u00f3nskej ceste v Bratislave a pod hrozbou zbrane si&hellip;\n","protected":false},"author":2,"featured_media":167166,"comment_status":"","ping_status":"","sticky":false,"template":"","format":"standard","meta":{"footnotes":"","_share_on_mastodon":"0"},"categories":[21],"tags":[136,2031,761,2030,762,764,535,760,763,453,525,43,40,39,42,41,766,765,302],"class_list":["post-167165","post","type-post","status-publish","format-standard","has-post-thumbnail","category-bratislava","tag-bratislava","tag-bratislavske-krimi","tag-drogy","tag-krimi-bratislava","tag-lupez","tag-naka","tag-nehoda","tag-nehody","tag-pachatel","tag-patranie","tag-policia","tag-sk","tag-slovak","tag-slovakia","tag-slovencina","tag-slovensko","tag-vrazda","tag-zadrzanie","tag-zlodeji"],"share_on_mastodon":{"url":"https:\/\/pubeurope.com\/@sk\/117195736797594350","error":""},"_links":{"self":[{"href":"https:\/\/www.europesays.com\/sk\/wp-json\/wp\/v2\/posts\/167165","targetHints":{"allow":["GET"]}}],"collection":[{"href":"https:\/\/www.europesays.com\/sk\/wp-json\/wp\/v2\/posts"}],"about":[{"href":"https:\/\/www.europesays.com\/sk\/wp-json\/wp\/v2\/types\/post"}],"author":[{"embeddable":true,"href":"https:\/\/www.europesays.com\/sk\/wp-json\/wp\/v2\/users\/2"}],"replies":[{"embeddable":true,"href":"https:\/\/www.europesays.com\/sk\/wp-json\/wp\/v2\/comments?post=167165"}],"version-history":[{"count":0,"href":"https:\/\/www.europesays.com\/sk\/wp-json\/wp\/v2\/posts\/167165\/revisions"}],"wp:featuredmedia":[{"embeddable":true,"href":"https:\/\/www.europesays.com\/sk\/wp-json\/wp\/v2\/media\/167166"}],"wp:attachment":[{"href":"https:\/\/www.europesays.com\/sk\/wp-json\/wp\/v2\/media?parent=167165"}],"wp:term":[{"taxonomy":"category","embeddable":true,"href":"https:\/\/www.europesays.com\/sk\/wp-json\/wp\/v2\/categories?post=167165"},{"taxonomy":"post_tag","embeddable":true,"href":"https:\/\/www.europesays.com\/sk\/wp-json\/wp\/v2\/tags?post=167165"}],"curies":[{"name":"wp","href":"https:\/\/api.w.org\/{rel}","templated":true}]}}