{"id":167253,"date":"2026-09-01T14:14:13","date_gmt":"2026-09-01T14:14:13","guid":{"rendered":"https:\/\/www.europesays.com\/sk\/167253\/"},"modified":"2026-09-01T14:14:13","modified_gmt":"2026-09-01T14:14:13","slug":"o-vyhru-zabojuje-aj-emma-zapletalova-ultimatny-sampionat-v-budapesti-bude-mat-specialne-pravidla","status":"publish","type":"post","link":"https:\/\/www.europesays.com\/sk\/167253\/","title":{"rendered":"O v\u00fdhru zabojuje aj Emma Zapletalov\u00e1: Ultim\u00e1tny \u0161ampion\u00e1t v Budape\u0161ti bude ma\u0165 \u0161peci\u00e1lne pravidl\u00e1"},"content":{"rendered":"<p>\t<a href=\"https:\/\/sportky.zoznam.sk\/g\/493769\/o-vyhru-zabojuje-aj-emma-zapletalova-ultimatny-sampionat-v-budapesti-bude-mat-specialne-pravidla?image=1194795\" title=\"Slovensk\u00e1 atl\u00e9tka Emma Zapletalov\u00e1 po\u010das semifin\u00e1le v behu na 400 metrov cez prek\u00e1\u017eky na majstrovstv\u00e1ch Eur\u00f3py v anglickom Birminghame \" rel=\"nofollow noopener\" target=\"_blank\">\t\t\t<img decoding=\"async\" loading=\"lazy\" src=\"https:\/\/www.europesays.com\/sk\/wp-content\/uploads\/2026\/09\/emma-zapletalova-beh-na-1194795.jpg\"  alt=\"Slovensk\u00e1 atl\u00e9tka Emma Zapletalov\u00e1 po\u010das semifin\u00e1le v behu na 400 metrov cez prek\u00e1\u017eky na majstrovstv\u00e1ch Eur\u00f3py v anglickom Birminghame \"\/><\/a>Slovensk\u00e1 atl\u00e9tka Emma Zapletalov\u00e1 po\u010das semifin\u00e1le v behu na 400 metrov cez prek\u00e1\u017eky na majstrovstv\u00e1ch Eur\u00f3py v anglickom Birminghame \t\t\t Zdroj: TASR\/AP\/Morgan Harlow\t\t\t\t<\/p>\n<p>\t\t\t<a class=\"box-article-author-image\"><br \/>\n\t\t\t\t<img decoding=\"async\" src=\"https:\/\/sportky.zoznam.sk\/static\/2019_default\/img\/author.svg\"\/><br \/>\n\t\t\t<\/a><\/p>\n<p class=\"perex\">BUDAPE\u0160\u0164 &#8211; Na ultim\u00e1tnom atletickom \u0161ampion\u00e1te v Budape\u0161ti, ktor\u00fd sa uskuto\u010dn\u00ed od 11. do 13. septembra, sa na rozdiel od in\u00fdch vrcholn\u00fdch s\u00fa\u0165a\u017e\u00ed nebud\u00fa rozde\u013eova\u0165 medaily.\t<\/p>\n<p>Trofej dostan\u00fa len v\u00ed\u0165azi, ozn\u00e1mila Svetov\u00e1 atletika a na webe zverejnila podobu trofeje. Ka\u017ed\u00fd z \u00fa\u010dastn\u00edkov novej glob\u00e1lnej akcie ur\u010denej len pre \u00fazku skupinu atl\u00e9tov dostane \u0161peci\u00e1lny n\u00e1ramok.<\/p>\n<p>&#13;<br \/>\n&#13;<\/p>\n<p>Trofej pre v\u00ed\u0165aza namiesto medailov\u00e9ho ohodnotenia trojice najlep\u0161\u00edch vych\u00e1dza z konceptu tejto akcie, ktorej hlavn\u00fdm cie\u013eom je korunova\u0165 t\u00fdch\u00a0najlep\u0161\u00edch\u00a0z najlep\u0161\u00edch.<\/p>\n<p>&#13;<br \/>\n&#13;<\/p>\n<p>&#8222;Tento glob\u00e1lny \u0161ampion\u00e1t je cel\u00fd o snahe by\u0165 ten jeden atl\u00e9t, ktor\u00fd sa dostane na vrchol. C\u00edtili sme, \u017ee rozde\u013eova\u0165 ocenenie prv\u00fdm trom nezodpoved\u00e1 tomuto z\u00e1kladn\u00e9mu konceptu, tak\u017ee sme sa namiesto toho s\u00fastredili na trofeje pre v\u00ed\u0165azov ka\u017edej discipl\u00edny,&#8220; uviedol prezident Svetovej atletiky Sebastian Coe.<\/p>\n<p>&#13;<br \/>\n&#13;<\/p>\n<p>V\u0161etci \u00fa\u010dastn\u00edci tejto v\u00fdberovej akcie dostan\u00fa na pamiatku n\u00e1ramok so svojim menom. N\u00e1ramky maj\u00fa nastavite\u013en\u00fa ve\u013ekos\u0165, tak\u017ee bud\u00fa sedie\u0165 v\u0161etk\u00fdm od v\u00fd\u0161karok\u00a0po kladiv\u00e1rov. Trofej, ktor\u00fa je mo\u017en\u00e9 spoji\u0165 s n\u00e1ramkom v jeden celok, pripom\u00edna kamenn\u00fa sochu. Jej tvar odr\u00e1\u017ea hviezdu, ktor\u00e1 je logom akcie, a zlat\u00e1 hviezda na hornej ploche odkazuje na v\u00ed\u0165azstvo v pretekoch\u00a0alebo s\u00fa\u0165a\u017ei.<\/p>\n<p>&#13;<br \/>\n&#13;<\/p>\n<p>Vzh\u013eadom na to, \u017ee nebud\u00fa medaily, nebud\u00fa ani tradi\u010dn\u00e9 medailov\u00e9 ceremoni\u00e1ly. Ka\u017ed\u00fd v\u00ed\u0165az si vezme trofej z podstavca pri dr\u00e1he alebo sektore, kde sa bude preteka\u0165. Jeho \u00faspech osl\u00e1vi aj oh\u0148ostroj. Potom sa po \u010destnom kole vyd\u00e1 na trib\u00fany a &#8222;Cestou \u0161ampi\u00f3nov&#8220; medzi div\u00e1kmi zamieri s trofejou do priestoru na telev\u00edzne rozhovory.<\/p>\n<p>&#13;<br \/>\n&#13;<\/p>\n<p>Slovensk\u00fa atletiku bude v Budape\u0161ti reprezentova\u0165 prek\u00e1\u017ek\u00e1rka Emma Zapletalov\u00e1, majsterka Eur\u00f3py z Birminghamu a v\u00ed\u0165azka piatich m\u00edtingov Diamantovej ligy.\u00a0<\/p>\n<p>&#13;<\/p>\n<p>\t\t\tAutor: \u00a9 Zoznam\/\t\t\tZdroj: \u010cTK\t<\/p>\n","protected":false},"excerpt":{"rendered":"Slovensk\u00e1 atl\u00e9tka Emma Zapletalov\u00e1 po\u010das semifin\u00e1le v behu na 400 metrov cez prek\u00e1\u017eky na majstrovstv\u00e1ch Eur\u00f3py v anglickom&hellip;\n","protected":false},"author":2,"featured_media":167254,"comment_status":"","ping_status":"","sticky":false,"template":"","format":"standard","meta":{"footnotes":"","_share_on_mastodon":"0"},"categories":[13],"tags":[552,47789,43,40,39,42,41,69,68,44791],"class_list":["post-167253","post","type-post","status-publish","format-standard","has-post-thumbnail","category-sport","tag-emma-zapletalova","tag-sebastian-coe","tag-sk","tag-slovak","tag-slovakia","tag-slovencina","tag-slovensko","tag-sport","tag-sports","tag-svetova-atletika"],"share_on_mastodon":{"url":"https:\/\/pubeurope.com\/@sk\/117196204992065604","error":""},"_links":{"self":[{"href":"https:\/\/www.europesays.com\/sk\/wp-json\/wp\/v2\/posts\/167253","targetHints":{"allow":["GET"]}}],"collection":[{"href":"https:\/\/www.europesays.com\/sk\/wp-json\/wp\/v2\/posts"}],"about":[{"href":"https:\/\/www.europesays.com\/sk\/wp-json\/wp\/v2\/types\/post"}],"author":[{"embeddable":true,"href":"https:\/\/www.europesays.com\/sk\/wp-json\/wp\/v2\/users\/2"}],"replies":[{"embeddable":true,"href":"https:\/\/www.europesays.com\/sk\/wp-json\/wp\/v2\/comments?post=167253"}],"version-history":[{"count":0,"href":"https:\/\/www.europesays.com\/sk\/wp-json\/wp\/v2\/posts\/167253\/revisions"}],"wp:featuredmedia":[{"embeddable":true,"href":"https:\/\/www.europesays.com\/sk\/wp-json\/wp\/v2\/media\/167254"}],"wp:attachment":[{"href":"https:\/\/www.europesays.com\/sk\/wp-json\/wp\/v2\/media?parent=167253"}],"wp:term":[{"taxonomy":"category","embeddable":true,"href":"https:\/\/www.europesays.com\/sk\/wp-json\/wp\/v2\/categories?post=167253"},{"taxonomy":"post_tag","embeddable":true,"href":"https:\/\/www.europesays.com\/sk\/wp-json\/wp\/v2\/tags?post=167253"}],"curies":[{"name":"wp","href":"https:\/\/api.w.org\/{rel}","templated":true}]}}