{"id":167341,"date":"2026-09-01T15:41:11","date_gmt":"2026-09-01T15:41:11","guid":{"rendered":"https:\/\/www.europesays.com\/sk\/167341\/"},"modified":"2026-09-01T15:41:11","modified_gmt":"2026-09-01T15:41:11","slug":"tragedia-na-dialnici-kamion-zrazil-robotnikov-styria-zomreli","status":"publish","type":"post","link":"https:\/\/www.europesays.com\/sk\/167341\/","title":{"rendered":"TRAG\u00c9DIA NA DIA\u013dNICI: Kami\u00f3n zrazil robotn\u00edkov, \u0161tyria zomreli"},"content":{"rendered":"<p>Mykanow 1. septembra (TASR) &#8211; Pri nehode kami\u00f3na na dia\u013enici A1 pri obci Mykanow v po\u013eskom Sliezsku zahynuli v utorok \u0161tyria robotn\u00edci a \u010fal\u0161\u00ed \u0161tyria utrpeli \u0165a\u017ek\u00e9 zranenia. Zranen\u00fdch previezli do nemocnice, informuje var\u0161avsk\u00fd spravodajca TASR s odvolan\u00edm sa na agent\u00faru PAP.<\/p>\n<p>Pod\u013ea predbe\u017en\u00fdch zisten\u00ed pol\u00edcie vodi\u010d n\u00e1kladn\u00e9ho vozidla z doposia\u013e nezn\u00e1mych pr\u00ed\u010din narazil do auta, pri ktorom sa nach\u00e1dzali pracovn\u00edci \u00fadr\u017eby dia\u013enice. \u0160tyria z nich zomreli na mieste.<\/p>\n<p>Pol\u00edcia vodi\u010da n\u00e1kladn\u00e9ho vozidla zadr\u017eala. Dychov\u00e1 sk\u00fa\u0161ka u\u0148ho nepreuk\u00e1zala pr\u00edtomnos\u0165 alkoholu, av\u0161ak e\u0161te mus\u00ed podst\u00fapi\u0165 krvn\u00fd test.<\/p>\n<p>\u201eVodi\u010d n\u00e1kladn\u00e9ho vozidla nepotreboval lek\u00e1rsku pomoc. Bol zadr\u017ean\u00fd. Bud\u00fa vykonan\u00e9 \u010fal\u0161ie \u00fakony s jeho \u00fa\u010das\u0165ou. Policajti zabezpe\u010duj\u00fa v\u0161etky stopy, aby d\u00f4sledne objasnili, \u010do bolo pr\u00ed\u010dinou tejto trag\u00e9die,\u201c uviedla Barbora Pozna\u0148sk\u00e1 z pol\u00edcie v \u010censtochovej.<\/p>\n<p>Dia\u013enica A1 je medzi obcami Radomsko a Mykanow v smere do \u010ceska \u00faplne uzavret\u00e1. Pol\u00edcia odkl\u00e1\u0148a prem\u00e1vku cez uzol Radomsko. Pod\u013ea pol\u00edcie m\u00f4\u017eu dopravn\u00e9 obmedzenia trva\u0165 nieko\u013eko hod\u00edn.<\/p>\n<p>(spravodajca TASR Slavom\u00edr Gregor\u00edk) <\/p>\n","protected":false},"excerpt":{"rendered":"Mykanow 1. septembra (TASR) &#8211; Pri nehode kami\u00f3na na dia\u013enici A1 pri obci Mykanow v po\u013eskom Sliezsku zahynuli&hellip;\n","protected":false},"author":2,"featured_media":167342,"comment_status":"","ping_status":"","sticky":false,"template":"","format":"standard","meta":{"footnotes":"","_share_on_mastodon":"0"},"categories":[8],"tags":[2150,534,33,315,12906,43,40,42,36,50,49,48],"class_list":["post-167341","post","type-post","status-publish","format-standard","has-post-thumbnail","category-svet","tag-dialnica","tag-kamion","tag-news","tag-polsko","tag-robotnici","tag-sk","tag-slovak","tag-slovencina","tag-spravy","tag-svet","tag-world","tag-world-news"],"share_on_mastodon":{"url":"https:\/\/pubeurope.com\/@sk\/117196546943506680","error":""},"_links":{"self":[{"href":"https:\/\/www.europesays.com\/sk\/wp-json\/wp\/v2\/posts\/167341","targetHints":{"allow":["GET"]}}],"collection":[{"href":"https:\/\/www.europesays.com\/sk\/wp-json\/wp\/v2\/posts"}],"about":[{"href":"https:\/\/www.europesays.com\/sk\/wp-json\/wp\/v2\/types\/post"}],"author":[{"embeddable":true,"href":"https:\/\/www.europesays.com\/sk\/wp-json\/wp\/v2\/users\/2"}],"replies":[{"embeddable":true,"href":"https:\/\/www.europesays.com\/sk\/wp-json\/wp\/v2\/comments?post=167341"}],"version-history":[{"count":0,"href":"https:\/\/www.europesays.com\/sk\/wp-json\/wp\/v2\/posts\/167341\/revisions"}],"wp:featuredmedia":[{"embeddable":true,"href":"https:\/\/www.europesays.com\/sk\/wp-json\/wp\/v2\/media\/167342"}],"wp:attachment":[{"href":"https:\/\/www.europesays.com\/sk\/wp-json\/wp\/v2\/media?parent=167341"}],"wp:term":[{"taxonomy":"category","embeddable":true,"href":"https:\/\/www.europesays.com\/sk\/wp-json\/wp\/v2\/categories?post=167341"},{"taxonomy":"post_tag","embeddable":true,"href":"https:\/\/www.europesays.com\/sk\/wp-json\/wp\/v2\/tags?post=167341"}],"curies":[{"name":"wp","href":"https:\/\/api.w.org\/{rel}","templated":true}]}}