{"id":167421,"date":"2026-09-01T16:57:13","date_gmt":"2026-09-01T16:57:13","guid":{"rendered":"https:\/\/www.europesays.com\/sk\/167421\/"},"modified":"2026-09-01T16:57:13","modified_gmt":"2026-09-01T16:57:13","slug":"adela-sa-z-primy-vytratila-sezonu-startuje-jej-cesky-kolega-3","status":"publish","type":"post","link":"https:\/\/www.europesays.com\/sk\/167421\/","title":{"rendered":"Adela sa z Primy vytratila, sez\u00f3nu \u0161tartuje jej \u010desk\u00fd kolega"},"content":{"rendered":"<p>                                        Adela Vinczeov\u00e1 &#8211;  talkshow U Adely na \u010deskej Prime.<\/p>\n<p>        Zdroj:<br \/>\n                    TV Prima<\/p>\n<p>    Zdie\u013ea\u0165 na Facebooku<\/p>\n<p>                                        Adela Vinczeov\u00e1 m\u00e1 nov\u00fa talkshow U Adely na \u010deskej Prime. Slovensk\u00ed div\u00e1ci ju m\u00f4\u017eu vidie\u0165 na Prima SK.<\/p>\n<p>        Zdroj:<br \/>\n                    TV Prima<\/p>\n<p>    Zdie\u013ea\u0165 na Facebooku<\/p>\n<p>                                        Adela Vinczeov\u00e1 (vpravo) m\u00e1 nov\u00fa talkshow U Adely na \u010deskej Prime. Prv\u00fdmi hos\u0165ami boli (z\u013eava) here\u010dka Veronika Arichteva, spev\u00e1k Marek Ztracen\u00fd, herec Miroslav Donutil a spev\u00e1\u010dka Lenny.<\/p>\n<p>        Zdroj:<br \/>\n                    TV Prima<\/p>\n<p>    Zdie\u013ea\u0165 na Facebooku<\/p>\n<p>                                        Adela Vinczeov\u00e1 m\u00e1 nov\u00fa talkshow U Adely na \u010deskej Prime. Prv\u00fdmi hos\u0165ami boli aj herec Miroslav Donutil a spev\u00e1\u010dka Lenny.<\/p>\n<p>        Zdroj:<br \/>\n                    TV Prima<\/p>\n<p>    Zdie\u013ea\u0165 na Facebooku<\/p>\n<p>                                        Adela Vinczeov\u00e1 m\u00e1 nov\u00fa talkshow U Adely na \u010deskej Prime. Slovensk\u00ed div\u00e1ci ju m\u00f4\u017eu vidie\u0165 na Prima SK.<\/p>\n<p>        Zdroj:<br \/>\n                    TV Prima<\/p>\n<p>    Zdie\u013ea\u0165 na Facebooku<\/p>\n<p>                                        Adela Vinczeov\u00e1 m\u00e1  talkshow U Adely na \u010deskej Prime. V piatok vnej priv\u00edta: Mareka Lamboru, Janka Ledeck\u00e9ho, Martina Dejdara a Evu Bure\u0161ov\u00fa.<\/p>\n<p>        Zdroj:<br \/>\n                    TV Prima<\/p>\n<p>    Zdie\u013ea\u0165 na Facebooku<\/p>\n<p>                                        Adela Vinczeov\u00e1 si tentokr\u00e1t na svoju pohovku pozvala opern\u00e9ho spev\u00e1ka \u0160tefana Margitu, here\u010dku Veroniku \u017dilkov\u00fa, here\u010dku Annu Dvo\u0159\u00e1kov\u00fa a moder\u00e1torku Danielu Brzobohat\u00fa.<\/p>\n<p>        Zdroj:<br \/>\n                    TV Prima<\/p>\n<p>    Zdie\u013ea\u0165 na Facebooku<\/p>\n<p>                                        Nov\u00e1 talkshow U Adely na TV Prima \u010desk\u00fdch div\u00e1kov zaujala.<\/p>\n<p>        Zdroj:<br \/>\n                    TV Prima<\/p>\n<p>    Zdie\u013ea\u0165 na Facebooku<\/p>\n<p>                                        Adela Vinczeov\u00e1 m\u00e1 nov\u00fa talkshow U Adely na \u010deskej Prime. Slovensk\u00ed div\u00e1ci ju m\u00f4\u017eu vidie\u0165 na Prima SK.<\/p>\n<p>        Zdroj:<br \/>\n                    TV Prima<\/p>\n<p>    Zdie\u013ea\u0165 na Facebooku<\/p>\n<p>                                        Adela Vinczeov\u00e1 m\u00e1 nov\u00fa talkshow U Adely na \u010deskej Prime. Prv\u00fdmi hos\u0165ami boli (z\u013eava) herec Miroslav Donutil, spev\u00e1\u010dka Lenny, here\u010dka Veronika Arichteva a spev\u00e1k Marek Ztracen\u00fd.<\/p>\n<p>        Zdroj:<br \/>\n                    TV Prima<\/p>\n<p>    Zdie\u013ea\u0165 na Facebooku<\/p>\n<p>                                        Adela Vinczeov\u00e1 m\u00e1 nov\u00fa talkshow U Adely na \u010deskej Prime. Prv\u00fdmi hos\u0165ami boli (z\u013eava) herec Miroslav Donutil, spev\u00e1\u010dka Lenny, here\u010dka Veronika Arichteva a spev\u00e1k Marek Ztracen\u00fd.<\/p>\n<p>        Zdroj:<br \/>\n                    TV Prima<\/p>\n<p>    Zdie\u013ea\u0165 na Facebooku<\/p>\n<p>                                        Adela Vinczeov\u00e1 m\u00e1 nov\u00fa talkshow U Adely na \u010deskej Prime. Prv\u00fdmi hos\u0165ami boli (z\u013eava) herec Miroslav Donutil, spev\u00e1\u010dka Lenny, here\u010dka Veronika Arichteva a spev\u00e1k Marek Ztracen\u00fd.<\/p>\n<p>        Zdroj:<br \/>\n                    TV Prima<\/p>\n<p>    Zdie\u013ea\u0165 na Facebooku<\/p>\n<p>                                        Jan Kraus &#8211; st\u00e1lica TV Prima.<\/p>\n<p>        Zdroj:<br \/>\n                    Prima<\/p>\n<p>    Zdie\u013ea\u0165 na Facebooku<\/p>\n","protected":false},"excerpt":{"rendered":"Adela Vinczeov\u00e1 &#8211; talkshow U Adely na \u010deskej Prime. Zdroj: TV Prima Zdie\u013ea\u0165 na Facebooku Adela Vinczeov\u00e1 m\u00e1&hellip;\n","protected":false},"author":2,"featured_media":167422,"comment_status":"","ping_status":"","sticky":false,"template":"","format":"standard","meta":{"footnotes":"","_share_on_mastodon":"0"},"categories":[20],"tags":[872,47720,127,126,168,70,128,39211,9164,47722,802,7964,13168,43,129,40,39,42,41,47721,71],"class_list":["post-167421","post","type-post","status-publish","format-standard","has-post-thumbnail","category-slavne-osobnosti","tag-adela-vinczeova","tag-bara-basikova","tag-celebrities","tag-celebrity","tag-cesko","tag-entertainment","tag-famous-people","tag-helena-trestikova","tag-jan-kraus","tag-maxmilian-kocek","tag-praha","tag-prima","tag-show-jana-krause","tag-sk","tag-slavne-osobnosti","tag-slovak","tag-slovakia","tag-slovencina","tag-slovensko","tag-the-graham-norton-show","tag-zabava"],"share_on_mastodon":{"url":"https:\/\/pubeurope.com\/@sk\/117196845315945396","error":""},"_links":{"self":[{"href":"https:\/\/www.europesays.com\/sk\/wp-json\/wp\/v2\/posts\/167421","targetHints":{"allow":["GET"]}}],"collection":[{"href":"https:\/\/www.europesays.com\/sk\/wp-json\/wp\/v2\/posts"}],"about":[{"href":"https:\/\/www.europesays.com\/sk\/wp-json\/wp\/v2\/types\/post"}],"author":[{"embeddable":true,"href":"https:\/\/www.europesays.com\/sk\/wp-json\/wp\/v2\/users\/2"}],"replies":[{"embeddable":true,"href":"https:\/\/www.europesays.com\/sk\/wp-json\/wp\/v2\/comments?post=167421"}],"version-history":[{"count":0,"href":"https:\/\/www.europesays.com\/sk\/wp-json\/wp\/v2\/posts\/167421\/revisions"}],"wp:featuredmedia":[{"embeddable":true,"href":"https:\/\/www.europesays.com\/sk\/wp-json\/wp\/v2\/media\/167422"}],"wp:attachment":[{"href":"https:\/\/www.europesays.com\/sk\/wp-json\/wp\/v2\/media?parent=167421"}],"wp:term":[{"taxonomy":"category","embeddable":true,"href":"https:\/\/www.europesays.com\/sk\/wp-json\/wp\/v2\/categories?post=167421"},{"taxonomy":"post_tag","embeddable":true,"href":"https:\/\/www.europesays.com\/sk\/wp-json\/wp\/v2\/tags?post=167421"}],"curies":[{"name":"wp","href":"https:\/\/api.w.org\/{rel}","templated":true}]}}