{"id":167469,"date":"2026-09-01T17:52:09","date_gmt":"2026-09-01T17:52:09","guid":{"rendered":"https:\/\/www.europesays.com\/sk\/167469\/"},"modified":"2026-09-01T17:52:09","modified_gmt":"2026-09-01T17:52:09","slug":"na-bratislavskom-hrade-sa-kona-obed-predsedov-nrsr","status":"publish","type":"post","link":"https:\/\/www.europesays.com\/sk\/167469\/","title":{"rendered":"Na Bratislavskom hrade sa kon\u00e1 obed predsedov NRSR"},"content":{"rendered":"<p>Bratislava 1. septembra (TASR) &#8211; Predseda N\u00e1rodnej rady (NR) SR Richard Ra\u0161i (Hlas-SD) v utorok priv\u00edtal pri pr\u00edle\u017eitosti 34. v\u00fdro\u010dia prijatia \u00dastavy SR na Bratislavskom hrade b\u00fdval\u00fdch \u0161\u00e9fov parlamentu. Pozvanie na sl\u00e1vnostn\u00fd obed prijali Ivan Ga\u0161parovi\u010d, Franti\u0161ek Miklo\u0161ko, Jozef Miga\u0161, Pavol Hru\u0161ovsk\u00fd, Andrej Danko, Boris Koll\u00e1r, Richard Sul\u00edk, B\u00e9la Bug\u00e1r a Peter \u017diga. Pri\u0161iel aj s\u00fa\u010dasn\u00fd prezident SR Peter Pellegrini, ktor\u00fd rovnako zast\u00e1val funkciu predsedu NR SR.<\/p>\n<p>\u201eZa jedn\u00fdm stolom sa stretli osobnosti, ktor\u00e9 v r\u00f4znych obdobiach niesli zodpovednos\u0165 za vedenie slovensk\u00e9ho parlamentu. Napriek rozdielnym n\u00e1zorom a politick\u00fdm pr\u00edbehom n\u00e1s sp\u00e1ja re\u0161pekt k \u00dastave SR a k demokratick\u00fdm in\u0161tit\u00faci\u00e1m na\u0161ej krajiny. Som r\u00e1d, \u017ee sme si tento v\u00fdznamn\u00fd de\u0148 pripomenuli spolo\u010dne,\u201c okomentoval Ra\u0161i na soci\u00e1lnej sieti.<\/p>\n<p>Pellegrini ocenil, \u017ee sa trad\u00edcia sl\u00e1vnostn\u00e9ho stretnutia ex\u0161\u00e9fov parlamentu zachov\u00e1va. Pova\u017euje to za pr\u00edle\u017eitos\u0165 pripomen\u00fa\u0165, \u017ee politika m\u00e1 by\u0165 predov\u0161etk\u00fdm slu\u017ebou \u013eu\u010fom a krajine. \u201eNajlep\u0161ou oslavou hodn\u00f4t, na ktor\u00fdch Slovensko stoj\u00ed, je pod\u013ea m\u0148a ich ka\u017edodenn\u00e9 nap\u013a\u0148anie &#8211; kultivovanou politickou diskusiou, vz\u00e1jomn\u00fdm re\u0161pektom a prij\u00edman\u00edm z\u00e1konov, ktor\u00e9 s\u00fa v prospech \u013eud\u00ed a celej vlasti. N\u00e1rodnej rade SR preto \u017eel\u00e1m, aby v nej vl\u00e1dlo \u010do najviac vecn\u00e9ho a kultivovan\u00e9ho prostredia a aby prij\u00edmala rozhodnutia, ktor\u00e9 bud\u00fa Slovensko pos\u00fava\u0165 dopredu,\u201c skon\u0161tatoval na soci\u00e1lnej sieti.<\/p>\n<p>Viacer\u00ed b\u00fdval\u00ed \u0161\u00e9fovia parlamentu si pred novin\u00e1rmi zaspom\u00ednali na obdobie, ke\u010f NR SR riadili. \u201eSt\u00e1le to pre\u017e\u00edvam, t\u00fa zodpovednos\u0165, ktor\u00fa sme vtedy mali. Pote\u0161ilo ma, \u017ee sme to \u00faspe\u0161ne dok\u00e1zali zvl\u00e1da\u0165 aj v \u0165a\u017ekej parlamentnej situ\u00e1cii,\u201c povedal Hru\u0161ovsk\u00fd s t\u00fdm, \u017ee \u0161tafetu by po nich u\u017e mali prevzia\u0165 zodpovedn\u00ed, m\u00fadri \u013eudia z novej gener\u00e1cie. Aj Miklo\u0161ko hovoril, \u017ee u\u017e je s\u00fdty svojich dn\u00ed predsedovania parlamentu. Op\u00edsal, ako vyzeralo porevolu\u010dn\u00e9 obdobie, ke\u010f \u0161\u00e9foval parlamentu. \u201eChodili sem hlavy v\u0161etk\u00fdch \u0161t\u00e1tov, pri\u0161li sa pozrie\u0165 na n\u00e1s, pri\u0161li n\u00e1s povzbudi\u0165,\u201c podotkol.<\/p>\n<p>Od prijatia \u00dastavy SR uplynulo v utorok 1. septembra 34 rokov. Poslanci vtedaj\u0161ej Slovenskej n\u00e1rodnej rady ju schv\u00e1lili \u0161tyri mesiace pred vznikom samostatnej Slovenskej republiky. T\u00e1 vznikla 1. janu\u00e1ra 1993 po rozpade \u010ceskej a Slovenskej Federat\u00edvnej Republiky. Prijatie \u00dastavy SR z 1. septembra 1992 sa od roku 1994 pripom\u00edna ako \u0161t\u00e1tny sviatok &#8211; De\u0148 \u00dastavy SR.<\/p>\n","protected":false},"excerpt":{"rendered":"Bratislava 1. septembra (TASR) &#8211; Predseda N\u00e1rodnej rady (NR) SR Richard Ra\u0161i (Hlas-SD) v utorok priv\u00edtal pri pr\u00edle\u017eitosti&hellip;\n","protected":false},"author":2,"featured_media":167470,"comment_status":"","ping_status":"","sticky":false,"template":"","format":"standard","meta":{"footnotes":"","_share_on_mastodon":"0"},"categories":[21],"tags":[136,47819,47818,12837,43,40,39,42,41,9650,1181],"class_list":["post-167469","post","type-post","status-publish","format-standard","has-post-thumbnail","category-bratislava","tag-bratislava","tag-obed","tag-predsedovia","tag-rasi","tag-sk","tag-slovak","tag-slovakia","tag-slovencina","tag-slovensko","tag-ustava","tag-vyrocie"],"share_on_mastodon":{"url":"https:\/\/pubeurope.com\/@sk\/117197061714841664","error":""},"_links":{"self":[{"href":"https:\/\/www.europesays.com\/sk\/wp-json\/wp\/v2\/posts\/167469","targetHints":{"allow":["GET"]}}],"collection":[{"href":"https:\/\/www.europesays.com\/sk\/wp-json\/wp\/v2\/posts"}],"about":[{"href":"https:\/\/www.europesays.com\/sk\/wp-json\/wp\/v2\/types\/post"}],"author":[{"embeddable":true,"href":"https:\/\/www.europesays.com\/sk\/wp-json\/wp\/v2\/users\/2"}],"replies":[{"embeddable":true,"href":"https:\/\/www.europesays.com\/sk\/wp-json\/wp\/v2\/comments?post=167469"}],"version-history":[{"count":0,"href":"https:\/\/www.europesays.com\/sk\/wp-json\/wp\/v2\/posts\/167469\/revisions"}],"wp:featuredmedia":[{"embeddable":true,"href":"https:\/\/www.europesays.com\/sk\/wp-json\/wp\/v2\/media\/167470"}],"wp:attachment":[{"href":"https:\/\/www.europesays.com\/sk\/wp-json\/wp\/v2\/media?parent=167469"}],"wp:term":[{"taxonomy":"category","embeddable":true,"href":"https:\/\/www.europesays.com\/sk\/wp-json\/wp\/v2\/categories?post=167469"},{"taxonomy":"post_tag","embeddable":true,"href":"https:\/\/www.europesays.com\/sk\/wp-json\/wp\/v2\/tags?post=167469"}],"curies":[{"name":"wp","href":"https:\/\/api.w.org\/{rel}","templated":true}]}}