{"id":167541,"date":"2026-09-01T19:31:09","date_gmt":"2026-09-01T19:31:09","guid":{"rendered":"https:\/\/www.europesays.com\/sk\/167541\/"},"modified":"2026-09-01T19:31:09","modified_gmt":"2026-09-01T19:31:09","slug":"dcera-tiny-a-separa-vyrastla-do-krasy-pozrite-na-nu","status":"publish","type":"post","link":"https:\/\/www.europesays.com\/sk\/167541\/","title":{"rendered":"Dc\u00e9ra Tiny a Separa vyr\u00e1stla do kr\u00e1sy. Pozrite na \u0148u"},"content":{"rendered":"<p class=\"joj-description-18 font-semibold\">E\u0161te ned\u00e1vno ju fan\u00fa\u0161ikovia poznali ako rozko\u0161n\u00e9 diev\u010datko po boku sl\u00e1vnych rodi\u010dov. Dnes je z dc\u00e9ry Tiny a Separa kr\u00e1sna mlad\u00e1 sle\u010dna, ktor\u00e1 sa na najnov\u0161\u00edch z\u00e1beroch \u010doraz viac podob\u00e1 na svoju mamu. Pri poh\u013eade na spolo\u010dn\u00e9 fotografie mnoh\u00ed zostali v nemom \u00fa\u017ease!<\/p>\n<p>Spev\u00e1\u010dka Tina sa o svoje s\u00fakromie del\u00ed s fan\u00fa\u0161ikmi opatrne, no ke\u010f zverejn\u00ed z\u00e1bery so svojimi de\u0165mi, v\u017edy vyvolaj\u00fa ve\u013ek\u00fa pozornos\u0165. Tentoraz uk\u00e1zala fotografie s dc\u00e9rou Tiou Lilianou, ktor\u00fa v\u0161etci poznaj\u00fa pod prez\u00fdvkou Ani\u010dka. Z mal\u00e9ho diev\u010datka je dnes p\u00f4vabn\u00e1 11-ro\u010dn\u00e1 mlad\u00e1 sle\u010dna a pri poh\u013eade na najnov\u0161ie z\u00e1bery je jasn\u00e9, \u017ee kr\u00e1su zdedila po svojej zn\u00e1mej mame.<\/p>\n<p>Mama s dc\u00e9rou vyrazili za z\u00e1\u017eitkom<\/p>\n<p>Tina a Ani\u010dka si spolo\u010dne vyrazili na koncert \u0161v\u00e9dskej hviezdy Zary Larsson na festivale Sziget. Ne\u0161lo pritom len o oby\u010dajn\u00fd ve\u010der, ale o ich spolo\u010dn\u00fa trad\u00edciu. \u201eKa\u017ed\u00fd rok aspo\u0148 jeden koncert zahrani\u010dn\u00e9ho interpreta \u2013 tak sme sa dohodli,\u201c prezradila spev\u00e1\u010dka pri fotografi\u00e1ch. Ako dodala, tento rok ich \u010dak\u00e1 dokonca viacero podobn\u00fdch hudobn\u00fdch z\u00e1\u017eitkov. Mama s dc\u00e9rou si na koncert dopriali aj tematick\u00e9 festivalov\u00e9 l\u00ed\u010denie. Farebn\u00e9 tiene, v\u00fdrazn\u00e9 linky a mno\u017estvo kamienkov dokonale zapadali do hesla ich diev\u010denskej jazdy: \u201eViac je viac.\u201c<\/p>\n<p>Ani\u010dka vyr\u00e1stla do kr\u00e1sy<\/p>\n<p>Najv\u00e4\u010d\u0161iu pozornos\u0165 v\u0161ak na fotografi\u00e1ch p\u00fata samotn\u00e1 Ani\u010dka. Dlh\u00e9 vlasy, sebavedom\u00fd poh\u013ead a \u017eiariv\u00fd \u00fasmev z nej urobili neprehliadnute\u013en\u00fa mlad\u00fa sle\u010dnu. Ved\u013ea Tiny navy\u0161e e\u0161te viac vynikla ich vz\u00e1jomn\u00e1 podoba. Pod pr\u00edspevkom sa okam\u017eite objavili nad\u0161en\u00e9 reakcie. Fan\u00fa\u0161ikovia ne\u0161etrili srdie\u010dkami ani komplimentmi a viacer\u00ed dali najavo, \u017ee pri poh\u013eade na dvojicu zostali v nemom \u00fa\u017ease.<\/p>\n<p>Talent m\u00e1 po oboch rodi\u010doch<\/p>\n<p>Ani\u010dka v\u0161ak po sl\u00e1vnych rodi\u010doch nezdedila iba v\u00fdrazn\u00e9 \u010drty. U\u017e v minulosti uk\u00e1zala aj hudobn\u00fd talent a objavila sa po boku Tiny i Separa na ve\u013ek\u00fdch p\u00f3di\u00e1ch. V Separovej skladbe Krv neni voda dokonca dostala vlastn\u00fd priestor a predviedla, \u017ee mikrof\u00f3nu sa rozhodne neboj\u00ed. Tina v spolo\u010dnom rozhovore prezradila, \u017ee jej dc\u00e9ra spievala u\u017e odmali\u010dka. Pribli\u017ene vo veku 15 a\u017e 18 mesiacov vraj rodinu prekvapila t\u00fdm, \u017ee zaspievala jazzov\u00fd \u0161tandard a spr\u00e1vne intonovala. Napriek tomu ju rodi\u010dia do hudobnej kari\u00e9ry netla\u010dia a nech\u00e1vaj\u00fa jej priestor, aby si sama na\u0161la svoju cestu.<\/p>\n<p>Jedno je ist\u00e9 \u2013 z diev\u010datka, ktor\u00e9 verejnos\u0165 sledovala odmali\u010dka, vyr\u00e1stla kr\u00e1sna a sebavedom\u00e1 mlad\u00e1 sle\u010dna. A hoci sa e\u0161te len uk\u00e1\u017ee, \u010di naplno vykro\u010d\u00ed v \u0161\u013eapajach svojich rodi\u010dov, pozornos\u0165 publika si u\u017e dnes dok\u00e1\u017ee z\u00edska\u0165 bez najmen\u0161\u00edch probl\u00e9mov.<\/p>\n","protected":false},"excerpt":{"rendered":"E\u0161te ned\u00e1vno ju fan\u00fa\u0161ikovia poznali ako rozko\u0161n\u00e9 diev\u010datko po boku sl\u00e1vnych rodi\u010dov. Dnes je z dc\u00e9ry Tiny a&hellip;\n","protected":false},"author":2,"featured_media":167542,"comment_status":"","ping_status":"","sticky":false,"template":"","format":"standard","meta":{"footnotes":"","_share_on_mastodon":"0"},"categories":[20],"tags":[1420,127,126,70,1424,128,73,1418,1421,174,1419,887,1423,994,21491,1265,43,129,40,39,42,41,107,12045,97,1012,1422,71,687],"class_list":["post-167541","post","type-post","status-publish","format-standard","has-post-thumbnail","category-slavne-osobnosti","tag-archiv","tag-celebrities","tag-celebrity","tag-entertainment","tag-epizody","tag-famous-people","tag-filmy","tag-joj","tag-live","tag-online","tag-plus","tag-program","tag-relacie","tag-rozhovory","tag-separ","tag-serialy","tag-sk","tag-slavne-osobnosti","tag-slovak","tag-slovakia","tag-slovencina","tag-slovensko","tag-televizia","tag-tina","tag-tv","tag-video","tag-vysielanie","tag-zabava","tag-zakulisie"],"share_on_mastodon":{"url":"https:\/\/pubeurope.com\/@sk\/117197451165631562","error":""},"_links":{"self":[{"href":"https:\/\/www.europesays.com\/sk\/wp-json\/wp\/v2\/posts\/167541","targetHints":{"allow":["GET"]}}],"collection":[{"href":"https:\/\/www.europesays.com\/sk\/wp-json\/wp\/v2\/posts"}],"about":[{"href":"https:\/\/www.europesays.com\/sk\/wp-json\/wp\/v2\/types\/post"}],"author":[{"embeddable":true,"href":"https:\/\/www.europesays.com\/sk\/wp-json\/wp\/v2\/users\/2"}],"replies":[{"embeddable":true,"href":"https:\/\/www.europesays.com\/sk\/wp-json\/wp\/v2\/comments?post=167541"}],"version-history":[{"count":0,"href":"https:\/\/www.europesays.com\/sk\/wp-json\/wp\/v2\/posts\/167541\/revisions"}],"wp:featuredmedia":[{"embeddable":true,"href":"https:\/\/www.europesays.com\/sk\/wp-json\/wp\/v2\/media\/167542"}],"wp:attachment":[{"href":"https:\/\/www.europesays.com\/sk\/wp-json\/wp\/v2\/media?parent=167541"}],"wp:term":[{"taxonomy":"category","embeddable":true,"href":"https:\/\/www.europesays.com\/sk\/wp-json\/wp\/v2\/categories?post=167541"},{"taxonomy":"post_tag","embeddable":true,"href":"https:\/\/www.europesays.com\/sk\/wp-json\/wp\/v2\/tags?post=167541"}],"curies":[{"name":"wp","href":"https:\/\/api.w.org\/{rel}","templated":true}]}}