{"id":167553,"date":"2026-09-01T19:50:16","date_gmt":"2026-09-01T19:50:16","guid":{"rendered":"https:\/\/www.europesays.com\/sk\/167553\/"},"modified":"2026-09-01T19:50:16","modified_gmt":"2026-09-01T19:50:16","slug":"inkognito-sa-vracia-na-obrazovky-vsetci-boli-rozblazneni-dokonca-aj-studenkova","status":"publish","type":"post","link":"https:\/\/www.europesays.com\/sk\/167553\/","title":{"rendered":"Inkognito sa vracia na obrazovky: V\u0161etci boli rozbl\u00e1znen\u00ed&#8230; Dokonca aj Studenkov\u00e1!"},"content":{"rendered":"<p>BRATISLAVA &#8211; Zostali v dovolenkovej n\u00e1lade! Ob\u013e\u00faben\u00e1 rel\u00e1cia Inkognito sa po letnej prest\u00e1vke vracia na obrazovky TV JOJ s premi\u00e9rov\u00fdmi \u010das\u0165ami. Prv\u00fd popr\u00e1zdninov\u00fd diel \u0161tartuje u\u017e v utorok 1. septembra o 20:40 a zd\u00e1 sa, \u017ee niektor\u00ed panelisti si dovolenkov\u00fa n\u00e1ladu priniesli rovno do \u0161t\u00fadia. H\u00e1danie povolan\u00ed toti\u017e chv\u00ed\u013eami ust\u00fapilo spevu aj dru\u017enej debate.<\/p>\n<p>Do panelu tentokr\u00e1t zasadli Michal Hud\u00e1k, Mari\u00e1n \u010cekovsk\u00fd, Maro\u0161 Kram\u00e1r a Zdena Studenkov\u00e1. A hne\u010f od za\u010diatku bolo jasn\u00e9, \u017ee po letnej pauze maj\u00fa energie na rozd\u00e1vanie.<\/p>\n<p>Prv\u00fa vesel\u00fa chv\u00ed\u013eku si vzali na staros\u0165 Michal Hud\u00e1k a Mari\u00e1n \u010cekovsk\u00fd. K\u00fdm moder\u00e1tor Vlado Vo\u0161tin\u00e1r predstavoval ind\u00edciu, ktor\u00e1 m\u00e1 \u0161tvorici pom\u00f4c\u0165 pri h\u00e1dan\u00ed povolania fe\u0161n\u00e9ho beton\u00e1ra Petra, Hud\u00e1k s \u010cekovsk\u00fdm sa spont\u00e1nne pustili do spevu. A ke\u010f sa u\u017e raz rozbehli, nezastavila ich ani Vo\u0161tin\u00e1rova snaha vysvetli\u0165 div\u00e1kom, \u010do vlastne ind\u00edcia znamen\u00e1.<\/p>\n<p>O chv\u00ed\u013eu nesk\u00f4r sa situ\u00e1cia obr\u00e1tila. Tentoraz sa do dru\u017en\u00e9ho rozhovoru zah\u013abili Vlado Vo\u0161tin\u00e1r so Zdenou Studenkovou. Michal Hud\u00e1k u\u017e chcel za\u010da\u0165 s h\u00e1dan\u00edm povolania, no musel si po\u010dka\u0165, k\u00fdm sa dvojica dorozpr\u00e1va. Zd\u00e1 sa teda, \u017ee po pr\u00e1zdnin\u00e1ch bude \u0165a\u017ek\u00e9 dosta\u0165 panelistov op\u00e4\u0165 do pracovn\u00e9ho re\u017eimu.<\/p>\n<p style=\"text-align:center\">VIDEO: \u00daryvok z rel\u00e1cie Inkognito.\u00a0<\/p>\n<p style=\"text-align:center\">\n<p>\u0160ou Inkognito sa vracia na telev\u00edzne obrazovky s premi\u00e9rov\u00fdmi \u010das\u0165ami\t\t(Zdroj: TV Joj)\t<\/p>\n<\/p>\n<p>Okrem dobre naladenej \u0161tvorice \u010dakaj\u00fa div\u00e1kov nov\u00e9 netradi\u010dn\u00e9 povolania a nebude ch\u00fdba\u0165 ani z\u00e1vere\u010dn\u00e9 prekvapenie. Tajn\u00fdm hos\u0165om prv\u00e9ho premi\u00e9rov\u00e9ho Inkognita po letnej prest\u00e1vke bude kapela Vidiek.<\/p>\n<p>Ako si panelisti po pr\u00e1zdnin\u00e1ch poradia s h\u00e1dan\u00edm a \u010di sa im podar\u00ed popri speve a debatovan\u00ed odhali\u0165 v\u0161etky povolania, uvidia div\u00e1ci v utorok 1. septembra o 20:40 na TV JOJ.<\/p>\n<p>\n\t<a href=\"https:\/\/novinky.zoznam.sk\/gl\/9603071\/6582579\/Inkognito-sa-vracia-na-obrazovky--Vsetci-boli-rozblazneni----Dokonca-aj-Studenkova-\" rel=\"nofollow noopener\" target=\"_blank\"><br \/>\n\t\t<img decoding=\"async\" alt=\"Inkognito sa vracia na\" aria-describedby=\"img-res-6582579\" class=\"\" height=\"1067\" id=\"6582579\" loading=\"lazy\" onerror=\"imgArticleLoadErr(this)\" src=\"https:\/\/www.europesays.com\/sk\/wp-content\/uploads\/2026\/09\/Inkognito.jpg\" style=\"aspect-ratio:1.500\" title=\"Inkognito sa vracia na\" width=\"1600\"\/>\t\t\t<\/p>\n<p>\n\t\t\t\tZobrazi\u0165 gal\u00e9riu (4)\t\t\t<\/p>\n<p>\t<\/a><\/p>\n<p>\t\u00a0(Zdroj: TV Joj)<\/p>\n<p>&#13;<\/p>\n<p>\t<a href=\"https:\/\/novinky.zoznam.sk\/gl\/9603071\/6582577\/Inkognito-sa-vracia-na-obrazovky--Vsetci-boli-rozblazneni----Dokonca-aj-Studenkova-\" rel=\"nofollow noopener\" target=\"_blank\"><br \/>\n\t\t<img decoding=\"async\" alt=\"Inkognito sa vracia na\" aria-describedby=\"img-res-6582577\" class=\"\" height=\"1067\" id=\"6582577\" loading=\"lazy\" onerror=\"imgArticleLoadErr(this)\" src=\"https:\/\/www.europesays.com\/sk\/wp-content\/uploads\/2026\/09\/1788292214_394_Inkognito.jpg\" style=\"aspect-ratio:1.500\" title=\"Inkognito sa vracia na\" width=\"1600\"\/>\t\t\t<\/p>\n<p>\n\t\t\t\tZobrazi\u0165 gal\u00e9riu (4)\t\t\t<\/p>\n<p>\t<\/a><\/p>\n<p>\t\u00a0(Zdroj: TV Joj)<\/p>\n<\/p>\n<p>\t\tHlasovanie ukon\u010den\u00e9<\/p>\n<p>\t\t\t\t{{ poll.title }}<\/p>\n<p>\t\t\t\t\t<img :alt=\"pollImageDescription()\" :src=\"https:\/\/novinky.zoznam.sk\/cl\/182\/9482683\/poll.img_url\" class=\"box-quiz-new-image-questionnaire\"\/><\/p>\n<p>{{ poll.image_description }} (Zdroj: {{ poll.image_resource }})<\/p>\n<p>\t\t\t\t\t\t\t\t\t\t\t<img :alt=\"questionImageDescription(question)\" :src=\"https:\/\/novinky.zoznam.sk\/cl\/182\/9482683\/question.img_url\" class=\"box-quiz-new-image-top\"\/><\/p>\n<p>Zdroj: {{ question.image_resource }}<\/p>\n<p>\n\t\t\t\t\t\t\t\t\t\t\t{{ question.text }}\n\t\t\t\t\t\t\t\t\t\t<\/p>\n<p>{{ question.text }}<\/p>\n<p>\t\t\t\t\t\t\t\t\t\t\t\t\t\t<img :alt=\"questionImageDescription(question)\" :src=\"https:\/\/novinky.zoznam.sk\/cl\/182\/9482683\/question.img_url\" class=\"box-quiz-new-image-top\"\/><\/p>\n<p>Zdroj: {{ question.image_resource }}<\/p>\n<p>{{ poll.title }}<\/p>\n<p>{{ question.text }}<\/p>\n<p>\t\t\t\t\t\t\t\t\t\t\t\t\t\t<img :alt=\"questionImageDescription(question)\" :src=\"https:\/\/novinky.zoznam.sk\/cl\/182\/9482683\/question.img_url\" class=\"box-quiz-new-image-top\"\/><\/p>\n<p>Zdroj: {{ question.image_resource }}<\/p>\n<p>{{ poll.rating_worst}}<\/p>\n<p>{{ poll.rating_best}}<\/p>\n<p>{{ poll.rating_best}}<\/p>\n<p>{{ poll.rating_worst}}<\/p>\n<p>\t\t\t\t\t\t\t\t\t\t\t\t\t{{ answer.text }}<\/p>\n<p>\t\t\t\t\t\t\t\t\t\t\t\t\t{{ answer.text }}<\/p>\n<p>\t\t\t\t\t{{ poll.title }}<\/p>\n<p v-if=\"poll.contact_form\">{{ poll.thanks }}<\/p>\n<p>{{ question.text }}<\/p>\n<p>\t\t\t\t\t\t\t\t\t<img :alt=\"questionImageDescription(question)\" :src=\"https:\/\/novinky.zoznam.sk\/cl\/182\/9482683\/question.img_url\" class=\"box-quiz-new-image-top\"\/><\/p>\n<p>Zdroj: {{ question.image_resource }}<\/p>\n<p>Priemern\u00e9 hodnotenie: {{ question.rating }}<\/p>\n<p> Va\u0161e hodnotenie: {{ question.user_rating }}<\/p>\n<p>{{ question.text }}<\/p>\n<p>\t\t\t\t\t\t\t\t\t<img :alt=\"questionImageDescription(question)\" :src=\"https:\/\/novinky.zoznam.sk\/cl\/182\/9482683\/question.img_url\" class=\"box-quiz-new-image-top\"\/><\/p>\n<p>Zdroj: {{ question.image_resource }}<\/p>\n<p>{{ poll.rating_worst}}<\/p>\n<p>{{ poll.rating_best}}<\/p>\n<p>{{ poll.rating_best}}<\/p>\n<p>{{ poll.rating_worst}}<\/p>\n<p>Priemern\u00e9 hodnotenie: {{ question.rating }}<\/p>\n<p> Va\u0161e hodnotenie: {{ question.user_rating }}<\/p>\n<p>Hlasovalo: {{questions[0].votes}}<\/p>\n<p>\t\t\t\t\t\t{{ poll.title }}<\/p>\n<p>\t\t\t\t\t\t\t<img :alt=\"pollImageDescription()\" :src=\"https:\/\/novinky.zoznam.sk\/cl\/182\/9482683\/poll.img_url\" class=\"box-quiz-new-image-questionnaire\"\/><\/p>\n<p>{{ poll.image_description }} (Zdroj: {{ poll.image_resource }})<\/p>\n<p>{{ qIndex+1 }}\/{{ questions.length }}<\/p>\n<p>\t\t\t\t\t\t\t\t\t<img :alt=\"questionImageDescription(question)\" :src=\"https:\/\/novinky.zoznam.sk\/cl\/182\/9482683\/question.img_url\" class=\"box-quiz-new-image-top\"\/><br \/>\n\t\t\t\t\t\t\t\t\t<a class=\"box-quiz-new-magnifier\" href=\"#\" title=\"Zv\u00e4\u010d\u0161i\u0165 obr\u00e1zok\">\u00a0<\/a><\/p>\n<p>Zdroj: {{ question.image_resource }}<\/p>\n<p>{{ question.text }}<\/p>\n<p>M\u00f4\u017eete ozna\u010di\u0165 viacero odpoved\u00ed.<\/p>\n<p class=\"profile-name\">{{ profiles[profileEvalueated.index].name }}<\/p>\n<p v-if=\"poll.show_profiles_percentage\">Zhoda: {{ profileEvalueated.weightPercentage }}%<\/p>\n<p>\t\t\t\t\t\t\t\t\t<img :alt=\"profiles[profileEvalueated.index].image_description\" :src=\"https:\/\/novinky.zoznam.sk\/cl\/182\/9482683\/profiles[profileEvalueated.index].img_url\" class=\"box-quiz-new-image-questionnaire\"\/><\/p>\n<p>{{ profiles[profileEvalueated.index].image_description }} (Zdroj: {{ profiles[profileEvalueated.index].image_resource }})<\/p>\n<p><\/p>\n<p>\t\t\t\t\t\t\t\u00d7<br \/>\n\t\t\t\t\t\t\t<img :alt=\"imageModal.imgDescription\" :src=\"https:\/\/novinky.zoznam.sk\/cl\/182\/9482683\/imageModal.imgUrl\" :style=\"isEmbed ? computeModalImageStyle() : ''\"\/><\/p>\n","protected":false},"excerpt":{"rendered":"BRATISLAVA &#8211; Zostali v dovolenkovej n\u00e1lade! Ob\u013e\u00faben\u00e1 rel\u00e1cia Inkognito sa po letnej prest\u00e1vke vracia na obrazovky TV JOJ&hellip;\n","protected":false},"author":2,"featured_media":167554,"comment_status":"","ping_status":"","sticky":false,"template":"","format":"standard","meta":{"footnotes":"","_share_on_mastodon":"0"},"categories":[15],"tags":[70,5267,43,40,39,42,41,71],"class_list":["post-167553","post","type-post","status-publish","format-standard","has-post-thumbnail","category-zabava","tag-entertainment","tag-inkognito","tag-sk","tag-slovak","tag-slovakia","tag-slovencina","tag-slovensko","tag-zabava"],"share_on_mastodon":{"url":"https:\/\/pubeurope.com\/@sk\/117197526039564026","error":""},"_links":{"self":[{"href":"https:\/\/www.europesays.com\/sk\/wp-json\/wp\/v2\/posts\/167553","targetHints":{"allow":["GET"]}}],"collection":[{"href":"https:\/\/www.europesays.com\/sk\/wp-json\/wp\/v2\/posts"}],"about":[{"href":"https:\/\/www.europesays.com\/sk\/wp-json\/wp\/v2\/types\/post"}],"author":[{"embeddable":true,"href":"https:\/\/www.europesays.com\/sk\/wp-json\/wp\/v2\/users\/2"}],"replies":[{"embeddable":true,"href":"https:\/\/www.europesays.com\/sk\/wp-json\/wp\/v2\/comments?post=167553"}],"version-history":[{"count":0,"href":"https:\/\/www.europesays.com\/sk\/wp-json\/wp\/v2\/posts\/167553\/revisions"}],"wp:featuredmedia":[{"embeddable":true,"href":"https:\/\/www.europesays.com\/sk\/wp-json\/wp\/v2\/media\/167554"}],"wp:attachment":[{"href":"https:\/\/www.europesays.com\/sk\/wp-json\/wp\/v2\/media?parent=167553"}],"wp:term":[{"taxonomy":"category","embeddable":true,"href":"https:\/\/www.europesays.com\/sk\/wp-json\/wp\/v2\/categories?post=167553"},{"taxonomy":"post_tag","embeddable":true,"href":"https:\/\/www.europesays.com\/sk\/wp-json\/wp\/v2\/tags?post=167553"}],"curies":[{"name":"wp","href":"https:\/\/api.w.org\/{rel}","templated":true}]}}