{"id":167645,"date":"2026-09-01T21:34:19","date_gmt":"2026-09-01T21:34:19","guid":{"rendered":"https:\/\/www.europesays.com\/sk\/167645\/"},"modified":"2026-09-01T21:34:19","modified_gmt":"2026-09-01T21:34:19","slug":"tragicka-nehoda-v-poprade-motocyklista-po-zrazke-s-autom-zomrel","status":"publish","type":"post","link":"https:\/\/www.europesays.com\/sk\/167645\/","title":{"rendered":"Tragick\u00e1 nehoda v Poprade: Motocyklista po zr\u00e1\u017eke s autom zomrel"},"content":{"rendered":"<p>    \u200bO \u017eivot mu\u017ea bojovali okoloid\u00faci<\/p>\n<p>Bolo kr\u00e1tko pred \u0161iestou r\u00e1no, ke\u010f jeden moment rozhodol o osude dvoch mu\u017eov. Vodi\u010d pre\u017eil, motork\u00e1r \u017eia\u013e, nie. Pod\u013ea inform\u00e1ci\u00ed TV JOJ na mieste o \u017eivot motork\u00e1ra bojovali n\u00e1hodn\u00ed okoloid\u00faci spolu s dopravn\u00fdmi policajtmi, ktor\u00ed mali ne\u010faleko kontroln\u00fd bod. No a n\u00e1sledne pri\u0161li z\u00e1chrann\u00e9 zlo\u017eky. &#8222;Ke\u010f sme pri\u0161li na miesto udalosti RZP a \u0161t\u00e1tna pol\u00edcia u\u017e boli na mieste z\u00e1sahu. Na\u0161ou prioritou bolo vymedzenie bezpe\u010dnostn\u00e9ho priestoru a zabezpe\u010denie protipo\u017eiarnych opatren\u00ed. N\u00e1sledne na\u0161a jednotka pom\u00e1hala pos\u00e1dke RZP s o\u017eivovan\u00edm zhruba 40 min\u00fat,&#8220; uviedol Peter Kuruc velite\u013e z\u00e1sahu OR HaZZ Poprad.<\/p>\n<p>&#8222;\u017dia\u013e, po ne\u00faspe\u0161nej resuscit\u00e1cii musela lek\u00e1r u \u00fa\u010dastn\u00edka nehody kon\u0161tatova\u0165 smr\u0165. Druh\u00e9ho mu\u017ea z\u00e1chran\u00e1ri transportovali s \u00farazom hlavy do nemocnice v Poprade,&#8220; informovala Alena Kr\u010dov\u00e1, zastupuj\u00faca hovorky\u0148a OS ZZS SR.<\/p>\n<p>    <a href=\"https:\/\/www.noviny.sk\/krimi\/1251649-nedaleko-trnavy-sa-zrazil-kamion-s-osobnym-autom-hlasia-dvoch-zranenych\" class=\"img\" rel=\"nofollow noopener\" target=\"_blank\"><br \/>\n        <img decoding=\"async\" class=\"lazyload \" src=\"https:\/\/www.europesays.com\/sk\/wp-content\/uploads\/2026\/09\/72fc46ea-a2b2-4d9a-94fc-5bbef8d9c361.jpeg\" alt=\"V\u00e1\u017ena nehoda pri Trnave: Audi sa zrazilo s kami\u00f3nom, pre spolujazdca priletel vrtu\u013en\u00edk\" title=\"V\u00e1\u017ena nehoda pri Trnave: Audi sa zrazilo s kami\u00f3nom, pre spolujazdca priletel vrtu\u013en\u00edk\"\/><br \/>\n    <\/a><\/p>\n<p>Pre\u010d\u00edtajte si tie\u017e<\/p>\n<p>            <a href=\"https:\/\/www.noviny.sk\/krimi\/1251649-nedaleko-trnavy-sa-zrazil-kamion-s-osobnym-autom-hlasia-dvoch-zranenych\" rel=\"nofollow noopener\" target=\"_blank\"><br \/>\n                V\u00e1\u017ena nehoda pri Trnave: Audi sa zrazilo s kami\u00f3nom, pre spolujazdca priletel vrtu\u013en\u00edk<br \/>\n            <\/a><\/p>\n<p>Prilba motork\u00e1ra bola a\u017e na druhej strane cesty\u00a0<\/p>\n<p>K trag\u00e9dii do\u0161lo na frekventovanom \u00faseku priamo v Poprade. Pod\u013ea prv\u00fdch zisten\u00ed vodi\u010d auta mal vojs\u0165 do jazdnej dr\u00e1hy motork\u00e1ra cez pln\u00fa dvojit\u00fa \u010diaru. Policajti na\u0161li prilbu a\u017e na druhej strane cesty. &#8222;28-ro\u010dn\u00fd vodi\u010d osobn\u00e9ho vozidla pre\u0161iel do protismeru. Do\u0161lo k zr\u00e1\u017eke so 49-ro\u010dn\u00fdm motocyklistom,&#8220; pribl\u00ed\u017eila Jana Ligdayov\u00e1, hovorky\u0148a KR PZ Pre\u0161ov<\/p>\n<p>Pre dokumentovanie st\u00f4p pol\u00edcia tento \u00fasek \u00faplne uzavrela na nieko\u013eko hod\u00edn. Aut\u00e1 prech\u00e1dzali cez in\u00fa ulicu. Na miesto pri\u0161iel znalec z odboru dopravy aj vy\u0161etrovate\u013e.<\/p>\n<p>&#8222;Dychov\u00e1 sk\u00fa\u0161ka vodi\u010da osobn\u00e9ho auta, ako aj skr\u00edningov\u00fd test na psychotropn\u00e9 l\u00e1tky boli negat\u00edvne,&#8220; dodala Ligdayov\u00e1. Alkohol bude u motork\u00e1ra zis\u0165ovan\u00ed a\u017e pri pitve. Vy\u0161etrovanie tejto trag\u00e9die je na \u00faplnom za\u010diatku a poved\u00fa ho popradsk\u00ed kriminalisti.<\/p>\n","protected":false},"excerpt":{"rendered":"\u200bO \u017eivot mu\u017ea bojovali okoloid\u00faci Bolo kr\u00e1tko pred \u0161iestou r\u00e1no, ke\u010f jeden moment rozhodol o osude dvoch mu\u017eov.&hellip;\n","protected":false},"author":2,"featured_media":167646,"comment_status":"","ping_status":"","sticky":false,"template":"","format":"standard","meta":{"footnotes":"","_share_on_mastodon":"0"},"categories":[6],"tags":[7183,535,43,40,44,39,42,45,41],"class_list":["post-167645","post","type-post","status-publish","format-standard","has-post-thumbnail","category-slovensko","tag-motocykel","tag-nehoda","tag-sk","tag-slovak","tag-slovak-republic","tag-slovakia","tag-slovencina","tag-slovenska-republika","tag-slovensko"],"share_on_mastodon":{"url":"https:\/\/pubeurope.com\/@sk\/117197935194351353","error":""},"_links":{"self":[{"href":"https:\/\/www.europesays.com\/sk\/wp-json\/wp\/v2\/posts\/167645","targetHints":{"allow":["GET"]}}],"collection":[{"href":"https:\/\/www.europesays.com\/sk\/wp-json\/wp\/v2\/posts"}],"about":[{"href":"https:\/\/www.europesays.com\/sk\/wp-json\/wp\/v2\/types\/post"}],"author":[{"embeddable":true,"href":"https:\/\/www.europesays.com\/sk\/wp-json\/wp\/v2\/users\/2"}],"replies":[{"embeddable":true,"href":"https:\/\/www.europesays.com\/sk\/wp-json\/wp\/v2\/comments?post=167645"}],"version-history":[{"count":0,"href":"https:\/\/www.europesays.com\/sk\/wp-json\/wp\/v2\/posts\/167645\/revisions"}],"wp:featuredmedia":[{"embeddable":true,"href":"https:\/\/www.europesays.com\/sk\/wp-json\/wp\/v2\/media\/167646"}],"wp:attachment":[{"href":"https:\/\/www.europesays.com\/sk\/wp-json\/wp\/v2\/media?parent=167645"}],"wp:term":[{"taxonomy":"category","embeddable":true,"href":"https:\/\/www.europesays.com\/sk\/wp-json\/wp\/v2\/categories?post=167645"},{"taxonomy":"post_tag","embeddable":true,"href":"https:\/\/www.europesays.com\/sk\/wp-json\/wp\/v2\/tags?post=167645"}],"curies":[{"name":"wp","href":"https:\/\/api.w.org\/{rel}","templated":true}]}}