{"id":167691,"date":"2026-09-01T22:29:11","date_gmt":"2026-09-01T22:29:11","guid":{"rendered":"https:\/\/www.europesays.com\/sk\/167691\/"},"modified":"2026-09-01T22:29:11","modified_gmt":"2026-09-01T22:29:11","slug":"rodinku-s-tromi-detmi-takmer-presiel-vlak-smrti-usli-len-o-vlasok","status":"publish","type":"post","link":"https:\/\/www.europesays.com\/sk\/167691\/","title":{"rendered":"Rodinku s tromi de\u0165mi takmer pre\u0161iel vlak, smrti u\u0161li len o vl\u00e1sok"},"content":{"rendered":"<p>Rodinka prech\u00e1dzala cez ko\u013eajnice v \u010deskej obci zadn\u00ed T\u0159eb\u00e1n. zr\u00e1\u017eke s vlakom sa vyhli len o p\u00e1r sek\u00fand\t\t\t\t\t\t(Zdroj: Istagram\/jarynjarin)\t\t\t\t\t<\/p>\n<p>ZADN\u00cd T\u0158EBA\u0147 \u2013 Prechod cez ko\u013eajnice, po ktor\u00fdch jazdia pravidelne vlakov\u00e9 s\u00fapravy a ru\u0161ne, je nebezpe\u010dn\u00fd za ak\u00fdchko\u013evek okolnost\u00ed. Napriek tomu vid\u00edme takmer ka\u017ed\u00fd de\u0148, ako si odv\u00e1\u017elivci skracuj\u00fa cestu priamo cez tra\u0165. Hor\u0161ie v\u0161ak je, ke\u010f tak\u00fdto \u013eudia riskuj\u00fa aj \u017eivoty vlastn\u00fdch det\u00ed, ktor\u00e9 ber\u00fa so sebou.<\/p>\n<p>V \u010deskej obci Zadn\u00ed T\u0159eb\u00e1n do\u0161lo takmer k ve\u013ekej trag\u00e9dii. Rodi\u010dia s tromi mal\u00fdmi de\u0165mi a psom sa vybrali priamo cez ko\u013eajnice na miestnej \u017eelezni\u010dnej stanici. Skr\u00e1tenie cesty ich takmer st\u00e1lo \u017eivot. Prech\u00e1dzali priamo vo chv\u00edli, ke\u010f do stanice vch\u00e1dzal vlak.<\/p>\n<p>Tento desiv\u00fd moment zachytila bezpe\u010dnostn\u00e1 kamera z voz\u0148a, ktor\u00fd bol odstaven\u00fd na ved\u013eaj\u0161ej ko\u013eaji.\u00a0<\/p>\n<p>Rodinka prech\u00e1dzala cez ko\u013eajnice a v\u0161imla si bl\u00ed\u017eiaci sa vlak. N\u00e1sledne v\u0161etci zr\u00fdchlili, no jedno z det\u00ed zakoplo a spadlo medzi ko\u013eajnice. Matka mu r\u00fdchlo pomohla vsta\u0165 \u00a0a r\u00fdchlo utekali na druh\u00fa stranu. O p\u00e1r sek\u00fand na to prejde po ko\u013eajniciach vlak. Smrti u\u0161li len o vl\u00e1sok.\u00a0<\/p>\n<p>Podchod mali za rohom\u00a0<\/p>\n<p>Pre <a href=\"https:\/\/cnn.iprima.cz\/chybely-vteriny-do-tragedie-rodinu-pri-prechazeni-koleji-v-zadni-trebani-tesne-minul-vlak-520501\" target=\"_blank\" rel=\"nofollow noopener\">CNN Prima News<\/a> sa dokonca vyjadril aj ru\u0161\u0148ovodi\u010d Jaroslav \u0160i\u0161ma, ktor\u00fd zostal doslova otrasen\u00fd. &#8222;Bol to jeden z najhor\u0161\u00edch z\u00e1\u017eitkov mojej kari\u00e9ry. Podobn\u00e9 situ\u00e1cie sa pritom odohr\u00e1vaj\u00fa aj inde a s\u00fa na ka\u017edodennom poriadku. \u00a0Ke\u010f cestuj\u00facich upozorn\u00edte, aby pou\u017e\u00edvali podchod, vypo\u010dujete si len nad\u00e1vky,&#8220;\u00a0hovor\u00ed.<\/p>\n<p>Okrem toho spomenul, \u017ee len p\u00e1r metrov od miesta, kde rodinka prech\u00e1dza cez ko\u013eajnice, je funk\u010dn\u00fd pochod.\u00a0<\/p>\n","protected":false},"excerpt":{"rendered":"Rodinka prech\u00e1dzala cez ko\u013eajnice v \u010deskej obci zadn\u00ed T\u0159eb\u00e1n. zr\u00e1\u017eke s vlakom sa vyhli len o p\u00e1r sek\u00fand&hellip;\n","protected":false},"author":2,"featured_media":167692,"comment_status":"","ping_status":"","sticky":false,"template":"","format":"standard","meta":{"footnotes":"","_share_on_mastodon":"0"},"categories":[8],"tags":[4555,2369,6061,47841,27955,47840,33,47837,1473,47838,22335,43,40,42,36,50,49,48,47839],"class_list":["post-167691","post","type-post","status-publish","format-standard","has-post-thumbnail","category-svet","tag-cr","tag-deti","tag-hazard","tag-jaroslav-sisma","tag-kolajnice","tag-kusok-od-smrti","tag-news","tag-o-vlasok","tag-pes","tag-rodinka","tag-rusnovodic","tag-sk","tag-slovak","tag-slovencina","tag-spravy","tag-svet","tag-world","tag-world-news","tag-zadni-treban"],"share_on_mastodon":{"url":"https:\/\/pubeurope.com\/@sk\/117198151215737677","error":""},"_links":{"self":[{"href":"https:\/\/www.europesays.com\/sk\/wp-json\/wp\/v2\/posts\/167691","targetHints":{"allow":["GET"]}}],"collection":[{"href":"https:\/\/www.europesays.com\/sk\/wp-json\/wp\/v2\/posts"}],"about":[{"href":"https:\/\/www.europesays.com\/sk\/wp-json\/wp\/v2\/types\/post"}],"author":[{"embeddable":true,"href":"https:\/\/www.europesays.com\/sk\/wp-json\/wp\/v2\/users\/2"}],"replies":[{"embeddable":true,"href":"https:\/\/www.europesays.com\/sk\/wp-json\/wp\/v2\/comments?post=167691"}],"version-history":[{"count":0,"href":"https:\/\/www.europesays.com\/sk\/wp-json\/wp\/v2\/posts\/167691\/revisions"}],"wp:featuredmedia":[{"embeddable":true,"href":"https:\/\/www.europesays.com\/sk\/wp-json\/wp\/v2\/media\/167692"}],"wp:attachment":[{"href":"https:\/\/www.europesays.com\/sk\/wp-json\/wp\/v2\/media?parent=167691"}],"wp:term":[{"taxonomy":"category","embeddable":true,"href":"https:\/\/www.europesays.com\/sk\/wp-json\/wp\/v2\/categories?post=167691"},{"taxonomy":"post_tag","embeddable":true,"href":"https:\/\/www.europesays.com\/sk\/wp-json\/wp\/v2\/tags?post=167691"}],"curies":[{"name":"wp","href":"https:\/\/api.w.org\/{rel}","templated":true}]}}