{"id":167745,"date":"2026-09-01T23:50:14","date_gmt":"2026-09-01T23:50:14","guid":{"rendered":"https:\/\/www.europesays.com\/sk\/167745\/"},"modified":"2026-09-01T23:50:14","modified_gmt":"2026-09-01T23:50:14","slug":"la-liga-julian-alvarez-sa-vyskrtol-z-prestupoveho-zoznamu","status":"publish","type":"post","link":"https:\/\/www.europesays.com\/sk\/167745\/","title":{"rendered":"La Liga \/ Julian Alvarez sa vy\u0161krtol z prestupov\u00e9ho zoznamu"},"content":{"rendered":"<p>Juli\u00e1n \u00c1lvarez sa pravdepodobne vr\u00e1til k lep\u0161iemu postoju vo\u010di Atl\u00e9ticu Madrid. Zmieren\u00fd s t\u00fdm, \u017ee sa u\u017e nem\u00f4\u017ee dosta\u0165 do Barcelony, argent\u00ednsky \u00fato\u010dn\u00edk upustil od my\u0161lienky odchodu.<\/p>\n<p>\u201eS podporou sa pripravuje bok po boku s ostatn\u00fdmi spoluhr\u00e1\u010dmi a sna\u017e\u00ed sa zmeni\u0165 svoju situ\u00e1ciu n\u00e1hradn\u00edka,\u201c p\u00ed\u0161e denn\u00edk Marca.<\/p>\n<p>Telenovela Juli\u00e1na \u00c1lvareza v FC Barcelona sa skon\u010dila v posledn\u00fd de\u0148 letn\u00e9ho prestupov\u00e9ho okna, ke\u010f sa najlep\u0161\u00ed strelec Atl\u00e9tica rozhodol ust\u00fapi\u0165. Argent\u00edn\u010dan sa \u201evy\u0161krtol\u201c z prestupov\u00e9ho zoznamu a zmenil svoj cie\u013e: chce si z\u00edska\u0165 sp\u00e4\u0165 miesto v z\u00e1kladnej zostave t\u00edmu Diega Simeoneho.<\/p>\n<p>Juli\u00e1n po\u010das cel\u00e9ho tr\u00e9ningu uk\u00e1zal, \u017ee je viac ne\u017e pripraven\u00fd zotavi\u0165 sa. \u201eV\u00fdborne, Juli, kri\u010dali tr\u00e9neri po vynikaj\u00facej akcii v posledn\u00fdch momentoch hry. Tr\u00e9ning sa skon\u010dil behom s Romerom, aby obaja \u010do najr\u00fdchlej\u0161ie dosiahli svoju najlep\u0161iu \u00farove\u0148,\u201c uv\u00e1dza denn\u00edk.<\/p>\n<p>Toto je hlavn\u00fd cie\u013e technick\u00e9ho \u0161t\u00e1bu aj samotn\u00e9ho \u00c1lvareza: skr\u00e1ti\u0165 obdobie zotavovania, aby sa diskusie okolo neho ut\u00ed\u0161ili a v\u00fdkon na ihrisku bol v centre pozornosti.<\/p>\n<p><img decoding=\"async\" src=\"https:\/\/www.europesays.com\/sk\/wp-content\/uploads\/2026\/09\/1788306614_953_quiz-widget-logos.png\"\/><\/p>\n<p class=\"fu-prize-text\">Natipuj spr\u00e1vne vybran\u00e9 udalosti v z\u00e1pase a vyhraj Playstation 5Slim Digital<\/p>\n<p><img decoding=\"async\" src=\"https:\/\/www.europesays.com\/sk\/wp-content\/uploads\/2026\/09\/1788306614_535_zapasovykviz-hero-image-v2.png\"\/><\/p>\n","protected":false},"excerpt":{"rendered":"Juli\u00e1n \u00c1lvarez sa pravdepodobne vr\u00e1til k lep\u0161iemu postoju vo\u010di Atl\u00e9ticu Madrid. Zmieren\u00fd s t\u00fdm, \u017ee sa u\u017e nem\u00f4\u017ee&hellip;\n","protected":false},"author":2,"featured_media":167746,"comment_status":"","ping_status":"","sticky":false,"template":"","format":"standard","meta":{"footnotes":"","_share_on_mastodon":"0"},"categories":[13],"tags":[2316,17298,2022,5470,43,40,39,42,41,69,68],"class_list":["post-167745","post","type-post","status-publish","format-standard","has-post-thumbnail","category-sport","tag-atletico-madrid","tag-diego-simeone","tag-fc-barcelona","tag-laliga","tag-sk","tag-slovak","tag-slovakia","tag-slovencina","tag-slovensko","tag-sport","tag-sports"],"share_on_mastodon":{"url":"https:\/\/pubeurope.com\/@sk\/117198469722638984","error":""},"_links":{"self":[{"href":"https:\/\/www.europesays.com\/sk\/wp-json\/wp\/v2\/posts\/167745","targetHints":{"allow":["GET"]}}],"collection":[{"href":"https:\/\/www.europesays.com\/sk\/wp-json\/wp\/v2\/posts"}],"about":[{"href":"https:\/\/www.europesays.com\/sk\/wp-json\/wp\/v2\/types\/post"}],"author":[{"embeddable":true,"href":"https:\/\/www.europesays.com\/sk\/wp-json\/wp\/v2\/users\/2"}],"replies":[{"embeddable":true,"href":"https:\/\/www.europesays.com\/sk\/wp-json\/wp\/v2\/comments?post=167745"}],"version-history":[{"count":0,"href":"https:\/\/www.europesays.com\/sk\/wp-json\/wp\/v2\/posts\/167745\/revisions"}],"wp:featuredmedia":[{"embeddable":true,"href":"https:\/\/www.europesays.com\/sk\/wp-json\/wp\/v2\/media\/167746"}],"wp:attachment":[{"href":"https:\/\/www.europesays.com\/sk\/wp-json\/wp\/v2\/media?parent=167745"}],"wp:term":[{"taxonomy":"category","embeddable":true,"href":"https:\/\/www.europesays.com\/sk\/wp-json\/wp\/v2\/categories?post=167745"},{"taxonomy":"post_tag","embeddable":true,"href":"https:\/\/www.europesays.com\/sk\/wp-json\/wp\/v2\/tags?post=167745"}],"curies":[{"name":"wp","href":"https:\/\/api.w.org\/{rel}","templated":true}]}}