{"id":167749,"date":"2026-09-01T23:54:17","date_gmt":"2026-09-01T23:54:17","guid":{"rendered":"https:\/\/www.europesays.com\/sk\/167749\/"},"modified":"2026-09-01T23:54:17","modified_gmt":"2026-09-01T23:54:17","slug":"pri-sladkovicove-sa-v-pondelok-stala-tragicka-nehoda","status":"publish","type":"post","link":"https:\/\/www.europesays.com\/sk\/167749\/","title":{"rendered":"Pri Sl\u00e1dkovi\u010dove sa v pondelok stala tragick\u00e1 nehoda"},"content":{"rendered":"<p>SL\u00c1DKOVI\u010cOVO &#8211; Policajti dokumentovali v pondelok popoludn\u00ed tragick\u00fa dopravn\u00fa nehodu, ktor\u00e1 sa stala na ceste prvej triedy medzi Sl\u00e1dkovi\u010dovom a obcou L\u00fa\u010dny Dvor v okrese Galanta. Zomrel 71-ro\u010dn\u00fd vodi\u010d osobn\u00e9ho automobilu. Informovala o tom trnavsk\u00e1 krajsk\u00e1 pol\u00edcia.<\/p>\n<p>\u201eZ doposia\u013e nezisten\u00fdch pr\u00ed\u010din mal prejs\u0165 do protismeru a narazi\u0165 do oproti id\u00faceho n\u00e1kladn\u00e9ho vozidla. N\u00e1sledkom n\u00e1razu skon\u010dil n\u00e1kladiak mimo vozovky,\u201c ozrejmila pol\u00edcia. Vodi\u010da kami\u00f3na podrobili policajti dychovej sk\u00fa\u0161ke s negat\u00edvnym v\u00fdsledkom.<\/p>\n<p>\t<a href=\"https:\/\/www.topky.sk\/gl\/9603007\/6581935\/Tragicke-popoludnie-na-ceste-pri-Sladkovicove--Po-nehode-vyhasol-zivot-vodica\" rel=\"nofollow noopener\" target=\"_blank\"><br \/>\n\t\t<img decoding=\"async\" alt=\"Tragick\u00e9 popoludnie na ceste\" aria-describedby=\"img-res-6581935\" class=\"\" height=\"2165\" id=\"6581935\" loading=\"lazy\" onerror=\"imgArticleLoadErr(this)\" src=\"https:\/\/www.europesays.com\/sk\/wp-content\/uploads\/2026\/09\/nehoda-tragicka-policia-.jpg\" style=\"aspect-ratio:0.739\" title=\"Tragick\u00e9 popoludnie na ceste\" width=\"1600\"\/>\t\t\t<\/p>\n<p>\n\t\t\t\tZobrazi\u0165 gal\u00e9riu (2)\t\t\t<\/p>\n<p>\t<\/a><\/p>\n<p>\t\u00a0(Zdroj: Facebook\/Pol\u00edcia SR &#8211; Trnavsk\u00fd kraj)<\/p>\n<p>U druh\u00e9ho mu\u017ea bude odobrat\u00fd biologick\u00fd materi\u00e1l s cie\u013eom zistenia pr\u00edtomnosti alkoholu v jeho organizme. \u201ePol\u00edcia zis\u0165uje presn\u00e9 pr\u00ed\u010diny a okolnosti dopravnej nehody. Na miesto bol prizvan\u00fd znalec z odboru cestn\u00e1 doprava,\u201c dodala pol\u00edcia.<\/p>\n","protected":false},"excerpt":{"rendered":"SL\u00c1DKOVI\u010cOVO &#8211; Policajti dokumentovali v pondelok popoludn\u00ed tragick\u00fa dopravn\u00fa nehodu, ktor\u00e1 sa stala na ceste prvej triedy medzi&hellip;\n","protected":false},"author":2,"featured_media":167750,"comment_status":"","ping_status":"","sticky":false,"template":"","format":"standard","meta":{"footnotes":"","_share_on_mastodon":"0"},"categories":[6],"tags":[535,525,43,40,44,39,42,45,41,8629],"class_list":["post-167749","post","type-post","status-publish","format-standard","has-post-thumbnail","category-slovensko","tag-nehoda","tag-policia","tag-sk","tag-slovak","tag-slovak-republic","tag-slovakia","tag-slovencina","tag-slovenska-republika","tag-slovensko","tag-tragicka"],"share_on_mastodon":{"url":"https:\/\/pubeurope.com\/@sk\/117198485327152125","error":""},"_links":{"self":[{"href":"https:\/\/www.europesays.com\/sk\/wp-json\/wp\/v2\/posts\/167749","targetHints":{"allow":["GET"]}}],"collection":[{"href":"https:\/\/www.europesays.com\/sk\/wp-json\/wp\/v2\/posts"}],"about":[{"href":"https:\/\/www.europesays.com\/sk\/wp-json\/wp\/v2\/types\/post"}],"author":[{"embeddable":true,"href":"https:\/\/www.europesays.com\/sk\/wp-json\/wp\/v2\/users\/2"}],"replies":[{"embeddable":true,"href":"https:\/\/www.europesays.com\/sk\/wp-json\/wp\/v2\/comments?post=167749"}],"version-history":[{"count":0,"href":"https:\/\/www.europesays.com\/sk\/wp-json\/wp\/v2\/posts\/167749\/revisions"}],"wp:featuredmedia":[{"embeddable":true,"href":"https:\/\/www.europesays.com\/sk\/wp-json\/wp\/v2\/media\/167750"}],"wp:attachment":[{"href":"https:\/\/www.europesays.com\/sk\/wp-json\/wp\/v2\/media?parent=167749"}],"wp:term":[{"taxonomy":"category","embeddable":true,"href":"https:\/\/www.europesays.com\/sk\/wp-json\/wp\/v2\/categories?post=167749"},{"taxonomy":"post_tag","embeddable":true,"href":"https:\/\/www.europesays.com\/sk\/wp-json\/wp\/v2\/tags?post=167749"}],"curies":[{"name":"wp","href":"https:\/\/api.w.org\/{rel}","templated":true}]}}