{"id":167805,"date":"2026-09-02T02:24:15","date_gmt":"2026-09-02T02:24:15","guid":{"rendered":"https:\/\/www.europesays.com\/sk\/167805\/"},"modified":"2026-09-02T02:24:15","modified_gmt":"2026-09-02T02:24:15","slug":"slzy-charu-a-necakana-poziadavka-uzasnutych-hviezd-nhl-zastavte-chceme-si-odfotit-krasny-hrad","status":"publish","type":"post","link":"https:\/\/www.europesays.com\/sk\/167805\/","title":{"rendered":"Slzy Ch\u00e1ru a ne\u010dakan\u00e1 po\u017eiadavka u\u017easnut\u00fdch hviezd NHL: Zastavte, chceme si odfoti\u0165 kr\u00e1sny hrad!"},"content":{"rendered":"<p>\t<a href=\"https:\/\/sportky.zoznam.sk\/g\/493641\/slzy-charu-a-necakana-poziadavka-uzasnutych-hviezd-nhl-zastavte-chceme-si-odfotit-krasny-hrad?image=1194013\" title=\"Na sn\u00edmke b\u00fdval\u00fd slovensk\u00fd hokejista Zdeno Ch\u00e1ra po skon\u010den\u00ed rozl\u00fa\u010dkov\u00e9ho z\u00e1pasu\" rel=\"nofollow noopener\" target=\"_blank\">\t\t\t<img decoding=\"async\" loading=\"lazy\" src=\"https:\/\/www.europesays.com\/sk\/wp-content\/uploads\/2026\/09\/zdeno-chara-zee-s-1194013.jpg\"  alt=\"Na sn\u00edmke b\u00fdval\u00fd slovensk\u00fd hokejista Zdeno Ch\u00e1ra po skon\u010den\u00ed rozl\u00fa\u010dkov\u00e9ho z\u00e1pasu\"\/><\/a>Na sn\u00edmke b\u00fdval\u00fd slovensk\u00fd hokejista Zdeno Ch\u00e1ra po skon\u010den\u00ed rozl\u00fa\u010dkov\u00e9ho z\u00e1pasu\t\t\t Zdroj: TASR\/Luk\u00e1\u0161 Grinaj\t\t\t\t<\/p>\n<p>\t\t\t<a class=\"box-article-author-image\"><br \/>\n\t\t\t\t<img decoding=\"async\" src=\"https:\/\/sportky.zoznam.sk\/static\/2019_default\/img\/author.svg\"\/><br \/>\n\t\t\t<\/a><\/p>\n<p class=\"perex\">TREN\u010c\u00cdN &#8211; Exhibi\u010dn\u00fd hokejov\u00fd z\u00e1pas, v ktorom dal Zdeno Ch\u00e1ra definit\u00edvnu bodku za hr\u00e1\u010dskou kari\u00e9rou, zaujal svoj\u00edm hviezdnym obsaden\u00edm aj z\u00e1morsk\u00e9 m\u00e9di\u00e1.\t<\/p>\n<p>Organiz\u00e1ciu \u201eZee\u2018s Final Shift\u201c (Zdenove posledn\u00e9 striedanie) mal pod palcom hr\u00e1\u010dsky mana\u017e\u00e9r Peter Neveri\u0161, ktor\u00fd pre TASR odhalil z\u00e1kulisie nev\u0161ednej akcie. T\u00e1 sa pre neho skon\u010dila po tom, \u010do odletel posledn\u00fd z hr\u00e1\u010dov &#8211; Tom\u00e1\u0161 Kaberle.<\/p>\n<p>&#13;<br \/>\n&#13;<\/p>\n<p>&#8222;Teraz m\u00e1me \u010das sadn\u00fa\u0165 si s\u00a0Milanom Bergerom a\u00a0cel\u00fdm organiza\u010dn\u00fdm t\u00edmom, ako aj s na\u0161imi partnermi a zhodnoti\u0165 to. Predbe\u017ene v\u0161ak m\u00e1me ve\u013emi dobr\u00e9 ohlasy zo v\u0161etk\u00fdch str\u00e1n, z ktor\u00fdch sa te\u0161\u00edme,&#8220;\u00a0netajil Neveri\u0161.<\/p>\n<p>&#13;<br \/>\n&#13;<br \/>\nOslava jednej \u00fa\u017easnej kari\u00e9ry&#13;<br \/>\n&#13;<\/p>\n<p>Z\u00e1pas bol oslavou kari\u00e9ry Zdena Ch\u00e1ru, ktor\u00fd ju ukon\u010dil po sez\u00f3ne 2021\/2022 a napokon sa rozhodol \u00eds\u0165 do podobn\u00e9ho projektu ako Mari\u00e1n Hossa, ktor\u00fd mal v Tren\u010d\u00edne podobn\u00fd z\u00e1pas v roku 2023. Ch\u00e1ra si takisto pozval plej\u00e1du hokejov\u00fdch hviezd, s ktor\u00fdmi hral na klubovej \u00farovni i v reprezent\u00e1cii.<\/p>\n<p>&#13;<br \/>\n&#13;<br \/>\n&#13;<br \/>\n&#13;<\/p>\n<p>Nech\u00fdbali Jarom\u00edr J\u00e1gr, Patrice Bergeron, Ray Bourque, An\u017ee Kopitar, David Pastr\u0148\u00e1k \u010di \u010desk\u00fd futbalov\u00fd brank\u00e1r Petr \u010cech. Mnoh\u00ed hr\u00e1\u010di prileteli zo z\u00e1moria a Ch\u00e1ra im pripravil pestr\u00fd program &#8211; ve\u010dera na hrade, golf \u010di cyklistika. Vrcholom bol piatkov\u00fd z\u00e1pas na tren\u010dianskom \u0161tadi\u00f3ne Pavla Demitru, v ktorom sa stretli t\u00edmy Bostonu a v\u00fdberu sveta.<\/p>\n<p>&#13;<br \/>\n&#13;<\/p>\n<p>Po\u010das neho nastalo viacero emot\u00edvnych momentov, napr\u00edklad slzy v o\u010diach samotn\u00e9ho Ch\u00e1ru, ke\u010f zaplnen\u00fd \u0161tadi\u00f3n v z\u00e1vere druhej tretiny tlieskal na po\u010des\u0165 jeho ned\u00e1vno zosnul\u00e9ho otca Zdenka.<\/p>\n<p>&#13;<br \/>\n&#13;<\/p>\n<p>&#8222;Ja som v tom z\u00e1pase intenz\u00edvne pre\u017e\u00edval nieko\u013eko momentov. Prv\u00fdm bolo \u00favodn\u00e9 video na kocke a\u00a0hne\u010f za t\u00fdm pr\u00edchod Zdena a moment, ke\u010f pobozkal svojich synov. Samozrejme nezabudnute\u013en\u00fdm sa stal odchod, ke\u010f si vyzul kor\u010dule a v sprievode synov odi\u0161iel z \u013eadu. To sme mali napl\u00e1novan\u00e9 a\u00a0napriek tomu, \u017ee sme o\u00a0tom vedeli, tak n\u00e1s to zasiahlo a bola to emot\u00edvne siln\u00e1 bodka,&#8220;\u00a0poznamenal Peter Neveri\u0161.<\/p>\n<p>&#13;<br \/>\n&#13;<\/p>\n<p>Organiza\u010dn\u00fd t\u00edm si dal z\u00e1le\u017ea\u0165 na detailoch. &#8222;Dlho sme \u013eu\u010fom hovorili, \u017ee nejde iba o z\u00e1pas, ale aj o\u00a0fan z\u00f3nu pred z\u00e1pasom, o\u00a0s\u00fa\u0165a\u017ee v\u00a0nej, no najm\u00e4 aj o \u0161ou, ktor\u00fa pripravujeme priamo na \u0161tadi\u00f3ne. Aj preto sme sa rozhodli pou\u017ei\u0165 \u0161peci\u00e1lne svietiace n\u00e1ramky, ktor\u00e9 spravili dojem aj na hr\u00e1\u010dov,&#8220;\u00a0povedal Neveri\u0161.<\/p>\n<p>&#13;<br \/>\n&#13;<\/p>\n<p>Spom\u00ednan\u00e9 n\u00e1ramky, ktor\u00e9 mali div\u00e1ci na ruk\u00e1ch, ovl\u00e1dala r\u00e9\u017eia, tak\u017ee dok\u00e1zali svieti\u0165 synchronizovane v re\u00e1lnom \u010dase. &#8222;In\u0161pirovali sme sa koncertom Coldplay. Nebola to lacn\u00e1 z\u00e1le\u017eitos\u0165, ale podarilo sa to. V\u017edy, ke\u010f rob\u00edme podobn\u00e9 akcie, ako napr\u00edklad p\u00e4\u0165 osl\u00e1v zisku Stanleyho poh\u00e1ra \u010di rozl\u00fa\u010dku Mari\u00e1na Hossu, sa sna\u017e\u00edme div\u00e1kom prinies\u0165 nie\u010do nov\u00e9 &#8211; nie\u010do trendy, \u010do im nech\u00e1 z\u00e1\u017eitok. <\/p>\n<p>&#13;<br \/>\n&#13;<\/p>\n<p>Z\u00e1rove\u0148 sme mysleli aj na dobr\u00fa vec a\u00a0div\u00e1ci sa svoj\u00edm vstupn\u00fdm podie\u013eali aj na charitat\u00edvnom podt\u00f3ne s\u00fa\u0165a\u017e\u00ed Zee\u2019s Hardest Shot (Zdenova najtvrd\u0161ia strela), s\u00fa\u0165a\u017e s\u00a0tenisov\u00fdmi lopti\u010dkami, \u010di z\u00e1vere\u010dn\u00e9 samostatn\u00e9 n\u00e1jazdy,&#8220; priznal Neveri\u0161.<\/p>\n<p>&#13;<br \/>\n&#13;<br \/>\n&#13;<br \/>\n&#13;<br \/>\nKomunik\u00e1cia i\u0161la ako v lete na saniach&#13;<br \/>\n&#13;<\/p>\n<p>Zorganizova\u0165 z\u00e1pas, na ktor\u00fd pri\u0161li okrem slovensk\u00fdch a \u010desk\u00fdch hokejov\u00fdch hviezd aj kanadsk\u00e9 legendy Bourque, Bergeron \u010di Mark Recchi, nebolo jednoduch\u00e9. Fotografie a vide\u00e1 z neho nesk\u00f4r zdie\u013eali aj ofici\u00e1lne \u00fa\u010dty z\u00e1morskej NHL i klubu Boston Bruins, ktor\u00fd mal v Tren\u010d\u00edne po\u010detn\u00e9 zast\u00fapenie. Z\u00e1morsk\u00ed fan\u00fa\u0161ikovia vyjadrili v koment\u00e1roch obdiv k zostave, ktor\u00e1 sa zi\u0161la pod \u010c\u00e1kov\u00fdm hradom.<\/p>\n<p>&#13;<br \/>\n&#13;<\/p>\n<p>Neveri\u0161 priznal aj drobn\u00e9 \u00faskalia komunik\u00e1cie s hr\u00e1\u010dmi: &#8222;\u00da\u010das\u0165 n\u00e1m potvrdili takmer okam\u017eite, ale ke\u010f sme s nimi za\u010dali \u010fal\u0161iu komunik\u00e1ciu, i\u0161lo to ako v lete na saniach. Dosta\u0165 od nich odpovede nebolo jednoduch\u00e9 u\u017e len pri tak\u00fdch z\u00e1kladn\u00fdch inform\u00e1ci\u00e1ch, ako s\u00fa mesto, z ktor\u00e9ho poletia. My sme detailisti a z\u00e1le\u017ealo n\u00e1m na tom, aby v\u0161etci hr\u00e1\u010di mali jednotn\u00e9 prilby, rukavice i hokejov\u00e9 nohavice. <\/p>\n<p>&#13;<br \/>\n&#13;<\/p>\n<p>Preto sme v predstihu zis\u0165ovali, \u010di maj\u00fa v\u0161etko vo farb\u00e1ch, ak\u00e9 potrebujeme. Ak nie, tak n\u00e1m mali nahl\u00e1si\u0165 preferovan\u00fa zna\u010dku, ve\u013ekos\u0165 a aj \u010d\u00edslo dresu. Niekedy z nich i\u0161li odpovede ako z chlpatej deky. Tak\u00e9to banality n\u00e1s brzdili. Ak hr\u00e1\u010d nemal prilbu po\u017eadovanej farby, tak vedel, \u017ee ju bude ma\u0165 pripraven\u00fa. Ja som mal dobr\u00fa sk\u00fasenos\u0165 z Hossovej rozl\u00fa\u010dky, ke\u010f som ako prekvapenie pre Mari\u00e1na priviedol \u0161tyroch kust\u00f3dov z Chicago Blackhawks. <\/p>\n<p>&#13;<br \/>\n&#13;<\/p>\n<p>Zavolal som ich aj tentoraz a u\u017e vedeli,\u00a0do \u010doho id\u00fa a ve\u013emi n\u00e1m pomohli. Zabezpe\u010dili cel\u00fd servis pre hr\u00e1\u010dov, ktor\u00ed mali v\u00a0\u0161atni komfort ako v NHL. Pri\u0161li so svojimi kufr\u00edkmi pln\u00fdmi skrutiek a naradia, priniesli aj americk\u00e9 \u017euva\u010dky na ktor\u00e9 s\u00fa hr\u00e1\u010di zvyknut\u00ed. P\u00e1sky na hokejky a\u00a0\u0161tucne rovnako ako aj elektrolyty, energetick\u00e9 ty\u010dinky, g\u00e9ly a\u00a0in\u00e9 suplementy sme mali \u010disto slovensk\u00e9 od na\u0161ich partnerov,&#8220;\u00a0prezradil Neveri\u0161.<\/p>\n<p>&#13;<br \/>\n&#13;<br \/>\nZastavte, chceme si odfoti\u0165 kr\u00e1sny hrad&#13;<br \/>\n&#13;<\/p>\n<p>Organiz\u00e1tori napokon poskladali dva t\u00edmy, ktor\u00e9 viedli v poz\u00edcii tr\u00e9nerov Peter Bondra Jergu\u0161 Ba\u010da, Mari\u00e1n G\u00e1bor\u00edk, Tim Thomas \u010di hr\u00e1\u010dsky agent Matt Keator. Vypo\u010duli si v\u0161ak aj nieko\u013eko ospravedlneniek a z r\u00f4znych d\u00f4vodov, preva\u017ene zdravotn\u00fdch, napokon nepri\u0161li Duncan Keith, Brad Marchand a Marco Sturm.<\/p>\n<p>&#13;<br \/>\n&#13;<\/p>\n<p>Dlhodob\u00e9 zdravotn\u00e9 probl\u00e9my neumo\u017enili ani \u0161tart Davida Krej\u010d\u00edho. Nakoniec sa ako tr\u00e9ner postavil na lavi\u010dku aj Jakub Vor\u00e1\u010dek, ktor\u00fd zo zdravotn\u00fdch d\u00f4vodov nenast\u00fapil, ako hr\u00e1\u010d, ale pri\u0161iel osobne pote\u0161i\u0165 div\u00e1kov.<\/p>\n<p>&#13;<br \/>\n&#13;<\/p>\n<p>Peter Neveri\u0161 pre TASR priznal, \u017ee oslovili aj o \u010fal\u0161ie hviezdy NHL. &#8222;Sna\u017eili sme sa o viac akt\u00edvnych hr\u00e1\u010dov. V hre boli aj ve\u013ek\u00e9 men\u00e1, no niektor\u00ed osloven\u00ed boli tento rok na ZOH, pr\u00edpadne aj na MS a\u00a0po n\u00e1ro\u010dnej sez\u00f3ne nechceli op\u00e4tovne cestova\u0165 do Eur\u00f3py a\u00a0rozhodli sa s\u00fastredi\u0165 na pr\u00edpravu do novej sez\u00f3ny. Nemysl\u00edm si, \u017ee treba menova\u0165 hr\u00e1\u010dov, ktor\u00ed nepri\u0161li. S\u00fastredili sme sa na t\u00fdch, ktor\u00ed pri\u0161li, a\u00a0na tie men\u00e1 sme hrd\u00ed.&#8220;<\/p>\n<p>&#13;<br \/>\n&#13;<\/p>\n<p>Pre mnoh\u00fdch z\u00e1morsk\u00fdch hr\u00e1\u010dov i\u0161lo o prv\u00fa sk\u00fasenos\u0165 so Slovenskom. &#8222;Ke\u010f sa viezli z letiska do Tren\u010d\u00edna, tak z dia\u013enice \u017easli nad hradom Beckov, fotili si ho a\u00a0\u017eiadali \u0161of\u00e9rov, aby im zastali, resp. aby i\u0161li bli\u017e\u0161ie k\u00a0hradu. \u0160of\u00e9ri im povedali: &#8222;Nie, nezastav\u00edme, lebo o p\u00e1r min\u00fat uvid\u00edte tak\u00fd hrad, a\u00a0budete pri \u0148om tak bl\u00edzko, \u017ee budete e\u0161te viac ohromen\u00ed.\u201c <\/p>\n<p>&#13;<br \/>\n&#13;<\/p>\n<p>P\u00e1\u010dilo sa im n\u00e1mestie, ktor\u00e9 je kr\u00e1sne zrekon\u0161truovan\u00e9 a vysvetlili sme im aj to, \u017ee v tomto roku je Tren\u010d\u00edn aj Eur\u00f3pske hlavn\u00e9 mesto kult\u00fary. Na\u0161iel sa aj tak\u00fd hr\u00e1\u010d, ktor\u00e9mu v\u0161etko tak u\u010darovalo, \u017ee nestihol odlet,&#8220;\u00a0prezradil Neveri\u0161.<\/p>\n<p>&#13;<br \/>\n&#13;<br \/>\n&#13;<br \/>\n&#13;<br \/>\nTrpezlivos\u0165, ak\u00e1 sa nevid\u00ed v\u017edy&#13;<br \/>\n&#13;<\/p>\n<p>Pr\u00edtomnos\u0165 hokejistov svetov\u00e9ho mena si nenechali ujs\u0165 ani stovky fan\u00fa\u0161ikov, ktor\u00ed sa k nim sna\u017eili dosta\u0165 v uliciach Tren\u010d\u00edna. Bergeron, An\u017ee Kopitar, Thomas Vanek, David Pastr\u0148\u00e1k a \u010fal\u0161\u00ed uk\u00e1zali mimoriadnu trpezlivos\u0165 a ochotu pri podpisovan\u00ed a fotografovan\u00ed sa.<\/p>\n<p>&#13;<br \/>\n&#13;<\/p>\n<p>&#8222;My sme ich pripravovali na to, \u017ee to m\u00f4\u017ee nasta\u0165. Mysl\u00edm, \u017ee sme sa spr\u00e1vali k\u00a0fan\u00fa\u0161ikom ve\u013emi priate\u013esky. V\u00e4\u010d\u0161ina na\u0161e nastavenie prijala a akceptovala. Niektor\u00ed z\u00e1ujemcovia ob\u010das nemali trpezlivos\u0165, ale na konci t\u00ed hr\u00e1\u010di v\u017edy pri\u0161li a spr\u00e1vali sa \u00fastretovo,&#8220; poznamenal Neveri\u0161.<\/p>\n<p>&#13;<br \/>\n&#13;<\/p>\n<p>O nad\u0161en\u00ed fan\u00fa\u0161ikov z Ch\u00e1rovej rozl\u00fa\u010dky sved\u010d\u00ed aj fakt, \u017ee viacer\u00e9 zo \u0161peci\u00e1lnych suven\u00edrov sa vypredali do posledn\u00e9ho kusa a organiz\u00e1tori sa pre ve\u013ek\u00fd z\u00e1ujem rozhodli pre dodato\u010dn\u00fa v\u00fdrobu. Z\u00e1ujemcovia si ich m\u00f4\u017eu zak\u00fapi\u0165 cez ofici\u00e1lnu str\u00e1nku podujatia.<\/p>\n<p>&#13;<br \/>\n&#13;<\/p>\n<p>Exhibi\u010dn\u00fd z\u00e1pas na po\u010des\u0165 legend\u00e1rneho obrancu nadviazal na podobn\u00fa akciu Mari\u00e1na Hossu pred troch rokov, no \u0165a\u017eko o\u010dak\u00e1va\u0165, \u017ee sa podobn\u00e9 hokejov\u00e9 rozl\u00fa\u010dky stan\u00fa trad\u00edciou. Pre mnoh\u00fdch hr\u00e1\u010dov by poskladanie hviezdnej zostavy mohlo by\u0165 prive\u013ekou v\u00fdzvou.<\/p>\n<p>&#13;<br \/>\n&#13;<\/p>\n<p>&#8222;V tom roku 2023 zaznela od jedn\u00e9ho \u0160v\u00e9da veta, ktor\u00fa povedal Mari\u00e1novi &#8211; \u017ee hr\u00e1\u010di bud\u00fa musie\u0165 hra\u0165 hokej do smrti, aby nemuseli \u00eds\u0165 do hokejov\u00e9ho d\u00f4chodku, preto\u017ee tak\u00fdto odchod do hokejov\u00e9ho d\u00f4chodku len m\u00e1lokto prekon\u00e1. T\u00fato my\u0161lienku teraz niekto vytiahol a znovu sa ujala. Je v tom ve\u013ek\u00e1 pravda,&#8220;\u00a0uzavrel Neveri\u0161 pre TASR.<\/p>\n<p>&#13;<\/p>\n<p>\t\t\tAutor: \u00a9 Zoznam\/\t\t\tZdroj: TASR\t<\/p>\n","protected":false},"excerpt":{"rendered":"Na sn\u00edmke b\u00fdval\u00fd slovensk\u00fd hokejista Zdeno Ch\u00e1ra po skon\u010den\u00ed rozl\u00fa\u010dkov\u00e9ho z\u00e1pasu Zdroj: TASR\/Luk\u00e1\u0161 Grinaj TREN\u010c\u00cdN &#8211; Exhibi\u010dn\u00fd hokejov\u00fd&hellip;\n","protected":false},"author":2,"featured_media":167806,"comment_status":"","ping_status":"","sticky":false,"template":"","format":"standard","meta":{"footnotes":"","_share_on_mastodon":"0"},"categories":[13],"tags":[6662,10475,884,1201,5148,47857,30880,47860,46337,47859,43,40,39,42,41,69,68,47858,7310,46476],"class_list":["post-167805","post","type-post","status-publish","format-standard","has-post-thumbnail","category-sport","tag-anze-kopitar","tag-david-pastrnak","tag-jaromir-jagr","tag-marian-gaborik","tag-marian-hossa","tag-mark-recchi","tag-patrice-bergeron","tag-peter-neveris","tag-petr-cech","tag-ray-bourque","tag-sk","tag-slovak","tag-slovakia","tag-slovencina","tag-slovensko","tag-sport","tag-sports","tag-tomas-kaberle","tag-zdeno-chara","tag-zee"],"share_on_mastodon":{"url":"https:\/\/pubeurope.com\/@sk\/117199075283952579","error":""},"_links":{"self":[{"href":"https:\/\/www.europesays.com\/sk\/wp-json\/wp\/v2\/posts\/167805","targetHints":{"allow":["GET"]}}],"collection":[{"href":"https:\/\/www.europesays.com\/sk\/wp-json\/wp\/v2\/posts"}],"about":[{"href":"https:\/\/www.europesays.com\/sk\/wp-json\/wp\/v2\/types\/post"}],"author":[{"embeddable":true,"href":"https:\/\/www.europesays.com\/sk\/wp-json\/wp\/v2\/users\/2"}],"replies":[{"embeddable":true,"href":"https:\/\/www.europesays.com\/sk\/wp-json\/wp\/v2\/comments?post=167805"}],"version-history":[{"count":0,"href":"https:\/\/www.europesays.com\/sk\/wp-json\/wp\/v2\/posts\/167805\/revisions"}],"wp:featuredmedia":[{"embeddable":true,"href":"https:\/\/www.europesays.com\/sk\/wp-json\/wp\/v2\/media\/167806"}],"wp:attachment":[{"href":"https:\/\/www.europesays.com\/sk\/wp-json\/wp\/v2\/media?parent=167805"}],"wp:term":[{"taxonomy":"category","embeddable":true,"href":"https:\/\/www.europesays.com\/sk\/wp-json\/wp\/v2\/categories?post=167805"},{"taxonomy":"post_tag","embeddable":true,"href":"https:\/\/www.europesays.com\/sk\/wp-json\/wp\/v2\/tags?post=167805"}],"curies":[{"name":"wp","href":"https:\/\/api.w.org\/{rel}","templated":true}]}}