{"id":167809,"date":"2026-09-02T02:28:25","date_gmt":"2026-09-02T02:28:25","guid":{"rendered":"https:\/\/www.europesays.com\/sk\/167809\/"},"modified":"2026-09-02T02:28:25","modified_gmt":"2026-09-02T02:28:25","slug":"zrazka-troch-aut-pri-novych-zamkoch-ma-tragicke-nasledky-vodic-zomrel-na-mieste-zena-vo-vrtulniku","status":"publish","type":"post","link":"https:\/\/www.europesays.com\/sk\/167809\/","title":{"rendered":"Zr\u00e1\u017eka troch \u00e1ut pri Nov\u00fdch Z\u00e1mkoch m\u00e1 tragick\u00e9 n\u00e1sledky: Vodi\u010d zomrel na mieste, \u017eena vo vrtu\u013en\u00edku"},"content":{"rendered":"<p>NOV\u00c9 Z\u00c1MKY &#8211; Z\u00e1chrann\u00e9 zlo\u017eky dnes dopoludnia zasahovali pri v\u00e1\u017enej dopravnej nehode, ktor\u00e1 sa stala na ceste I\/75 medzi obcou Tvrdo\u0161ovce a Nov\u00e9 Z\u00e1mky, kri\u017eovatka v smere do obce \u013dudov\u00edtov. <\/p>\n<p>Pod\u013ea prvotn\u00fdch inform\u00e1ci\u00ed do\u0161lo k stretu troch osobn\u00fdch motorov\u00fdch vozidiel. &#8222;Dan\u00fd \u00fasek cesty je moment\u00e1lne neprejazdn\u00fd. Prem\u00e1vka je v tomto \u00faseku usmer\u0148ovan\u00e1 pr\u00edslu\u0161n\u00edkmi Policajn\u00e9ho zboru a je vykon\u00e1van\u00fd odklon dopravy,&#8220; uviedla dopoludnia pol\u00edcia.\u00a0<\/p>\n<p>\t<a href=\"https:\/\/www.topky.sk\/gl\/9601411\/6576969\/Nehoda-pri-Novych-Zamkoch-ma-tragicke-nasledky--Vodic-zomrel-na-mieste--zena-vo-vrtulniku--FOTO-Auto-je-na-srot\" rel=\"nofollow noopener\" target=\"_blank\"><br \/>\n\t\t<img decoding=\"async\" alt=\"Nehoda pri Nov\u00fdch Z\u00e1mkoch\" aria-describedby=\"img-res-6576969\" class=\"\" height=\"2133\" id=\"6576969\" loading=\"lazy\" onerror=\"imgArticleLoadErr(this)\" src=\"https:\/\/www.europesays.com\/sk\/wp-content\/uploads\/2026\/09\/nehoda-zrazka-policia--smrtelna-nehoda.jpg\" style=\"aspect-ratio:0.750\" title=\"Nehoda pri Nov\u00fdch Z\u00e1mkoch\" width=\"1600\"\/>\t\t\t<\/p>\n<p>\n\t\t\t\tZobrazi\u0165 gal\u00e9riu (4)\t\t\t<\/p>\n<p>\t<\/a><\/p>\n<p>\t\u00a0(Zdroj: Facebook\/Pol\u00edcia Slovenskej republiky)<\/p>\n<p>\u017dia\u013e, ako sa uk\u00e1zalo, nehoda si vy\u017eiadala a\u017e dva \u013eudsk\u00e9 \u017eivoty. &#8222;Z doposia\u013e presne nezisten\u00fdch pr\u00ed\u010din vodi\u010d vozidla Peugeot narazil do stojacej dod\u00e1vky Fiat Ducato, ktor\u00e1 v d\u00f4sledku tvoriacej sa kol\u00f3ny st\u00e1la na vozovke. Po n\u00e1raze vozidlo Peugeot pre\u0161lo do protismernej \u010dasti vozovky, kde sa zrazilo s protiid\u00facim vozidlom Tesla,&#8220; uviedla pol\u00edcia nesk\u00f4r popoludn\u00ed.\u00a0<\/p>\n<p>Vodi\u010d vozidla Peugeot utrpel zranenia, ktor\u00fdm na mieste pod\u013eahol. Spolujazdky\u0148a bola vo v\u00e1\u017enom stave prevezen\u00e1 vrtu\u013en\u00edkom. Po\u010das prevozu v\u0161ak \u017eia\u013e aj ona zraneniam pod\u013eahla. Vo vozidle sa nach\u00e1dzala e\u0161te malolet\u00e1 osoba, ktor\u00e1 je predbe\u017ene bez zranen\u00ed.<\/p>\n<p>\t<a href=\"https:\/\/www.topky.sk\/gl\/9601411\/6576965\/Nehoda-pri-Novych-Zamkoch-ma-tragicke-nasledky--Vodic-zomrel-na-mieste--zena-vo-vrtulniku--FOTO-Auto-je-na-srot\" rel=\"nofollow noopener\" target=\"_blank\"><br \/>\n\t\t<img decoding=\"async\" alt=\"Nehoda pri Nov\u00fdch Z\u00e1mkoch\" aria-describedby=\"img-res-6576965\" class=\"\" height=\"2133\" id=\"6576965\" loading=\"lazy\" onerror=\"imgArticleLoadErr(this)\" src=\"https:\/\/www.europesays.com\/sk\/wp-content\/uploads\/2026\/09\/1788316105_816_nehoda-zrazka-policia--smrtelna-nehoda.jpg\" style=\"aspect-ratio:0.750\" title=\"Nehoda pri Nov\u00fdch Z\u00e1mkoch\" width=\"1600\"\/>\t\t\t<\/p>\n<p>\n\t\t\t\tZobrazi\u0165 gal\u00e9riu (4)\t\t\t<\/p>\n<p>\t<\/a><\/p>\n<p>\t\u00a0(Zdroj: Facebook\/Pol\u00edcia Slovenskej republiky)<\/p>\n<p>&#8222;Dychov\u00e9 sk\u00fa\u0161ky oboch vodi\u010dov boli negat\u00edvne. Pr\u00edtomnos\u0165 alkoholu u neboh\u00e9ho vodi\u010da bude zis\u0165ovan\u00e1 pri pitve. Okolnosti, miera zavinenia a presn\u00e1 pr\u00ed\u010dina s\u00fa predmetom vy\u0161etrovania pol\u00edcie,&#8220; dodala pol\u00edcia.\u00a0<\/p>\n<p>&#8222;V\u0161etk\u00fdch vodi\u010dov vyz\u00fdvame k zv\u00fd\u0161enej opatrnosti, oh\u013eaduplnosti a zodpovednosti. Nezab\u00fadajte niekto na v\u00e1s \u010dak\u00e1 a niekto \u010dak\u00e1 aj na t\u00fdch, ktor\u00fdch stret\u00e1vate na ceste,&#8220; odk\u00e1zali.\u00a0<\/p>\n","protected":false},"excerpt":{"rendered":"NOV\u00c9 Z\u00c1MKY &#8211; Z\u00e1chrann\u00e9 zlo\u017eky dnes dopoludnia zasahovali pri v\u00e1\u017enej dopravnej nehode, ktor\u00e1 sa stala na ceste I\/75&hellip;\n","protected":false},"author":2,"featured_media":167810,"comment_status":"","ping_status":"","sticky":false,"template":"","format":"standard","meta":{"footnotes":"","_share_on_mastodon":"0"},"categories":[6],"tags":[535,3740,525,43,40,44,39,42,45,41,1143],"class_list":["post-167809","post","type-post","status-publish","format-standard","has-post-thumbnail","category-slovensko","tag-nehoda","tag-nove-zamky","tag-policia","tag-sk","tag-slovak","tag-slovak-republic","tag-slovakia","tag-slovencina","tag-slovenska-republika","tag-slovensko","tag-zrazka"],"share_on_mastodon":{"url":"https:\/\/pubeurope.com\/@sk\/117199090936635624","error":""},"_links":{"self":[{"href":"https:\/\/www.europesays.com\/sk\/wp-json\/wp\/v2\/posts\/167809","targetHints":{"allow":["GET"]}}],"collection":[{"href":"https:\/\/www.europesays.com\/sk\/wp-json\/wp\/v2\/posts"}],"about":[{"href":"https:\/\/www.europesays.com\/sk\/wp-json\/wp\/v2\/types\/post"}],"author":[{"embeddable":true,"href":"https:\/\/www.europesays.com\/sk\/wp-json\/wp\/v2\/users\/2"}],"replies":[{"embeddable":true,"href":"https:\/\/www.europesays.com\/sk\/wp-json\/wp\/v2\/comments?post=167809"}],"version-history":[{"count":0,"href":"https:\/\/www.europesays.com\/sk\/wp-json\/wp\/v2\/posts\/167809\/revisions"}],"wp:featuredmedia":[{"embeddable":true,"href":"https:\/\/www.europesays.com\/sk\/wp-json\/wp\/v2\/media\/167810"}],"wp:attachment":[{"href":"https:\/\/www.europesays.com\/sk\/wp-json\/wp\/v2\/media?parent=167809"}],"wp:term":[{"taxonomy":"category","embeddable":true,"href":"https:\/\/www.europesays.com\/sk\/wp-json\/wp\/v2\/categories?post=167809"},{"taxonomy":"post_tag","embeddable":true,"href":"https:\/\/www.europesays.com\/sk\/wp-json\/wp\/v2\/tags?post=167809"}],"curies":[{"name":"wp","href":"https:\/\/api.w.org\/{rel}","templated":true}]}}