{"id":167893,"date":"2026-09-02T05:59:12","date_gmt":"2026-09-02T05:59:12","guid":{"rendered":"https:\/\/www.europesays.com\/sk\/167893\/"},"modified":"2026-09-02T05:59:12","modified_gmt":"2026-09-02T05:59:12","slug":"za-rovnake-peniaze-menej-tovaru-nove-pravidla-mozu-zasadne-zmenit-nakupy-v-obchodoch","status":"publish","type":"post","link":"https:\/\/www.europesays.com\/sk\/167893\/","title":{"rendered":"Za rovnak\u00e9 peniaze menej tovaru? Nov\u00e9 pravidl\u00e1 m\u00f4\u017eu z\u00e1sadne zmeni\u0165 n\u00e1kupy v obchodoch"},"content":{"rendered":"<p>\t\t\t\t\t\t\t<img decoding=\"async\" src=\"https:\/\/www.europesays.com\/sk\/wp-content\/uploads\/2026\/09\/GettyImages-1302830505-1280x960.jpg\"\/><\/p>\n<p>\t\t\t\t\tFoto: gettyimages.com\/Ildar Abulkhanov<\/p>\n<p>\t\t<img decoding=\"async\" src=\"https:\/\/www.europesays.com\/sk\/wp-content\/uploads\/2026\/09\/1788328752_689_openiazoch-logo-favicon.jpg\" alt=\"oPeniazoch.sk\"\/><\/p>\n<p class=\"article-perex\">Na prv\u00fd poh\u013ead m\u00f4\u017ee by\u0165 v\u0161etko po starom. Rovnak\u00fd v\u00fdrobok, podobn\u00fd obal a mo\u017eno aj rovnak\u00e1 cena. V skuto\u010dnosti v\u0161ak m\u00f4\u017ee by\u0165 v balen\u00ed menej tovaru. Pr\u00e1ve na tak\u00e9to situ\u00e1cie chc\u00fa koali\u010dn\u00ed poslanci SNS zavies\u0165 nov\u00e9 pravidl\u00e1. Navrhuj\u00fa zmeni\u0165 z\u00e1kon o ochrane spotrebite\u013ea tak, aby obchodn\u00edk musel z\u00e1kazn\u00edka upozorni\u0165, ak sa balenie v\u00fdrobku zmen\u0161\u00ed a v prepo\u010dte na jednotku mno\u017estva sa t\u00fdm jeho cena zv\u00fd\u0161i. Obchodn\u00edci v\u0161ak n\u00e1vrh kritizuj\u00fa a tvrdia, \u017ee bude znamena\u0165 zbyto\u010dn\u00fa administrat\u00edvu a spotrebite\u013eom re\u00e1lnu pridan\u00fa hodnotu neprinesie.<\/p>\n<p>Po\u010duli ste u\u017e v\u00fdraz <a href=\"https:\/\/openiazoch.zoznam.sk\/tag\/shrinkflacia\/\" data-type=\"post_tag\" data-id=\"14093\" target=\"_blank\" rel=\"noreferrer noopener nofollow\">shrinkfl\u00e1cia<\/a>? Ide o spojenie anglick\u00fdch slov shrink, teda zmen\u0161i\u0165, a inflation, \u010di\u017ee infl\u00e1cia. Tento pojem ozna\u010duje situ\u00e1ciu, ke\u010f v\u00fdrobca zmen\u0161\u00ed mno\u017estvo v\u00fdrobku v balen\u00ed, no jeho cena zostane rovnak\u00e1 alebo sa zmen\u00ed len m\u00e1lo. Spotrebite\u013e tak za rovnak\u00e9 peniaze dostane menej, pr\u00edpadne za rovnak\u00e9 mno\u017estvo v prepo\u010dte zaplat\u00ed viac.<\/p>\n<p>Mohlo by v\u00e1s zauj\u00edma\u0165:<\/p>\n<p>Reklama<\/p>\n<p> div {<br \/>\ntext-align: left;<br \/>\nfont-size: 12px;<br \/>\ncolor: #6f6f6f;<br \/>\n}<\/p>\n<p>#onnetwork-banner > div:first-child {<br \/>\ntext-align: left;<br \/>\nfont-weight: 700;<br \/>\npadding-bottom: 5px;<br \/>\nfont-size: 14px;<br \/>\ncolor: #000000;<br \/>\n}<\/p>\n<p>]]><\/p>\n<p>Predstavme si napr\u00edklad v\u00fdrobok, ktor\u00fd sa pred\u00e1va v rovnakom alebo ve\u013emi podobnom obale ako doteraz, no namiesto p\u00f4vodn\u00e9ho mno\u017estva obsahuje menej. Cena pritom m\u00f4\u017ee zosta\u0165 podobn\u00e1. Na prv\u00fd poh\u013ead tak nemus\u00ed by\u0165 zmena v\u00f4bec n\u00e1padn\u00e1, no pri prepo\u010dte na 100 gramov \u010di in\u00fa jednotku mno\u017estva zist\u00edme, \u017ee v\u00fdrobok v skuto\u010dnosti zdra\u017eel.<\/p>\n<p>Pr\u00e1ve tento probl\u00e9m chce <a href=\"https:\/\/www.nrsr.sk\/web\/Default.aspx?sid=zakony\/zakon&amp;MasterID=10966\" target=\"_blank\" rel=\"noreferrer noopener nofollow\">n\u00e1vrh<\/a> poslancov za SNS Adama Lu\u010dansk\u00e9ho, Milana Garaja, Romana Michelka a Karola Farka\u0161ovsk\u00e9ho rie\u0161i\u0165. Ak bude zdra\u017eenie v prepo\u010dte na jednotku mno\u017estva dostato\u010dn\u00e9, obchodn\u00edk bude musie\u0165 z\u00e1kazn\u00edkovi jasne poveda\u0165, \u017ee mno\u017estvo v\u00fdrobku bolo zn\u00ed\u017een\u00e9. Z\u00e1rove\u0148 bude musie\u0165 uk\u00e1za\u0165 p\u00f4vodn\u00e9 aj nov\u00e9 mno\u017estvo a porovna\u0165 p\u00f4vodn\u00fa a nov\u00fa jednotkov\u00fa cenu.<\/p>\n<p>Pre spotrebite\u013ea by tak mala by\u0165 podstatn\u00e1 inform\u00e1cia vidite\u013en\u00e1 priamo pri v\u00fdrobku, namiesto toho, aby si musel doma alebo pri reg\u00e1li porovn\u00e1va\u0165 star\u00e9 a nov\u00e9 balenia a v\u0161etko prepo\u010d\u00edtava\u0165.<\/p>\n<p>Rozhodova\u0165 nem\u00e1 iba to, ko\u013eko stoj\u00ed v\u00fdrobok dnes<\/p>\n<p>N\u00e1vrh z\u00e1rove\u0148 nastavuje pravidl\u00e1, pod\u013ea ktor\u00fdch sa bude ur\u010dova\u0165, \u010di je zmen\u0161en\u00e9 balenie v skuto\u010dnosti drah\u0161ie. Nejde teda jednoducho o porovnanie novej ceny s cenou, ktor\u00fa mal v\u00fdrobok naposledy.<\/p>\n<p>Zoh\u013ead\u0148ova\u0165 sa m\u00e1 aj v\u00fdvoj ceny v predch\u00e1dzaj\u00facom obdob\u00ed. Cie\u013eom je zabr\u00e1ni\u0165 tomu, aby sa porovnanie dalo jednoducho ob\u00eds\u0165 napr\u00edklad kr\u00e1tkodob\u00fdm zv\u00fd\u0161en\u00edm ceny p\u00f4vodn\u00e9ho balenia tesne pred jeho zmen\u0161en\u00edm.<\/p>\n<p>Kedy m\u00e1 vznikn\u00fa\u0165 povinnos\u0165 upozorni\u0165 z\u00e1kazn\u00edka?<\/p>\n<p>Nov\u00e9 pravidlo sa m\u00e1 t\u00fdka\u0165 pr\u00edpadu, ke\u010f sa zmen\u0161\u00ed mno\u017estvo v\u00fdrobku v balen\u00ed.<\/p>\n<p>Jednotkov\u00e1 cena zmen\u0161en\u00e9ho balenia mus\u00ed by\u0165 najmenej o 3 % vy\u0161\u0161ia ako predch\u00e1dzaj\u00faca jednotkov\u00e1 cena.<\/p>\n<p>Obchodn\u00edk potom mus\u00ed uvies\u0165 inform\u00e1ciu o zn\u00ed\u017een\u00ed mno\u017estva a porovna\u0165 p\u00f4vodn\u00e9 a nov\u00e9 mno\u017estvo aj jednotkov\u00fa cenu.<\/p>\n<p>Povinnos\u0165 m\u00e1 trva\u0165 60 dn\u00ed od za\u010diatku predaja zmen\u0161en\u00e9ho balenia.<\/p>\n<p>Pri ur\u010dovan\u00ed predch\u00e1dzaj\u00facej ceny sa m\u00e1 zoh\u013eadni\u0165 najni\u017e\u0161ia jednotkov\u00e1 cena za rovnak\u00fd v\u00fdrobok po\u010das predch\u00e1dzaj\u00facich 30 dn\u00ed.<\/p>\n<p>Poslanci po\u010d\u00edtaj\u00fa aj s t\u00fdm, \u017ee v\u00fdrobca m\u00f4\u017ee mno\u017estvo v\u00fdrobku zn\u00ed\u017ei\u0165 viackr\u00e1t. N\u00e1vrh preto obsahuje pravidlo, ktor\u00e9 m\u00e1 zabr\u00e1ni\u0165 tomu, aby sa ka\u017ed\u00e9 \u010fal\u0161ie zmen\u0161enie posudzovalo \u00faplne samostatne.<\/p>\n<p>Ak sa mno\u017estvo rovnak\u00e9ho v\u00fdrobku zn\u00ed\u017ei opakovane v stanovenej lehote, porovn\u00e1va\u0165 sa m\u00e1 s mno\u017estvom pred prv\u00fdm zn\u00ed\u017een\u00edm.<\/p>\n<p>Obchod nebude jedin\u00fd, kto bude musie\u0165 ma\u0165 o zmene preh\u013ead<\/p>\n<p>N\u00e1vrh po\u010d\u00edta aj s povinnos\u0165ou pre dod\u00e1vate\u013ea. Ak obchodn\u00edk dostane v\u00fdrobok v zmen\u0161enom balen\u00ed, dod\u00e1vate\u013e mu bude musie\u0165 poskytn\u00fa\u0165 inform\u00e1ciu o tejto zmene a \u00fadaje potrebn\u00e9 na porovnanie s p\u00f4vodn\u00fdm v\u00fdrobkom.<\/p>\n<p>Ak v\u0161ak obchodn\u00edk preuk\u00e1\u017ee, \u017ee mu dod\u00e1vate\u013e potrebn\u00e9 inform\u00e1cie neposkytol a zmen\u0161enie nedok\u00e1zal zisti\u0165 ani pri odbornej starostlivosti, pod\u013ea n\u00e1vrhu by t\u00fdm svoju povinnos\u0165 neporu\u0161il.<\/p>\n<p>\tV\u0161imli ste si u\u017e, \u017ee niektor\u00e9 v\u00fdrobky maj\u00fa men\u0161ie balenie, hoci ich cena zostala podobn\u00e1?<\/p>\n<p>Nov\u00e9 pravidl\u00e1 sa maj\u00fa t\u00fdka\u0165 kamenn\u00fdch predajn\u00ed, predajn\u00fdch automatov a automatizovan\u00fdch predajn\u00fdch syst\u00e9mov. Na predaj cez zmluvy uzatvoren\u00e9 na dia\u013eku alebo mimo prev\u00e1dzkov\u00fdch priestorov obchodn\u00edka sa t\u00e1to povinnos\u0165 vz\u0165ahova\u0165 nem\u00e1.<\/p>\n<p>Obchodn\u00edci: Zbyto\u010dn\u00e1 administrat\u00edva, spotrebite\u013eovi neprinesie ni\u010d nov\u00e9<\/p>\n<p>Pr\u00e1ve pri poh\u013eade obchodn\u00edkov sa v\u0161ak n\u00e1vrh stret\u00e1va s v\u00fdrazne kritickej\u0161\u00edm hodnoten\u00edm. <a href=\"https:\/\/openiazoch.zoznam.sk\/tag\/zvaz-obchodu-sr-zo\/\" data-type=\"post_tag\" data-id=\"659\" target=\"_blank\" rel=\"noreferrer noopener nofollow\">Zv\u00e4z obchodu SR<\/a> ho pova\u017euje za zbyto\u010dn\u00e9 administrat\u00edvne za\u0165a\u017eovanie obchodn\u00edkov, ktor\u00e9 pod\u013ea neho spotrebite\u013eom neprinesie re\u00e1lnu pridan\u00fa informa\u010dn\u00fa hodnotu.<\/p>\n<p>\u201eV pr\u00edpade zmien gram\u00e1\u017ee niektor\u00fdch v\u00fdrobkov z rozhodnutia producentov, obchodn\u00edci nemaj\u00fa \u017eiadny z\u00e1ujem zav\u00e1dza\u0165 spotrebite\u013eov, pri\u010dom tovar je ozna\u010den\u00fd aj jednotkovou cenou vo vz\u0165ahu k mernej jednotke v s\u00falade s platnou legislat\u00edvou,\u201c uviedol pre <a href=\"https:\/\/openiazoch.zoznam.sk\/\" target=\"_blank\" rel=\"noreferrer noopener nofollow\">oPeniazoch.sk<\/a> prezident Zv\u00e4zu obchodu SR Filip Kasana.<\/p>\n<p>\u201eZv\u00e4z obchodu SR pova\u017euje predlo\u017een\u00fd poslaneck\u00fd n\u00e1vrh za zbyto\u010dn\u00e9 administrat\u00edvne za\u0165a\u017eovanie obchodn\u00edkov, ktor\u00e9 spotrebite\u013eom re\u00e1lne neprinesie \u017eiadnu pridan\u00fa informa\u010dn\u00fa hodnotu a\u00a0m\u00f4\u017ee sp\u00f4sobi\u0165 zm\u00e4to\u010dnos\u0165 uv\u00e1dzan\u00fdch cenov\u00fdch \u00fadajov\u201c<\/p>\n<p>Filip Kasana | prezident Zv\u00e4zu obchodu SR pre web oPeniazoch.sk<\/p>\n<p>Pod\u013ea zv\u00e4zu navy\u0161e nejde o n\u00e1vrh, ktor\u00fd by vznikol po \u0161tandardnej diskusii s dotknut\u00fdm sektorom. \u201eT\u00fato iniciat\u00edvu vn\u00edmame prim\u00e1rne ako politick\u00fa aktivitu, ktor\u00e1 nebola nijak\u00fdm sp\u00f4sobom konzultovan\u00e1 s odbornou verejnos\u0165ou a dotknut\u00fdm sektorom v r\u00e1mci \u0161tandardov legislat\u00edvneho procesu,\u201c uviedol Kasana. Pouk\u00e1zal pritom na to, \u017ee n\u00e1vrh bol pod\u013ea zv\u00e4zu predlo\u017een\u00fd bez pripomienkov\u00e9ho konania priamo na rokovanie parlamentu.<\/p>\n<p>Zv\u00e4z obchodu SR z\u00e1rove\u0148 tvrd\u00ed, \u017ee <a href=\"https:\/\/openiazoch.zoznam.sk\/tag\/ochrana-spotrebitela\/\" data-type=\"post_tag\" data-id=\"4517\" target=\"_blank\" rel=\"noreferrer noopener nofollow\">ochrana spotrebite\u013ea<\/a> pred zav\u00e1dzaj\u00facimi praktikami je u\u017e dostato\u010dne pokryt\u00e1 platn\u00fdmi pravidlami. \u201eNekal\u00e9 obchodn\u00e9 praktiky a r\u00f4zne formy klamliv\u00e9ho konania, ktor\u00e9 sa predkladatelia n\u00e1vrhu sna\u017eia rie\u0161i\u0165, u\u017e dostato\u010dne pokr\u00fdva platn\u00e1 pr\u00e1vna \u00faprava nov\u00e9ho z\u00e1kona o ochrane spotrebite\u013ea, ktor\u00fd sp\u013a\u0148a modern\u00fd eur\u00f3psky \u0161tandard,\u201c dodal prezident zv\u00e4zu.<\/p>\n<p>Viac inform\u00e1ci\u00ed pri reg\u00e1loch, ale aj viac pr\u00e1ce pre obchody<\/p>\n<p>Nov\u00e1 povinnos\u0165 by pre obchodn\u00edkov znamenala aj ur\u010dit\u00fa administrat\u00edvu. Museli by sledova\u0165 zmeny mno\u017estva, pracova\u0165 s \u00fadajmi od dod\u00e1vate\u013eov a zabezpe\u010di\u0165, aby sa pr\u00edslu\u0161n\u00e1 inform\u00e1cia dostala k z\u00e1kazn\u00edkovi.<\/p>\n<p>Predkladatelia v\u0161ak uv\u00e1dzaj\u00fa, \u017ee n\u00e1vrh nepo\u010d\u00edta napr\u00edklad so vznikom nov\u00e9ho registra, osobitn\u00fdmi hl\u00e1seniami pre \u0161t\u00e1t ani s povinnos\u0165ou meni\u0165 samotn\u00e9 obaly v\u00fdrobkov. Kontrolu dodr\u017eiavania pravidiel by vykon\u00e1vala <a href=\"https:\/\/openiazoch.zoznam.sk\/tag\/slovenska-obchodna-inspekcia-soi\/\" data-type=\"post_tag\" data-id=\"6579\" target=\"_blank\" rel=\"noreferrer noopener nofollow\">Slovensk\u00e1 obchodn\u00e1 in\u0161pekcia<\/a> v r\u00e1mci svojej existuj\u00facej p\u00f4sobnosti.<\/p>\n<p>Pre spotrebite\u013ea m\u00e1 by\u0165 hlavnou zmenou v\u00e4\u010d\u0161ia preh\u013eadnos\u0165. Ak v\u00fdrobok ubudne, z\u00e1kazn\u00edk by sa o tom pod\u013ea n\u00e1vrhu nemal dozvedie\u0165 a\u017e po d\u00f4kladnom porovn\u00e1van\u00ed cien a gram\u00e1\u017ee. Inform\u00e1cia by mala by\u0165 dostupn\u00e1 priamo pri predaji.<\/p>\n<p>Nov\u00e9 pravidl\u00e1 maj\u00fa pod\u013ea n\u00e1vrhu za\u010da\u0165 plati\u0165 od 1. janu\u00e1ra 2027. T\u00fdka\u0165 sa pritom maj\u00fa v\u00fdrobkov, ktor\u00e9 obchodn\u00edk za\u010dne pon\u00faka\u0165 alebo pred\u00e1va\u0165 v zn\u00ed\u017eenom mno\u017estve po 31. decembri 2026. N\u00e1vrh v\u0161ak mus\u00ed prejs\u0165 rokovan\u00edm v parlamente.<\/p>\n<p class=\"tags\">Viac o t\u00e9me: <a href=\"https:\/\/openiazoch.zoznam.sk\/tag\/ceny\/\" rel=\"nofollow noopener\" target=\"_blank\">ceny<\/a>, <a href=\"https:\/\/openiazoch.zoznam.sk\/tag\/filip-kasana\/\" rel=\"nofollow noopener\" target=\"_blank\">Filip Kasana<\/a>, <a href=\"https:\/\/openiazoch.zoznam.sk\/tag\/inflacia\/\" rel=\"nofollow noopener\" target=\"_blank\">infl\u00e1cia<\/a>, <a href=\"https:\/\/openiazoch.zoznam.sk\/tag\/obchody\/\" rel=\"nofollow noopener\" target=\"_blank\">obchody<\/a>, <a href=\"https:\/\/openiazoch.zoznam.sk\/tag\/ochrana-spotrebitela\/\" rel=\"nofollow noopener\" target=\"_blank\">ochrana spotrebite\u013ea<\/a>, <a href=\"https:\/\/openiazoch.zoznam.sk\/tag\/parlament\/\" rel=\"nofollow noopener\" target=\"_blank\">parlament<\/a>, <a href=\"https:\/\/openiazoch.zoznam.sk\/tag\/shrinkflacia\/\" rel=\"nofollow noopener\" target=\"_blank\">shrinkfl\u00e1cia<\/a>, <a href=\"https:\/\/openiazoch.zoznam.sk\/tag\/spotrebitel\/\" rel=\"nofollow noopener\" target=\"_blank\">spotrebite\u013e<\/a>, <a href=\"https:\/\/openiazoch.zoznam.sk\/tag\/zakony\/\" rel=\"nofollow noopener\" target=\"_blank\">z\u00e1kony<\/a>, <a href=\"https:\/\/openiazoch.zoznam.sk\/tag\/zvaz-obchodu-sr-zo\/\" rel=\"nofollow noopener\" target=\"_blank\">Zv\u00e4z obchodu SR ZO<\/a><\/p>\n<p>\t\tKoment\u00e1re k \u010dl\u00e1nku<\/p>\n<p>Moment\u00e1lne nie je pridan\u00fd \u017eiadny koment\u00e1r<\/p>\n","protected":false},"excerpt":{"rendered":"Foto: gettyimages.com\/Ildar Abulkhanov Na prv\u00fd poh\u013ead m\u00f4\u017ee by\u0165 v\u0161etko po starom. Rovnak\u00fd v\u00fdrobok, podobn\u00fd obal a mo\u017eno aj&hellip;\n","protected":false},"author":2,"featured_media":167894,"comment_status":"","ping_status":"","sticky":false,"template":"","format":"standard","meta":{"footnotes":"","_share_on_mastodon":"0"},"categories":[6],"tags":[735,47869,2617,7570,45486,1548,47870,43,40,44,39,42,45,41,11531,8382,47871],"class_list":["post-167893","post","type-post","status-publish","format-standard","has-post-thumbnail","category-slovensko","tag-ceny","tag-filip-kasana","tag-inflacia","tag-obchody","tag-ochrana-spotrebitela","tag-parlament","tag-shrinkflacia","tag-sk","tag-slovak","tag-slovak-republic","tag-slovakia","tag-slovencina","tag-slovenska-republika","tag-slovensko","tag-spotrebitel","tag-zakony","tag-zvaz-obchodu-sr-zo"],"share_on_mastodon":{"url":"https:\/\/pubeurope.com\/@sk\/117199920675296647","error":""},"_links":{"self":[{"href":"https:\/\/www.europesays.com\/sk\/wp-json\/wp\/v2\/posts\/167893","targetHints":{"allow":["GET"]}}],"collection":[{"href":"https:\/\/www.europesays.com\/sk\/wp-json\/wp\/v2\/posts"}],"about":[{"href":"https:\/\/www.europesays.com\/sk\/wp-json\/wp\/v2\/types\/post"}],"author":[{"embeddable":true,"href":"https:\/\/www.europesays.com\/sk\/wp-json\/wp\/v2\/users\/2"}],"replies":[{"embeddable":true,"href":"https:\/\/www.europesays.com\/sk\/wp-json\/wp\/v2\/comments?post=167893"}],"version-history":[{"count":0,"href":"https:\/\/www.europesays.com\/sk\/wp-json\/wp\/v2\/posts\/167893\/revisions"}],"wp:featuredmedia":[{"embeddable":true,"href":"https:\/\/www.europesays.com\/sk\/wp-json\/wp\/v2\/media\/167894"}],"wp:attachment":[{"href":"https:\/\/www.europesays.com\/sk\/wp-json\/wp\/v2\/media?parent=167893"}],"wp:term":[{"taxonomy":"category","embeddable":true,"href":"https:\/\/www.europesays.com\/sk\/wp-json\/wp\/v2\/categories?post=167893"},{"taxonomy":"post_tag","embeddable":true,"href":"https:\/\/www.europesays.com\/sk\/wp-json\/wp\/v2\/tags?post=167893"}],"curies":[{"name":"wp","href":"https:\/\/api.w.org\/{rel}","templated":true}]}}