{"id":167909,"date":"2026-09-02T06:14:09","date_gmt":"2026-09-02T06:14:09","guid":{"rendered":"https:\/\/www.europesays.com\/sk\/167909\/"},"modified":"2026-09-02T06:14:09","modified_gmt":"2026-09-02T06:14:09","slug":"prebudovali-stred-za-jedno-leto-manchester-city-vyrovnal-prestupovy-rekord-premier-league","status":"publish","type":"post","link":"https:\/\/www.europesays.com\/sk\/167909\/","title":{"rendered":"Prebudovali stred za jedno leto: Manchester City vyrovnal prestupov\u00fd rekord Premier League!"},"content":{"rendered":"<p><a href=\"https:\/\/sportky.zoznam.sk\/g\/493815\/prebudovali-stred-za-jedno-leto-manchester-city-vyrovnal-prestupovy-rekord-premier-league?image=1194951\" title=\"Enzo Fern\u00e1ndez pri podpise zmluvy s Manchestrom City\" rel=\"nofollow noopener\" target=\"_blank\">\t\t\t<img decoding=\"async\" loading=\"lazy\" src=\"https:\/\/www.europesays.com\/sk\/wp-content\/uploads\/2026\/09\/premier-league-manchester-city-1194951.jpg\"  alt=\"Enzo Fern\u00e1ndez pri podpise zmluvy s Manchestrom City\"\/><\/a>Enzo Fern\u00e1ndez pri podpise zmluvy s Manchestrom City\t\t\t Zdroj: X\/ManCity\t\t\t\t<\/p>\n<p>MANCHESTER &#8211; Z\u00e1lo\u017en\u00edk Enzo Fern\u00e1ndez prest\u00fapil z Chelsea do Manchestru City, ktor\u00fd za neho pod\u013ea m\u00e9di\u00ed zaplatil 125 mili\u00f3nov libier. Argent\u00edn\u010dan tak vyrovnal prestupov\u00fd rekord anglickej ligy.\t<\/p>\n<p data-end=\"515\" data-start=\"254\">Fern\u00e1ndez stanovil v Premier League prestupov\u00e9 maximum u\u017e v roku 2023, ke\u010f zamieril z Benficy Lisabon do Chelsea za 106,8 mili\u00f3na libier. Vlani tento rekord prekonal Liverpool, ktor\u00fd za \u0161v\u00e9dskeho \u00fato\u010dn\u00edka Alexandra Isaka zaplatil Newcastlu 125 mili\u00f3nov libier.<\/p>\n<p data-end=\"754\" data-start=\"517\">Dvadsa\u0165p\u00e4\u0165ro\u010dn\u00fd Fern\u00e1ndez sa stal prv\u00fdm hr\u00e1\u010dom, za ktor\u00e9ho prestup bolo dvakr\u00e1t zaplaten\u00fdch viac ako 100 mili\u00f3nov libier. S Manchestrom City, ktor\u00fd jeho pr\u00edchod potvrdil na svojom webe, podp\u00edsal majster sveta z roku 2022 p\u00e4\u0165ro\u010dn\u00fa zmluvu.<\/p>\n<p data-end=\"972\" data-start=\"756\">Fern\u00e1ndez sa z\u00e1rove\u0148 stal najdrah\u0161ou posilou v hist\u00f3rii Manchestru City. Doteraj\u0161\u00ed rekord dr\u017eal anglick\u00fd reprezentant Elliot Anderson, ktor\u00e9ho \u00faraduj\u00faci vicemajster v j\u00fali z\u00edskal z Nottinghamu za 116 mili\u00f3nov libier.<\/p>\n<p data-end=\"1225\" data-is-last-node=\"\" data-is-only-node=\"\" data-start=\"974\">Fern\u00e1ndez v minulej sez\u00f3ne odohral za Chelsea 54 z\u00e1pasov, v ktor\u00fdch strelil 15 g\u00f3lov a pridal sedem asistenci\u00ed. Pred pr\u00edchodom do Anglicka p\u00f4sobil okrem Benficy aj v River Plate. S Argent\u00ednou m\u00e1 na konte aj striebro z tohtoro\u010dn\u00fdch majstrovstiev sveta.<\/p>\n","protected":false},"excerpt":{"rendered":"Enzo Fern\u00e1ndez pri podpise zmluvy s Manchestrom City Zdroj: X\/ManCity MANCHESTER &#8211; Z\u00e1lo\u017en\u00edk Enzo Fern\u00e1ndez prest\u00fapil z Chelsea&hellip;\n","protected":false},"author":2,"featured_media":167910,"comment_status":"","ping_status":"","sticky":false,"template":"","format":"standard","meta":{"footnotes":"","_share_on_mastodon":"0"},"categories":[32],"tags":[4690,10796,34,37,8330,33,2646,43,40,39,42,41,36,38,35],"class_list":["post-167909","post","type-post","status-publish","format-standard","has-post-thumbnail","category-spravy","tag-chelsea-fc","tag-enzo-fernandez","tag-headlines","tag-hlavne-spravy","tag-manchester-city","tag-news","tag-premier-league","tag-sk","tag-slovak","tag-slovakia","tag-slovencina","tag-slovensko","tag-spravy","tag-titulky","tag-top-stories"],"share_on_mastodon":{"url":"https:\/\/pubeurope.com\/@sk\/117199979810705556","error":""},"_links":{"self":[{"href":"https:\/\/www.europesays.com\/sk\/wp-json\/wp\/v2\/posts\/167909","targetHints":{"allow":["GET"]}}],"collection":[{"href":"https:\/\/www.europesays.com\/sk\/wp-json\/wp\/v2\/posts"}],"about":[{"href":"https:\/\/www.europesays.com\/sk\/wp-json\/wp\/v2\/types\/post"}],"author":[{"embeddable":true,"href":"https:\/\/www.europesays.com\/sk\/wp-json\/wp\/v2\/users\/2"}],"replies":[{"embeddable":true,"href":"https:\/\/www.europesays.com\/sk\/wp-json\/wp\/v2\/comments?post=167909"}],"version-history":[{"count":0,"href":"https:\/\/www.europesays.com\/sk\/wp-json\/wp\/v2\/posts\/167909\/revisions"}],"wp:featuredmedia":[{"embeddable":true,"href":"https:\/\/www.europesays.com\/sk\/wp-json\/wp\/v2\/media\/167910"}],"wp:attachment":[{"href":"https:\/\/www.europesays.com\/sk\/wp-json\/wp\/v2\/media?parent=167909"}],"wp:term":[{"taxonomy":"category","embeddable":true,"href":"https:\/\/www.europesays.com\/sk\/wp-json\/wp\/v2\/categories?post=167909"},{"taxonomy":"post_tag","embeddable":true,"href":"https:\/\/www.europesays.com\/sk\/wp-json\/wp\/v2\/tags?post=167909"}],"curies":[{"name":"wp","href":"https:\/\/api.w.org\/{rel}","templated":true}]}}