{"id":167945,"date":"2026-09-02T06:56:11","date_gmt":"2026-09-02T06:56:11","guid":{"rendered":"https:\/\/www.europesays.com\/sk\/167945\/"},"modified":"2026-09-02T06:56:11","modified_gmt":"2026-09-02T06:56:11","slug":"tragicku-nehodu-lisabonskej-lanovky-sposobila-zla-udrzba","status":"publish","type":"post","link":"https:\/\/www.europesays.com\/sk\/167945\/","title":{"rendered":"Tragick\u00fa nehodu Lisabonskej lanovky sp\u00f4sobila zl\u00e1 \u00fadr\u017eba"},"content":{"rendered":"<p>LISABON &#8211; Tragick\u00e1 nehoda pozemnej lanovky Gl\u00f3ria v Lisabone si pred rokom, 3. septembra 2025, vy\u017eiadala 16 \u013eudsk\u00fdch \u017eivotov a dve desiatky zranen\u00fdch. Lanovka, ktor\u00e1 zah\u00e1jila prev\u00e1dzku v roku 1885, sp\u00e1ja centrum mesta v bl\u00edzkosti n\u00e1mestia Restauradores so \u0161tvr\u0165ou Bairro Alto, ktor\u00e1 je zn\u00e1ma ru\u0161n\u00fdm no\u010dn\u00fdm \u017eivotom. V osudn\u00fd podve\u010der tvorili drviv\u00fa v\u00e4\u010d\u0161inu pasa\u017eierov turisti, obete poch\u00e1dzali okrem Portugalska zo siedmich kraj\u00edn.<\/p>\n<p data-path-to-node=\"2\">Jeden z voz\u0148ov popul\u00e1rnej atrakcie sa vtedy odtrhol a vysokou r\u00fdchlos\u0165ou sa r\u00fatil nadol, ne\u017e pred poslednou z\u00e1krutou narazil do domu a prevr\u00e1til sa. Spolo\u010dnos\u0165 Carris, zodpovedn\u00e1 za prev\u00e1dzku lanovky, s\u00edce bezprostredne po ne\u0161\u0165ast\u00ed ubezpe\u010dovala, \u017ee zabezpe\u010dovala potrebn\u00fa \u00fadr\u017ebu. Pravideln\u00e1 \u0161tvorro\u010dn\u00e1 gener\u00e1lna kontrola sa uskuto\u010dnila v roku 2022, rozsiahlej\u0161ia \u00fadr\u017eba potom nedlho pred nehodou, pri\u010dom pod\u013ea spolo\u010dnosti sa tie\u017e pravidelne dodr\u017eiavaj\u00fa mesa\u010dn\u00e9, t\u00fd\u017edenn\u00e9 aj denn\u00e9 kontroly.<\/p>\n<p data-path-to-node=\"3\">Ako v\u0161ak uk\u00e1zalo sk\u00famanie Portugalsk\u00e9ho \u00faradu pre vy\u0161etrovanie leteck\u00fdch a \u017eelezni\u010dn\u00fdch neh\u00f4d (GPIAAF), firemn\u00e9 z\u00e1znamy s\u00edce ukazuj\u00fa na vykon\u00e1vanie kontrol, v skuto\u010dnosti v\u0161ak bola \u00fadr\u017eba sk\u00f4r form\u00e1lna. Lano sp\u00e1jaj\u00face obe kab\u00edny lanovky, ktor\u00e9 sa po\u010das jazdy odpojilo a st\u00e1lo za jej tragick\u00fdm vyko\u013eajen\u00edm, potom v\u00f4bec nezodpovedalo bezpe\u010dnostn\u00fdm \u0161tandardom. Kr\u00e1tko po zverejnen\u00ed spr\u00e1vy GPIAAF koncom okt\u00f3bra odst\u00fapilo predstavenstvo Carris. Trestn\u00e9 postihy dosia\u013e nepadli.<\/p>\n","protected":false},"excerpt":{"rendered":"LISABON &#8211; Tragick\u00e1 nehoda pozemnej lanovky Gl\u00f3ria v Lisabone si pred rokom, 3. septembra 2025, vy\u017eiadala 16 \u013eudsk\u00fdch&hellip;\n","protected":false},"author":2,"featured_media":167946,"comment_status":"","ping_status":"","sticky":false,"template":"","format":"standard","meta":{"footnotes":"","_share_on_mastodon":"0"},"categories":[32],"tags":[34,37,10755,21326,33,10241,43,40,39,42,41,36,38,35,3303],"class_list":["post-167945","post","type-post","status-publish","format-standard","has-post-thumbnail","category-spravy","tag-headlines","tag-hlavne-spravy","tag-lanovka","tag-lisabon","tag-news","tag-portugalsko","tag-sk","tag-slovak","tag-slovakia","tag-slovencina","tag-slovensko","tag-spravy","tag-titulky","tag-top-stories","tag-udrzba"],"share_on_mastodon":{"url":"https:\/\/pubeurope.com\/@sk\/117200144820447298","error":""},"_links":{"self":[{"href":"https:\/\/www.europesays.com\/sk\/wp-json\/wp\/v2\/posts\/167945","targetHints":{"allow":["GET"]}}],"collection":[{"href":"https:\/\/www.europesays.com\/sk\/wp-json\/wp\/v2\/posts"}],"about":[{"href":"https:\/\/www.europesays.com\/sk\/wp-json\/wp\/v2\/types\/post"}],"author":[{"embeddable":true,"href":"https:\/\/www.europesays.com\/sk\/wp-json\/wp\/v2\/users\/2"}],"replies":[{"embeddable":true,"href":"https:\/\/www.europesays.com\/sk\/wp-json\/wp\/v2\/comments?post=167945"}],"version-history":[{"count":0,"href":"https:\/\/www.europesays.com\/sk\/wp-json\/wp\/v2\/posts\/167945\/revisions"}],"wp:featuredmedia":[{"embeddable":true,"href":"https:\/\/www.europesays.com\/sk\/wp-json\/wp\/v2\/media\/167946"}],"wp:attachment":[{"href":"https:\/\/www.europesays.com\/sk\/wp-json\/wp\/v2\/media?parent=167945"}],"wp:term":[{"taxonomy":"category","embeddable":true,"href":"https:\/\/www.europesays.com\/sk\/wp-json\/wp\/v2\/categories?post=167945"},{"taxonomy":"post_tag","embeddable":true,"href":"https:\/\/www.europesays.com\/sk\/wp-json\/wp\/v2\/tags?post=167945"}],"curies":[{"name":"wp","href":"https:\/\/api.w.org\/{rel}","templated":true}]}}