{"id":167985,"date":"2026-09-02T07:33:14","date_gmt":"2026-09-02T07:33:14","guid":{"rendered":"https:\/\/www.europesays.com\/sk\/167985\/"},"modified":"2026-09-02T07:33:14","modified_gmt":"2026-09-02T07:33:14","slug":"raz-legenda-navzdy-legenda-beckham-vzdal-hold-messiho-kariere-krajsi-odkaz-mu-nemohol-poslat","status":"publish","type":"post","link":"https:\/\/www.europesays.com\/sk\/167985\/","title":{"rendered":"Raz legenda, nav\u017edy legenda: Beckham vzdal hold Messiho kari\u00e9re, kraj\u0161\u00ed odkaz mu nemohol posla\u0165"},"content":{"rendered":"<p>\t<a href=\"https:\/\/sportky.zoznam.sk\/g\/493767\/raz-legenda-navzdy-legenda-beckham-vzdal-hold-messiho-kariere-krajsi-odkaz-mu-nemohol-poslat?image=1194793\" title=\"Lionel Messi a David Beckham\" rel=\"nofollow noopener\" target=\"_blank\">\t\t\t<img decoding=\"async\" loading=\"lazy\" src=\"https:\/\/www.europesays.com\/sk\/wp-content\/uploads\/2026\/09\/david-beckham-lionel-messi-1194793.jpg\"  alt=\"Lionel Messi a David Beckham\"\/><\/a>Lionel Messi a David Beckham\t\t\t Zdroj: SITA\/Darryl Dyck\/The Canadian Press via AP\t\t\t\t<\/p>\n<p>\t\t\t<a class=\"box-article-author-image\"><br \/>\n\t\t\t\t<img decoding=\"async\" src=\"https:\/\/sportky.zoznam.sk\/static\/2019_default\/img\/author.svg\"\/><br \/>\n\t\t\t<\/a><\/p>\n<p class=\"perex\">MIAMI &#8211; B\u00fdval\u00fd anglick\u00fd futbalista David Beckham sa pridal k osobnostiam, ktor\u00e9 vzdali poctu Argent\u00edn\u010danovi Lionelovi Messimu po jeho pondelkovom ukon\u010den\u00ed reprezenta\u010dnej kari\u00e9ry.\t<\/p>\n<p>Niekdaj\u0161\u00ed kapit\u00e1n anglick\u00e9ho n\u00e1rodn\u00e9ho t\u00edmu sledoval Messiho kari\u00e9ru zbl\u00edzka ako s\u00faper a teraz aj ako spoluvlastn\u00edk Interu Miami, kde osemn\u00e1sobn\u00fd dr\u017eite\u013e Zlatej lopty p\u00f4sob\u00ed.<\/p>\n<p>&#13;<br \/>\n&#13;<\/p>\n<p>&#8222;V tento moment m\u00e1me mo\u017enos\u0165 obzrie\u0165 sa sp\u00e4\u0165 a uvedomi\u0165 si, ak\u00ed v\u010fa\u010dn\u00ed m\u00f4\u017eeme by\u0165 za to, \u017ee sme boli svedkami ve\u013ekoleposti mal\u00e9ho chlapca so snom. <\/p>\n<p>&#13;<br \/>\n&#13;<\/p>\n<p>Leo, si p\u00fdchou svojej rodiny, priate\u013eov a svojej krajiny. Ide\u0161 pr\u00edkladom a si in\u0161pir\u00e1ciou pre mili\u00f3ny det\u00ed nielen v Argent\u00edne, ale po celom svete. Krajine si priniesol ten najv\u00e4\u010d\u0161\u00ed dar, a preto tvoj odkaz pretrv\u00e1 nav\u017edy,&#8220;\u00a0nap\u00edsal Angli\u010dan na soci\u00e1lnej sieti Instagram.<\/p>\n<p>&#13;<br \/>\n&#13;<\/p>\n<p>Osobitn\u00fd odkaz venoval Messimu aj jeho teraj\u0161\u00ed spoluhr\u00e1\u010d a krajan Rodrigo de Paul. Ten ho ozna\u010dil za \u201enesmrte\u013en\u00e9ho\u201c a po\u010fakoval mu za \u00fasmevy, ktor\u00e9 vy\u010daril na tv\u00e1rach v\u0161etk\u00fdch Argent\u00edn\u010danov.<\/p>\n<p>&#13;<br \/>\n&#13;<br \/>\n&#13;<br \/>\n&#13;<\/p>\n<p>Pridali sa k nemu aj prezident FIFA Gianni Infantino, \u010fal\u0161\u00ed majstri sveta z roku 2022 Enzo Fern\u00e1ndez \u010di \u00c1ngel Di Mar\u00eda, ale napr\u00edklad aj argent\u00ednsky pilot F1 Franco Colapinto.<\/p>\n<p>&#13;<br \/>\n&#13;<\/p>\n<p>Messi uzavrel reprezenta\u010dn\u00fa kapitolu ako najlep\u0161\u00ed strelec krajiny (125 g\u00f3lov) a hr\u00e1\u010d s najv\u00e4\u010d\u0161\u00edm po\u010dtom \u0161tartov (207). Jeho posledn\u00fdm duelom v drese \u201eLa Albiceleste\u201c bolo ne\u00faspe\u0161n\u00e9 fin\u00e1le tohtoro\u010dn\u00fdch MS proti \u0160panielsku.<\/p>\n<p>&#13;<\/p>\n<p>\t\t\tAutor: \u00a9 Zoznam\/\t\t\tZdroj: TASR\t<\/p>\n","protected":false},"excerpt":{"rendered":"Lionel Messi a David Beckham Zdroj: SITA\/Darryl Dyck\/The Canadian Press via AP MIAMI &#8211; B\u00fdval\u00fd anglick\u00fd futbalista David&hellip;\n","protected":false},"author":2,"featured_media":167986,"comment_status":"","ping_status":"","sticky":false,"template":"","format":"standard","meta":{"footnotes":"","_share_on_mastodon":"0"},"categories":[13],"tags":[5963,2895,2894,43,40,39,42,41,69,68],"class_list":["post-167985","post","type-post","status-publish","format-standard","has-post-thumbnail","category-sport","tag-david-beckham","tag-inter-miami-cf","tag-lionel-messi","tag-sk","tag-slovak","tag-slovakia","tag-slovencina","tag-slovensko","tag-sport","tag-sports"],"share_on_mastodon":{"url":"https:\/\/pubeurope.com\/@sk\/117200290384829658","error":""},"_links":{"self":[{"href":"https:\/\/www.europesays.com\/sk\/wp-json\/wp\/v2\/posts\/167985","targetHints":{"allow":["GET"]}}],"collection":[{"href":"https:\/\/www.europesays.com\/sk\/wp-json\/wp\/v2\/posts"}],"about":[{"href":"https:\/\/www.europesays.com\/sk\/wp-json\/wp\/v2\/types\/post"}],"author":[{"embeddable":true,"href":"https:\/\/www.europesays.com\/sk\/wp-json\/wp\/v2\/users\/2"}],"replies":[{"embeddable":true,"href":"https:\/\/www.europesays.com\/sk\/wp-json\/wp\/v2\/comments?post=167985"}],"version-history":[{"count":0,"href":"https:\/\/www.europesays.com\/sk\/wp-json\/wp\/v2\/posts\/167985\/revisions"}],"wp:featuredmedia":[{"embeddable":true,"href":"https:\/\/www.europesays.com\/sk\/wp-json\/wp\/v2\/media\/167986"}],"wp:attachment":[{"href":"https:\/\/www.europesays.com\/sk\/wp-json\/wp\/v2\/media?parent=167985"}],"wp:term":[{"taxonomy":"category","embeddable":true,"href":"https:\/\/www.europesays.com\/sk\/wp-json\/wp\/v2\/categories?post=167985"},{"taxonomy":"post_tag","embeddable":true,"href":"https:\/\/www.europesays.com\/sk\/wp-json\/wp\/v2\/tags?post=167985"}],"curies":[{"name":"wp","href":"https:\/\/api.w.org\/{rel}","templated":true}]}}