{"id":167999,"date":"2026-09-02T07:50:17","date_gmt":"2026-09-02T07:50:17","guid":{"rendered":"https:\/\/www.europesays.com\/sk\/167999\/"},"modified":"2026-09-02T07:50:17","modified_gmt":"2026-09-02T07:50:17","slug":"dvaja-muzi-zomreli-pravdepodobne-po-strelbe","status":"publish","type":"post","link":"https:\/\/www.europesays.com\/sk\/167999\/","title":{"rendered":"Dvaja mu\u017ei zomreli pravdepodobne po stre\u013ebe"},"content":{"rendered":"<p>HAMBURG &#8211; Dvaja mu\u017ei zomreli v utorok ve\u010der v are\u00e1li tov\u00e1rne v meste Hamburg na severe Nemecka, pravdepodobne po stre\u013ebe. Pol\u00edcia po p\u00e1chate\u013eovi p\u00e1tra, informuje o tom agent\u00fara DPA.<\/p>\n<p>Svedkovia po\u010duli zvuky v\u00fdstrelov ne\u010faleko are\u00e1lu a privolali pol\u00edciu. Viacer\u00e9 hliadky n\u00e1sledne zamierili na miesto, kde na\u0161li dvoch mu\u017eov, ktor\u00ed pod\u013eahli zraneniam. Do p\u00e1trania po p\u00e1chate\u013eovi sa zapojilo viac ako dve desiatky policajn\u00fdch vozidiel.<\/p>\n<p>Okolnosti incidentu neboli spo\u010diatku jasn\u00e9. Vy\u0161etrovatelia predpokladaj\u00fa, \u017ee obete a p\u00e1chate\u013ea sp\u00e1jal predch\u00e1dzaj\u00faci vz\u0165ah a navz\u00e1jom sa poznali. Obyvate\u013eom v okol\u00ed pod\u013ea hovorcu nehroz\u00ed nebezpe\u010denstvo.<\/p>\n","protected":false},"excerpt":{"rendered":"HAMBURG &#8211; Dvaja mu\u017ei zomreli v utorok ve\u010der v are\u00e1li tov\u00e1rne v meste Hamburg na severe Nemecka, pravdepodobne&hellip;\n","protected":false},"author":2,"featured_media":168000,"comment_status":"","ping_status":"","sticky":false,"template":"","format":"standard","meta":{"footnotes":"","_share_on_mastodon":"0"},"categories":[8],"tags":[6827,236,33,785,43,40,42,36,8253,50,8308,49,48],"class_list":["post-167999","post","type-post","status-publish","format-standard","has-post-thumbnail","category-svet","tag-hamburg","tag-nemecko","tag-news","tag-obete","tag-sk","tag-slovak","tag-slovencina","tag-spravy","tag-strelba","tag-svet","tag-tovaren","tag-world","tag-world-news"],"share_on_mastodon":{"url":"https:\/\/pubeurope.com\/@sk\/117200356986319375","error":""},"_links":{"self":[{"href":"https:\/\/www.europesays.com\/sk\/wp-json\/wp\/v2\/posts\/167999","targetHints":{"allow":["GET"]}}],"collection":[{"href":"https:\/\/www.europesays.com\/sk\/wp-json\/wp\/v2\/posts"}],"about":[{"href":"https:\/\/www.europesays.com\/sk\/wp-json\/wp\/v2\/types\/post"}],"author":[{"embeddable":true,"href":"https:\/\/www.europesays.com\/sk\/wp-json\/wp\/v2\/users\/2"}],"replies":[{"embeddable":true,"href":"https:\/\/www.europesays.com\/sk\/wp-json\/wp\/v2\/comments?post=167999"}],"version-history":[{"count":0,"href":"https:\/\/www.europesays.com\/sk\/wp-json\/wp\/v2\/posts\/167999\/revisions"}],"wp:featuredmedia":[{"embeddable":true,"href":"https:\/\/www.europesays.com\/sk\/wp-json\/wp\/v2\/media\/168000"}],"wp:attachment":[{"href":"https:\/\/www.europesays.com\/sk\/wp-json\/wp\/v2\/media?parent=167999"}],"wp:term":[{"taxonomy":"category","embeddable":true,"href":"https:\/\/www.europesays.com\/sk\/wp-json\/wp\/v2\/categories?post=167999"},{"taxonomy":"post_tag","embeddable":true,"href":"https:\/\/www.europesays.com\/sk\/wp-json\/wp\/v2\/tags?post=167999"}],"curies":[{"name":"wp","href":"https:\/\/api.w.org\/{rel}","templated":true}]}}