{"id":168073,"date":"2026-09-02T09:04:10","date_gmt":"2026-09-02T09:04:10","guid":{"rendered":"https:\/\/www.europesays.com\/sk\/168073\/"},"modified":"2026-09-02T09:04:10","modified_gmt":"2026-09-02T09:04:10","slug":"policia-v-bratislave-zadrzala-vodica-po-naraze-do-tabule-mal-pozitivny-test-na-drogy","status":"publish","type":"post","link":"https:\/\/www.europesays.com\/sk\/168073\/","title":{"rendered":"Pol\u00edcia v Bratislave zadr\u017eala vodi\u010da: Po n\u00e1raze do tabule mal pozit\u00edvny test na drogy"},"content":{"rendered":"<p>\t\t\t\t\t\t\t<img decoding=\"async\" src=\"https:\/\/www.europesays.com\/sk\/wp-content\/uploads\/2026\/09\/snimka-obrazovky-2026-09-02-103835.jpg\" alt=\"Zdroj: Facebook\/Pol\u00edcia SR - Bratislavsk\u00fd kraj\ufeff\" style=\"aspect-ratio: 1.33;object-fit: cover; display:inline; width: 100%;\" fetchpriority=\"high\"\/><\/p>\n<p>\t\t\t\t\tZdroj: Facebook\/Pol\u00edcia SR &#8211; Bratislavsk\u00fd kraj\ufeff<\/p>\n<p>\t\t<img decoding=\"async\" src=\"https:\/\/www.europesays.com\/sk\/wp-content\/uploads\/2026\/09\/1788339850_874_author-default.jpg\" aria-label=\"Autor\"\/><\/p>\n<p>Bratislavsk\u00e1 pol\u00edcia vy\u0161etruje pr\u00edpad 30-ro\u010dn\u00e9ho vodi\u010da, ktor\u00fd v stredu nadr\u00e1nom pod vplyvom omamn\u00fdch l\u00e1tok narazil do informa\u010dnej tabule a n\u00e1sledne do rampy predajne s luxusn\u00fdmi vozidlami. K udalosti do\u0161lo na ulici Star\u00e1 Vajnorsk\u00e1. TASR o tom informoval bratislavsk\u00fd krajsk\u00fd policajn\u00fd hovorca Michal Szeiff.<\/p>\n<p>Pol\u00edcia bola k nehode privolan\u00e1 kr\u00e1tko po 5.00 h. \u201ePod\u013ea doteraj\u0161\u00edch inform\u00e1ci\u00ed 30-ro\u010dn\u00fd vodi\u010d z doposia\u013e presne nezisten\u00fdch pr\u00ed\u010din zi\u0161iel mimo vozovky a narazil po\u010das jazdy do informa\u010dnej tabule a n\u00e1sledne do rampy predajne s luxusn\u00fdmi vozidlami,\u201c uviedol Szeiff. Pri nehode k zraneniu os\u00f4b nedo\u0161lo.<\/p>\n<p>Pol\u00edcia n\u00e1sledne vodi\u010da podrobila dychovej sk\u00fa\u0161ke na zistenie pr\u00edtomnosti alkoholu v dychu, t\u00e1 skon\u010dila s negat\u00edvnym v\u00fdsledkom. Orienta\u010dn\u00fd test na zistenie pr\u00edtomnosti omamn\u00fdch a psychotropn\u00fdch l\u00e1tok skon\u010dil v\u0161ak u mu\u017ea s pozit\u00edvnym v\u00fdsledkom.<\/p>\n<p>Vodi\u010dovi pol\u00edcia obmedzila osobn\u00fa slobodu a eskortovala ho na pr\u00edslu\u0161n\u00e9 policajn\u00e9 oddelenie. Vy\u0161etrovan\u00edm \u010fal\u0161\u00edch okolnost\u00ed sa zaoberaj\u00fa policajti Okresn\u00e9ho riadite\u013estva Policajn\u00e9ho zboru v Bratislave II.<\/p>\n<p class=\"tags\">Viac o t\u00e9me: <a href=\"https:\/\/regiony.zoznam.sk\/tag\/bez-zraneni\/\" rel=\"nofollow noopener\" target=\"_blank\">bez zranen\u00ed<\/a>, <a href=\"https:\/\/regiony.zoznam.sk\/tag\/bratislava\/\" rel=\"nofollow noopener\" target=\"_blank\">Bratislava<\/a>, <a href=\"https:\/\/regiony.zoznam.sk\/tag\/dopravna-nehoda\/\" rel=\"nofollow noopener\" target=\"_blank\">dopravn\u00e1 nehoda<\/a>, <a href=\"https:\/\/regiony.zoznam.sk\/tag\/drogy\/\" rel=\"nofollow noopener\" target=\"_blank\">drogy<\/a>, <a href=\"https:\/\/regiony.zoznam.sk\/tag\/luxusne-vozidla\/\" rel=\"nofollow noopener\" target=\"_blank\">luxusn\u00e9 vozidl\u00e1<\/a>, <a href=\"https:\/\/regiony.zoznam.sk\/tag\/policia\/\" rel=\"nofollow noopener\" target=\"_blank\">pol\u00edcia<\/a>, <a href=\"https:\/\/regiony.zoznam.sk\/tag\/stara-vajnorska\/\" rel=\"nofollow noopener\" target=\"_blank\">Star\u00e1 Vajnorsk\u00e1<\/a>, <a href=\"https:\/\/regiony.zoznam.sk\/tag\/test-na-drogy\/\" rel=\"nofollow noopener\" target=\"_blank\">test na drogy<\/a>, <a href=\"https:\/\/regiony.zoznam.sk\/tag\/vodic\/\" rel=\"nofollow noopener\" target=\"_blank\">vodi\u010d<\/a>, <a href=\"https:\/\/regiony.zoznam.sk\/tag\/zasah-policie\/\" rel=\"nofollow noopener\" target=\"_blank\">z\u00e1sah pol\u00edcie<\/a><\/p>\n<p>\t\tKoment\u00e1re k \u010dl\u00e1nku<\/p>\n<p>Moment\u00e1lne nie je pridan\u00fd \u017eiadny koment\u00e1r<\/p>\n","protected":false},"excerpt":{"rendered":"Zdroj: Facebook\/Pol\u00edcia SR &#8211; Bratislavsk\u00fd kraj\ufeff Bratislavsk\u00e1 pol\u00edcia vy\u0161etruje pr\u00edpad 30-ro\u010dn\u00e9ho vodi\u010da, ktor\u00fd v stredu nadr\u00e1nom pod vplyvom&hellip;\n","protected":false},"author":2,"featured_media":168074,"comment_status":"","ping_status":"","sticky":false,"template":"","format":"standard","meta":{"footnotes":"","_share_on_mastodon":"0"},"categories":[21],"tags":[7552,136,2388,761,47894,525,43,40,39,42,41,47895,47896,8545,5186],"class_list":["post-168073","post","type-post","status-publish","format-standard","has-post-thumbnail","category-bratislava","tag-bez-zraneni","tag-bratislava","tag-dopravna-nehoda","tag-drogy","tag-luxusne-vozidla","tag-policia","tag-sk","tag-slovak","tag-slovakia","tag-slovencina","tag-slovensko","tag-stara-vajnorska","tag-test-na-drogy","tag-vodic","tag-zasah-policie"],"share_on_mastodon":{"url":"https:\/\/pubeurope.com\/@sk\/117200647854745796","error":""},"_links":{"self":[{"href":"https:\/\/www.europesays.com\/sk\/wp-json\/wp\/v2\/posts\/168073","targetHints":{"allow":["GET"]}}],"collection":[{"href":"https:\/\/www.europesays.com\/sk\/wp-json\/wp\/v2\/posts"}],"about":[{"href":"https:\/\/www.europesays.com\/sk\/wp-json\/wp\/v2\/types\/post"}],"author":[{"embeddable":true,"href":"https:\/\/www.europesays.com\/sk\/wp-json\/wp\/v2\/users\/2"}],"replies":[{"embeddable":true,"href":"https:\/\/www.europesays.com\/sk\/wp-json\/wp\/v2\/comments?post=168073"}],"version-history":[{"count":0,"href":"https:\/\/www.europesays.com\/sk\/wp-json\/wp\/v2\/posts\/168073\/revisions"}],"wp:featuredmedia":[{"embeddable":true,"href":"https:\/\/www.europesays.com\/sk\/wp-json\/wp\/v2\/media\/168074"}],"wp:attachment":[{"href":"https:\/\/www.europesays.com\/sk\/wp-json\/wp\/v2\/media?parent=168073"}],"wp:term":[{"taxonomy":"category","embeddable":true,"href":"https:\/\/www.europesays.com\/sk\/wp-json\/wp\/v2\/categories?post=168073"},{"taxonomy":"post_tag","embeddable":true,"href":"https:\/\/www.europesays.com\/sk\/wp-json\/wp\/v2\/tags?post=168073"}],"curies":[{"name":"wp","href":"https:\/\/api.w.org\/{rel}","templated":true}]}}