{"id":168079,"date":"2026-09-02T09:14:12","date_gmt":"2026-09-02T09:14:12","guid":{"rendered":"https:\/\/www.europesays.com\/sk\/168079\/"},"modified":"2026-09-02T09:14:12","modified_gmt":"2026-09-02T09:14:12","slug":"sestnast-ludi-zahynulo-a-28-utrpelo-zranenia-pri-nehode-autobusu","status":"publish","type":"post","link":"https:\/\/www.europesays.com\/sk\/168079\/","title":{"rendered":"\u0160estn\u00e1s\u0165 \u013eud\u00ed zahynulo a 28 utrpelo zranenia pri nehode autobusu"},"content":{"rendered":"<p>Nehoda autobusu si vy\u017eiadala obete.\t\t\t\t\t<\/p>\n<p>K\u00c1HIRA &#8211; \u0160estn\u00e1s\u0165 \u013eud\u00ed dnes zahynulo a \u010fal\u0161\u00edch 28 utrpelo zranenia pri nehode autobusu v ju\u017enej \u010dasti Sinajsk\u00e9ho poloostrova v Egypte, p\u00ed\u0161u agent\u00fary s odvolan\u00edm sa na egyptsk\u00e9 ministerstvo zdravotn\u00edctva. Nehoda sa stala na ceste medzi egyptsk\u00fdmi letoviskami Dahab a Nuweiba v oblasti pozd\u013a\u017e pobre\u017eia \u010cerven\u00e9ho mora, ktor\u00e1 je ob\u013e\u00fabenou turistickou destin\u00e1ciou.<\/p>\n<p data-path-to-node=\"2\">Na miesto nehody vyrazilo 20 sanitiek a zranen\u00fdm bola poskytnut\u00e1 lek\u00e1rska starostlivos\u0165, ozn\u00e1milo ministerstvo zdravotn\u00edctva. \u00darady zatia\u013e ne\u0161pecifikovali pr\u00ed\u010dinu nehody. Minul\u00fd mesiac pri nehode dvoch pickupov v egyptskej provincii Ism\u00e1\u00edl\u00edja zomrelo najmenej 18 \u013eud\u00ed, z ktor\u00fdch v\u00e4\u010d\u0161inu tvorili detsk\u00ed robotn\u00edci vo veku 13 a 14 rokov, ktor\u00ed boli na ceste za pr\u00e1cou na farme.<\/p>\n<p>&#13;<\/p>\n<p dir=\"ltr\" lang=\"en\">\ud83d\udea8 BREAKING: \ud83c\uddea\ud83c\uddec At least 16 people have been killed and 28 injured in a bus crash on the Dahab\u2013Nuweibaa road in Egypt\u2019s South Sinai, the Health Ministry says.<\/p>\n<p>The cause has not yet been disclosed. This is a developing story.<\/p>\n<p>Follow <a href=\"https:\/\/x.com\/TheRawWire?ref_src=twsrc%5Etfw\" rel=\"nofollow\">@TheRawWire<\/a> for verified updates. <a href=\"https:\/\/x.com\/hashtag\/Egypt?src=hash&amp;ref_src=twsrc%5Etfw\" rel=\"nofollow\">#Egypt<\/a> <a href=\"https:\/\/t.co\/TVU6wDa8ca\" rel=\"nofollow\">pic.twitter.com\/TVU6wDa8ca<\/a><\/p>\n<p>&#13;<br \/>\n\u2014 The Raw Wire \ud83d\udea8 (@TheRawWire) <a href=\"https:\/\/x.com\/TheRawWire\/status\/2095035974312927251?ref_src=twsrc%5Etfw\" rel=\"nofollow\">September 2, 2026<\/a><\/p>\n<p data-path-to-node=\"4\">Dopravn\u00e9 nehody s\u00fa v Egypte be\u017en\u00e9 a \u010dasto b\u00fdvaj\u00fa pripisovan\u00e9 bezoh\u013eadnej jazde, zlej \u00fadr\u017ebe vozidiel a nevym\u00e1hate\u013enosti predpisov, poznamenala agent\u00fara AFP. V minulom roku pri\u0161lo na egyptsk\u00fdch cest\u00e1ch o \u017eivot takmer 6000 \u013eud\u00ed, vypl\u00fdva z \u00fadajov egyptsk\u00e9ho \u0161tatistick\u00e9ho \u00faradu.<\/p>\n<p>\t\t\t<script async src=\"https:\/\/platform.twitter.com\/widgets.js\" charset=\"utf-8\"><\/script><\/p>\n","protected":false},"excerpt":{"rendered":"Nehoda autobusu si vy\u017eiadala obete. K\u00c1HIRA &#8211; \u0160estn\u00e1s\u0165 \u013eud\u00ed dnes zahynulo a \u010fal\u0161\u00edch 28 utrpelo zranenia pri nehode&hellip;\n","protected":false},"author":2,"featured_media":168080,"comment_status":"","ping_status":"","sticky":false,"template":"","format":"standard","meta":{"footnotes":"","_share_on_mastodon":"0"},"categories":[8],"tags":[618,2388,1956,33,785,43,40,42,36,50,49,48],"class_list":["post-168079","post","type-post","status-publish","format-standard","has-post-thumbnail","category-svet","tag-autobus","tag-dopravna-nehoda","tag-egypt","tag-news","tag-obete","tag-sk","tag-slovak","tag-slovencina","tag-spravy","tag-svet","tag-world","tag-world-news"],"share_on_mastodon":{"url":"https:\/\/pubeurope.com\/@sk\/117200687161133238","error":""},"_links":{"self":[{"href":"https:\/\/www.europesays.com\/sk\/wp-json\/wp\/v2\/posts\/168079","targetHints":{"allow":["GET"]}}],"collection":[{"href":"https:\/\/www.europesays.com\/sk\/wp-json\/wp\/v2\/posts"}],"about":[{"href":"https:\/\/www.europesays.com\/sk\/wp-json\/wp\/v2\/types\/post"}],"author":[{"embeddable":true,"href":"https:\/\/www.europesays.com\/sk\/wp-json\/wp\/v2\/users\/2"}],"replies":[{"embeddable":true,"href":"https:\/\/www.europesays.com\/sk\/wp-json\/wp\/v2\/comments?post=168079"}],"version-history":[{"count":0,"href":"https:\/\/www.europesays.com\/sk\/wp-json\/wp\/v2\/posts\/168079\/revisions"}],"wp:featuredmedia":[{"embeddable":true,"href":"https:\/\/www.europesays.com\/sk\/wp-json\/wp\/v2\/media\/168080"}],"wp:attachment":[{"href":"https:\/\/www.europesays.com\/sk\/wp-json\/wp\/v2\/media?parent=168079"}],"wp:term":[{"taxonomy":"category","embeddable":true,"href":"https:\/\/www.europesays.com\/sk\/wp-json\/wp\/v2\/categories?post=168079"},{"taxonomy":"post_tag","embeddable":true,"href":"https:\/\/www.europesays.com\/sk\/wp-json\/wp\/v2\/tags?post=168079"}],"curies":[{"name":"wp","href":"https:\/\/api.w.org\/{rel}","templated":true}]}}