{"id":168107,"date":"2026-09-02T09:42:06","date_gmt":"2026-09-02T09:42:06","guid":{"rendered":"https:\/\/www.europesays.com\/sk\/168107\/"},"modified":"2026-09-02T09:42:06","modified_gmt":"2026-09-02T09:42:06","slug":"zena-bodala-nahodnych-ludi-na-times-square-policia-ju-zastrelila","status":"publish","type":"post","link":"https:\/\/www.europesays.com\/sk\/168107\/","title":{"rendered":"\u017dena bodala n\u00e1hodn\u00fdch \u013eud\u00ed na Times Square, pol\u00edcia ju zastrelila"},"content":{"rendered":"<p>Policajti \u017eenu zastrelili.\t\t\t\t\t\t(Zdroj: Instagram)\t\t\t\t\t<\/p>\n<p>NEW YORK \u2013 Jedno z najru\u0161nej\u0161\u00edch miest sveta sa po\u010das popolud\u0148aj\u0161ej \u0161pi\u010dky zmenilo na dejisko smrte\u013en\u00e9ho \u00fatoku. \u017dena vyzbrojen\u00e1 dvoma ve\u013ek\u00fdmi no\u017emi bez zjavnej pr\u00ed\u010diny za\u00fato\u010dila na dvoch n\u00e1hodn\u00fdch \u013eud\u00ed na newyorskom Times Square. Jedna z obet\u00ed zomrela. Ke\u010f \u00fato\u010dn\u00ed\u010dka odmietla posl\u00fachnu\u0165 policajtov, vyhr\u00e1\u017eala sa im zabit\u00edm a vykro\u010dila proti nim s no\u017emi, dvaja z nich spustili pa\u013ebu.<\/p>\n<p>\t\t\t\tPrv\u00e9ho mu\u017ea napadla pred o\u010dami jeho man\u017eelky<\/p>\n<p>K \u00fatoku do\u0161lo v pondelok 31. augusta kr\u00e1tko pred 16.30 h na kri\u017eovatke Siedmej avenue a Z\u00e1padnej 41. ulice, iba nieko\u013eko krokov od policajnej stanice na Times Square.<\/p>\n<p>Policajn\u00e1 komis\u00e1rka Jessica Tischov\u00e1 na tla\u010dovej konferencii uviedla, \u017ee prvou obe\u0165ou bol 68-ro\u010dn\u00fd mu\u017e z Rhode Islandu. Pr\u00e1ve vy\u0161iel z metra a spolu s man\u017eelkou \u010dakal na priechode pre chodcov.<\/p>\n<p>Vtedy k nim prist\u00fapila \u017eena s \u010dervenou n\u00e1kupnou ta\u0161kou. Vytiahla z nej dva ve\u013ek\u00e9 kuchynsk\u00e9 no\u017ee, za\u010dala nimi m\u00e1va\u0165 a mu\u017ea bez zjavnej pr\u00ed\u010diny bodla do pravej strany brucha.<\/p>\n<p>Pod\u013ea Tischovej v\u0161etko nasved\u010duje tomu, \u017ee i\u0161lo o n\u00e1hodn\u00fd a nevyprovokovan\u00fd \u00fatok.<\/p>\n<p>O 20 sek\u00fand bodla \u010fal\u0161iu \u017eenu<\/p>\n<p>\u00dato\u010dn\u00ed\u010dka n\u00e1sledne pokra\u010dovala po Siedmej avenue.<\/p>\n<p>O pribli\u017ene 20 sek\u00fand nesk\u00f4r prist\u00fapila k \u010fal\u0161ej n\u00e1hodnej obeti a rovnak\u00fdm sp\u00f4sobom ju bodla do brucha.<\/p>\n<p>Napadnutou bola 32-ro\u010dn\u00e1 Erin Piacentiov\u00e1 z Chesteru v \u0161t\u00e1te New Jersey. Z\u00e1chran\u00e1ri ju previezli do nemocnice Bellevue, kde svojim zraneniam pod\u013eahla.<\/p>\n<p>Pol\u00edcia jej toto\u017enos\u0165 zverejnila a\u017e nesk\u00f4r po informovan\u00ed rodiny.<\/p>\n<p>Piacentiov\u00e1 pracovala ako viceprezidentka Bank of America a bola \u010dlenkou t\u00edmu Business Selection and Conflicts. Do banky nast\u00fapila pribli\u017ene pred rokom a pol.<\/p>\n<p>\u201eSme \u0161okovan\u00ed a hlboko zarm\u00faten\u00ed tragickou stratou na\u0161ej kolegyne,\u201c uviedla Bank of America vo vyhl\u00e1sen\u00ed, ktor\u00e9 z\u00edskala agent\u00fara Reuters.<\/p>\n<p>Druh\u00fd napadnut\u00fd, 68-ro\u010dn\u00fd mu\u017e, \u00fatok pre\u017eil. P\u00f4vodne bol hospitalizovan\u00fd s v\u00e1\u017enymi zraneniami, jeho stav sa v\u0161ak stabilizoval a pod\u013ea najnov\u0161\u00edch inform\u00e1ci\u00ed ho v utorok popoludn\u00ed z nemocnice prepustili.<\/p>\n<p>Policajti sa ju \u0161tyri min\u00faty sna\u017eili presved\u010di\u0165<\/p>\n<p>Po \u00fatokoch upozornili okoloid\u00faci na ozbrojen\u00fa \u017eenu policajtov nach\u00e1dzaj\u00facich sa v bezprostrednej bl\u00edzkosti.<\/p>\n<p>T\u00ed ju na\u0161li s oboma no\u017emi v ruk\u00e1ch.<\/p>\n<p>Nasledovala pribli\u017ene \u0161tvormin\u00fatov\u00e1 konfront\u00e1cia, po\u010das ktorej jej policajti opakovane prikazovali, aby zbrane polo\u017eila. \u017dena odmietala.<\/p>\n<p>Pod\u013ea Tischovej policajtom povedala, \u017ee no\u017ee neodhod\u00ed a rad\u0161ej ich oboch zabije. N\u00e1sledne svoju hrozbu zopakovala. Policajti napriek tomu najsk\u00f4r nepou\u017eili streln\u00e9 zbrane.<\/p>\n<p>Nezastavili ju ani tasery<\/p>\n<p>Pok\u00fasili sa ju zne\u0161kodni\u0165 elektrick\u00fdmi paralyz\u00e9rmi. Tasery pou\u017eili dvakr\u00e1t, pod\u013ea pol\u00edcie v\u0161ak nezabrali.<\/p>\n<p>Na z\u00e1beroch nato\u010den\u00fdch svedkami vidie\u0165 \u017eenu s no\u017emi v ruk\u00e1ch pred skupinou policajtov. Po ne\u00faspe\u0161nom pou\u017eit\u00ed tasera sa proti nim pohla.<\/p>\n<p>Vtedy dvaja policajti vystrelili zo slu\u017eobn\u00fdch zbran\u00ed.<\/p>\n<p>\u017dena po z\u00e1sahoch spadla na zem. Policajti ju sp\u00fatali a okam\u017eite jej za\u010dali poskytova\u0165 prv\u00fa pomoc. Po prevoze do nemocnice v\u0161ak zomrela.<\/p>\n<p>\u00dato\u010dn\u00ed\u010dkou bola Pamela Cisnerosov\u00e1<\/p>\n<p>NYPD ju nesk\u00f4r identifikovalo ako 49-ro\u010dn\u00fa Pamelu Cisnerosov\u00fa z Queensu.<\/p>\n<p>Pod\u013ea Tischovej mala \u017eena pol\u00edcii zn\u00e1mu hist\u00f3riu probl\u00e9mov s du\u0161evn\u00fdm zdrav\u00edm. NYPD s \u0148ou evidovalo dva predch\u00e1dzaj\u00face incidenty z rokov 2018 a 2019, podrobnosti v\u0161ak komis\u00e1rka vzh\u013eadom na charakter z\u00e1znamov nezverejnila.<\/p>\n<p>Cisnerosov\u00e1 z\u00e1rove\u0148 pod\u013ea pol\u00edcie nemala v New Yorku z\u00e1znam o zatknut\u00ed. Vy\u0161etrovatelia zatia\u013e nena\u0161li \u017eiadnu s\u00favislos\u0165 medzi \u00fato\u010dn\u00ed\u010dkou a jej obe\u0165ami. Pol\u00edcia tie\u017e zd\u00f4raznila, \u017ee ni\u010d nenasved\u010duje teroristick\u00e9mu mot\u00edvu.<\/p>\n<p>\u201eMohlo to dopadn\u00fa\u0165 e\u0161te hor\u0161ie\u201c<\/p>\n<p>Incident sa odohral na mimoriadne exponovanom mieste. Times Square denne zap\u013a\u0148aj\u00fa tis\u00edce turistov, pracovn\u00edkov a obyvate\u013eov mesta a \u00fatok navy\u0161e prebehol iba k\u00fasok od policajnej stanice.<\/p>\n<p>\u201eBola to mimoriadne nebezpe\u010dn\u00e1 situ\u00e1cia odohr\u00e1vaj\u00faca sa priamo v srdci Times Square, na kri\u017eovatke sveta,\u201c povedala Tischov\u00e1.<\/p>\n<p>Pod\u013ea nej sa policajti ocitli pred r\u00fdchlo sa meniacou hrozbou s mno\u017estvom nevinn\u00fdch \u013eud\u00ed vo svojom okol\u00ed.<\/p>\n<p>Zasahuj\u00facich policajtov podporil aj newyorsk\u00fd starosta Zohran Mamdani.<\/p>\n<p>Po\u010fakoval im za to, \u017ee zasiahli a zabr\u00e1nili tomu, aby sa trag\u00e9dia skon\u010dila e\u0161te v\u00e4\u010d\u0161\u00edm po\u010dtom obet\u00ed. Z\u00e1rove\u0148 pripomenul rodiny napadnut\u00fdch, ktor\u00fdm pod\u013ea jeho slov \u00fatok zmenil \u017eivot.<\/p>\n<p>Stre\u013ebu policajtov e\u0161te preveria<\/p>\n<p>Smr\u0165 \u00fato\u010dn\u00ed\u010dky v\u0161ak automaticky znamen\u00e1 aj vy\u0161etrovanie samotn\u00e9ho policajn\u00e9ho z\u00e1sahu.<\/p>\n<p>NYPD prever\u00ed okolnosti pou\u017eitia streln\u00fdch zbran\u00ed a Mamdani ozn\u00e1mil, \u017ee verejnosti bud\u00fa spr\u00edstupnen\u00e9 aj z\u00e1znamy z kamier umiestnen\u00fdch na uniform\u00e1ch zasahuj\u00facich policajtov.<\/p>\n<p>Na mieste pol\u00edcia zaistila oba ve\u013ek\u00e9 no\u017ee, ktor\u00e9 pod\u013ea vy\u0161etrovate\u013eov Cisnerosov\u00e1 pri \u00fatoku pou\u017eila.<\/p>\n<p>Napriek dramatick\u00e9mu incidentu n\u00e1siln\u00e1 kriminalita v New Yorku tento rok celkovo kles\u00e1. Pod\u013ea aktu\u00e1lnych \u00fadajov NYPD bolo do 30. augusta zaznamenan\u00fdch 172 vr\u00e1\u017ed oproti 228 v rovnakom obdob\u00ed minul\u00e9ho roka, \u010do predstavuje pokles pribli\u017ene o 25 percent.<\/p>\n<p>Times Square v\u0161ak tento rok za\u017eilo u\u017e druh\u00fa smrte\u013en\u00fa bodn\u00fa udalos\u0165. K predch\u00e1dzaj\u00facej do\u0161lo v m\u00e1ji.<br \/>&#13;<br \/>\n\u00a0<\/p>\n","protected":false},"excerpt":{"rendered":"Policajti \u017eenu zastrelili. (Zdroj: Instagram) NEW YORK \u2013 Jedno z najru\u0161nej\u0161\u00edch miest sveta sa po\u010das popolud\u0148aj\u0161ej \u0161pi\u010dky zmenilo&hellip;\n","protected":false},"author":2,"featured_media":168108,"comment_status":"","ping_status":"","sticky":false,"template":"","format":"standard","meta":{"footnotes":"","_share_on_mastodon":"0"},"categories":[8],"tags":[11188,33,785,7303,43,40,42,36,47907,8253,50,28029,2471,49,48,17324],"class_list":["post-168107","post","type-post","status-publish","format-standard","has-post-thumbnail","category-svet","tag-new-york","tag-news","tag-obete","tag-policajti","tag-sk","tag-slovak","tag-slovencina","tag-spravy","tag-starosta-new-yorku","tag-strelba","tag-svet","tag-times-square","tag-utok-nozom","tag-world","tag-world-news","tag-zohran-mamdani"],"share_on_mastodon":{"url":"https:\/\/pubeurope.com\/@sk\/117200797581758885","error":""},"_links":{"self":[{"href":"https:\/\/www.europesays.com\/sk\/wp-json\/wp\/v2\/posts\/168107","targetHints":{"allow":["GET"]}}],"collection":[{"href":"https:\/\/www.europesays.com\/sk\/wp-json\/wp\/v2\/posts"}],"about":[{"href":"https:\/\/www.europesays.com\/sk\/wp-json\/wp\/v2\/types\/post"}],"author":[{"embeddable":true,"href":"https:\/\/www.europesays.com\/sk\/wp-json\/wp\/v2\/users\/2"}],"replies":[{"embeddable":true,"href":"https:\/\/www.europesays.com\/sk\/wp-json\/wp\/v2\/comments?post=168107"}],"version-history":[{"count":0,"href":"https:\/\/www.europesays.com\/sk\/wp-json\/wp\/v2\/posts\/168107\/revisions"}],"wp:featuredmedia":[{"embeddable":true,"href":"https:\/\/www.europesays.com\/sk\/wp-json\/wp\/v2\/media\/168108"}],"wp:attachment":[{"href":"https:\/\/www.europesays.com\/sk\/wp-json\/wp\/v2\/media?parent=168107"}],"wp:term":[{"taxonomy":"category","embeddable":true,"href":"https:\/\/www.europesays.com\/sk\/wp-json\/wp\/v2\/categories?post=168107"},{"taxonomy":"post_tag","embeddable":true,"href":"https:\/\/www.europesays.com\/sk\/wp-json\/wp\/v2\/tags?post=168107"}],"curies":[{"name":"wp","href":"https:\/\/api.w.org\/{rel}","templated":true}]}}