{"id":168111,"date":"2026-09-02T09:44:14","date_gmt":"2026-09-02T09:44:14","guid":{"rendered":"https:\/\/www.europesays.com\/sk\/168111\/"},"modified":"2026-09-02T09:44:14","modified_gmt":"2026-09-02T09:44:14","slug":"matka-a-dcera-zomreli-pocas-dovolenky-pri-jadrane-okolnosti-umrtia-su-vsak-nejasne","status":"publish","type":"post","link":"https:\/\/www.europesays.com\/sk\/168111\/","title":{"rendered":"Matka a dc\u00e9ra zomreli po\u010das dovolenky pri Jadrane. Okolnosti \u00famrtia s\u00fa v\u0161ak nejasn\u00e9"},"content":{"rendered":"<p>Pod\u013ea inform\u00e1ci\u00ed port\u00e1lu <a href=\"https:\/\/net.hr\/danas\/svijet\/velika-tragedija-u-crnoj-gori-umrle-majka-i-kci-iz-sarajeva-31f18480-a5ce-11f1-936f-9600040c8f8e\" target=\"_blank\" rel=\"nofollow noopener\">Danas<\/a>, najsk\u00f4r skolabovala mlad\u0161ia zo \u017eien. Pribli\u017ene o hodinu nesk\u00f4r zomrela aj jej matka. Obe sa pritom nach\u00e1dzali v ob\u013e\u00fabenej dovolenkovej oblasti ne\u010faleko mesta Bar.<\/p>\n<p>    <a href=\"https:\/\/www.noviny.sk\/zahranicie\/1252725-tragicky-koniec-dovolenky-deti-nasli-svojich-rodicov-mrtvych-vo-virivke\" class=\"img\" rel=\"nofollow noopener\" target=\"_blank\"><br \/>\n        <img decoding=\"async\" class=\"lazyload \" src=\"https:\/\/www.europesays.com\/sk\/wp-content\/uploads\/2026\/09\/f0637df9-1bbe-4b24-b439-e219ff49f365.png\" alt=\"Tragick\u00fd koniec dovolenky: Deti na\u0161li svojich rodi\u010dov m\u0155tvych vo v\u00edrivke\" title=\"Tragick\u00fd koniec dovolenky: Deti na\u0161li svojich rodi\u010dov m\u0155tvych vo v\u00edrivke\"\/><br \/>\n    <\/a><\/p>\n<p>Pre\u010d\u00edtajte si tie\u017e<\/p>\n<p>            <a href=\"https:\/\/www.noviny.sk\/zahranicie\/1252725-tragicky-koniec-dovolenky-deti-nasli-svojich-rodicov-mrtvych-vo-virivke\" rel=\"nofollow noopener\" target=\"_blank\"><br \/>\n                Tragick\u00fd koniec dovolenky: Deti na\u0161li svojich rodi\u010dov m\u0155tvych vo v\u00edrivke<br \/>\n            <\/a><\/p>\n<p>Predbe\u017en\u00e9 v\u00fdsledky hovoria o zlyhan\u00ed srdca<\/p>\n<p>Pol\u00edcia sa pr\u00edpadom za\u010dala zaobera\u0165 bezprostredne po \u00famrtiach. Vy\u0161etrovatelia v\u0161ak pod\u013ea dostupn\u00fdch inform\u00e1ci\u00ed nezistili okolnosti, ktor\u00e9 by nasved\u010dovali tomu, \u017ee \u017eeny zomreli v d\u00f4sledku cudzieho zavinenia.<\/p>\n<p>D\u00f4le\u017eit\u00fd posun priniesla predbe\u017en\u00e1 spr\u00e1va patol\u00f3ga. Pod\u013ea nej mohlo by\u0165 bezprostrednou pr\u00ed\u010dinou smrti zlyhanie srdcovej \u010dinnosti. Definit\u00edvne z\u00e1very v\u0161ak bud\u00fa zn\u00e1me a\u017e po ukon\u010den\u00ed v\u0161etk\u00fdch potrebn\u00fdch vy\u0161etren\u00ed.<\/p>\n<p>    <a href=\"https:\/\/www.noviny.sk\/zahranicie\/1252726-dovolenkovy-pobyt-sa-skoncil-tragediou-na-krete-sa-utopilo-v-bazene-11-rocne-dievcatko\" class=\"img\" rel=\"nofollow noopener\" target=\"_blank\"><br \/>\n        <img decoding=\"async\" class=\"lazyload \" src=\"https:\/\/www.europesays.com\/sk\/wp-content\/uploads\/2026\/09\/1788342254_270_be553355-79f8-4542-a0cd-994c802e6326.png\" alt=\"Dovolenkov\u00fd pobyt sa skon\u010dil trag\u00e9diou. Na Kr\u00e9te sa utopilo v baz\u00e9ne 11-ro\u010dn\u00e9 diev\u010datko\" title=\"Dovolenkov\u00fd pobyt sa skon\u010dil trag\u00e9diou. Na Kr\u00e9te sa utopilo v baz\u00e9ne 11-ro\u010dn\u00e9 diev\u010datko\"\/><br \/>\n    <\/a><\/p>\n<p>Pre\u010d\u00edtajte si tie\u017e<\/p>\n<p>            <a href=\"https:\/\/www.noviny.sk\/zahranicie\/1252726-dovolenkovy-pobyt-sa-skoncil-tragediou-na-krete-sa-utopilo-v-bazene-11-rocne-dievcatko\" rel=\"nofollow noopener\" target=\"_blank\"><br \/>\n                Dovolenkov\u00fd pobyt sa skon\u010dil trag\u00e9diou. Na Kr\u00e9te sa utopilo v baz\u00e9ne 11-ro\u010dn\u00e9 diev\u010datko<br \/>\n            <\/a><\/p>\n<p>Na dovolenku pri\u0161li zo Sarajeva<\/p>\n<p>Pod\u013ea denn\u00edka <a href=\"https:\/\/www.avaz.ba\/vijesti\/bih\/1069343\/ovo-su-majka-i-kcerka-iz-sarajeva-koje-su-preminule-u-crnoj-gori-u-razmaku-od-sat-vremena\" target=\"_blank\" rel=\"nofollow noopener\">Avaz<\/a> mali \u017eeny 45 a 22 rokov. Do \u010ciernej Hory pricestovali zo Sarajeva a \u010das pri mori mali str\u00e1vi\u0165 spolo\u010dne.<\/p>\n<p>K trag\u00e9dii do\u0161lo koncom minul\u00e9ho t\u00fd\u017ed\u0148a v letovisku Dobra Voda, ktor\u00e9 le\u017e\u00ed v bl\u00edzkosti mesta Bar. Oblas\u0165 patr\u00ed medzi vyh\u013ead\u00e1van\u00e9 turistick\u00e9 lokality na \u010diernohorskom pobre\u017e\u00ed a po\u010das letnej sez\u00f3ny ju nav\u0161tevuje mno\u017estvo dovolenk\u00e1rov.<\/p>\n<p>    <a href=\"https:\/\/www.noviny.sk\/zahranicie\/1250344-na-dovolenke-si-do-bazena-vzal-kontaktne-sosovky-parazit-mu-takmer-zjedol-oko\" class=\"img\" rel=\"nofollow noopener\" target=\"_blank\"><br \/>\n        <img decoding=\"async\" class=\"lazyload \" src=\"https:\/\/www.europesays.com\/sk\/wp-content\/uploads\/2026\/09\/694c507f-1403-4432-bb64-f12c7e89c8b9.png\" alt=\"Na dovolenke si do baz\u00e9na vzal kontaktn\u00e9 \u0161o\u0161ovky. Parazit mu takmer zjedol oko\" title=\"Na dovolenke si do baz\u00e9na vzal kontaktn\u00e9 \u0161o\u0161ovky. Parazit mu takmer zjedol oko\"\/><br \/>\n    <\/a><\/p>\n<p>Pre\u010d\u00edtajte si tie\u017e<\/p>\n<p>            <a href=\"https:\/\/www.noviny.sk\/zahranicie\/1250344-na-dovolenke-si-do-bazena-vzal-kontaktne-sosovky-parazit-mu-takmer-zjedol-oko\" rel=\"nofollow noopener\" target=\"_blank\"><br \/>\n                Na dovolenke si do baz\u00e9na vzal kontaktn\u00e9 \u0161o\u0161ovky. Parazit mu takmer zjedol oko<br \/>\n            <\/a><\/p>\n","protected":false},"excerpt":{"rendered":"Pod\u013ea inform\u00e1ci\u00ed port\u00e1lu Danas, najsk\u00f4r skolabovala mlad\u0161ia zo \u017eien. Pribli\u017ene o hodinu nesk\u00f4r zomrela aj jej matka. Obe&hellip;\n","protected":false},"author":2,"featured_media":168112,"comment_status":"","ping_status":"","sticky":false,"template":"","format":"standard","meta":{"footnotes":"","_share_on_mastodon":"0"},"categories":[32],"tags":[482,856,34,37,8163,33,785,43,40,39,42,41,36,38,35],"class_list":["post-168111","post","type-post","status-publish","format-standard","has-post-thumbnail","category-spravy","tag-chorvatsko","tag-dovolenka","tag-headlines","tag-hlavne-spravy","tag-matka-a-dcera","tag-news","tag-obete","tag-sk","tag-slovak","tag-slovakia","tag-slovencina","tag-slovensko","tag-spravy","tag-titulky","tag-top-stories"],"share_on_mastodon":{"url":"https:\/\/pubeurope.com\/@sk\/117200805527736190","error":""},"_links":{"self":[{"href":"https:\/\/www.europesays.com\/sk\/wp-json\/wp\/v2\/posts\/168111","targetHints":{"allow":["GET"]}}],"collection":[{"href":"https:\/\/www.europesays.com\/sk\/wp-json\/wp\/v2\/posts"}],"about":[{"href":"https:\/\/www.europesays.com\/sk\/wp-json\/wp\/v2\/types\/post"}],"author":[{"embeddable":true,"href":"https:\/\/www.europesays.com\/sk\/wp-json\/wp\/v2\/users\/2"}],"replies":[{"embeddable":true,"href":"https:\/\/www.europesays.com\/sk\/wp-json\/wp\/v2\/comments?post=168111"}],"version-history":[{"count":0,"href":"https:\/\/www.europesays.com\/sk\/wp-json\/wp\/v2\/posts\/168111\/revisions"}],"wp:featuredmedia":[{"embeddable":true,"href":"https:\/\/www.europesays.com\/sk\/wp-json\/wp\/v2\/media\/168112"}],"wp:attachment":[{"href":"https:\/\/www.europesays.com\/sk\/wp-json\/wp\/v2\/media?parent=168111"}],"wp:term":[{"taxonomy":"category","embeddable":true,"href":"https:\/\/www.europesays.com\/sk\/wp-json\/wp\/v2\/categories?post=168111"},{"taxonomy":"post_tag","embeddable":true,"href":"https:\/\/www.europesays.com\/sk\/wp-json\/wp\/v2\/tags?post=168111"}],"curies":[{"name":"wp","href":"https:\/\/api.w.org\/{rel}","templated":true}]}}