{"id":168203,"date":"2026-09-02T11:21:09","date_gmt":"2026-09-02T11:21:09","guid":{"rendered":"https:\/\/www.europesays.com\/sk\/168203\/"},"modified":"2026-09-02T11:21:09","modified_gmt":"2026-09-02T11:21:09","slug":"vodic-ktory-v-bratislave-narazil-do-tabule-mal-pozitivny-test-na-drogy","status":"publish","type":"post","link":"https:\/\/www.europesays.com\/sk\/168203\/","title":{"rendered":"Vodi\u010d, ktor\u00fd v Bratislave narazil do tabule, mal pozit\u00edvny test na drogy"},"content":{"rendered":"<p>BRATISLAVA &#8211; Bratislavsk\u00e1 pol\u00edcia vy\u0161etruje pr\u00edpad 30-ro\u010dn\u00e9ho vodi\u010da, ktor\u00fd v stredu nadr\u00e1nom pod vplyvom omamn\u00fdch l\u00e1tok narazil do informa\u010dnej tabule a n\u00e1sledne do rampy predajne s luxusn\u00fdmi vozidlami. K udalosti do\u0161lo na ulici Star\u00e1 Vajnorsk\u00e1. Informoval o tom bratislavsk\u00fd krajsk\u00fd policajn\u00fd hovorca Michal Szeiff.<\/p>\n<p>Pol\u00edcia bola k nehode privolan\u00e1 kr\u00e1tko po 5.00 h. \u201ePod\u013ea doteraj\u0161\u00edch inform\u00e1ci\u00ed 30-ro\u010dn\u00fd vodi\u010d z doposia\u013e presne nezisten\u00fdch pr\u00ed\u010din zi\u0161iel mimo vozovky a narazil po\u010das jazdy do informa\u010dnej tabule a n\u00e1sledne do rampy predajne s luxusn\u00fdmi vozidlami,\u201c uviedol Szeiff. Pri nehode k zraneniu os\u00f4b nedo\u0161lo.<\/p>\n<p>Pol\u00edcia n\u00e1sledne vodi\u010da podrobila dychovej sk\u00fa\u0161ke na zistenie pr\u00edtomnosti alkoholu v dychu, t\u00e1 skon\u010dila s negat\u00edvnym v\u00fdsledkom. Orienta\u010dn\u00fd test na zistenie pr\u00edtomnosti omamn\u00fdch a psychotropn\u00fdch l\u00e1tok skon\u010dil v\u0161ak u mu\u017ea s pozit\u00edvnym v\u00fdsledkom.<\/p>\n<p>Vodi\u010dovi pol\u00edcia obmedzila osobn\u00fa slobodu a eskortovala ho na pr\u00edslu\u0161n\u00e9 policajn\u00e9 oddelenie. Vy\u0161etrovan\u00edm \u010fal\u0161\u00edch okolnost\u00ed sa zaoberaj\u00fa policajti Okresn\u00e9ho riadite\u013estva Policajn\u00e9ho zboru v Bratislave II.<\/p>\n","protected":false},"excerpt":{"rendered":"BRATISLAVA &#8211; Bratislavsk\u00e1 pol\u00edcia vy\u0161etruje pr\u00edpad 30-ro\u010dn\u00e9ho vodi\u010da, ktor\u00fd v stredu nadr\u00e1nom pod vplyvom omamn\u00fdch l\u00e1tok narazil do&hellip;\n","protected":false},"author":2,"featured_media":168204,"comment_status":"","ping_status":"","sticky":false,"template":"","format":"standard","meta":{"footnotes":"","_share_on_mastodon":"0"},"categories":[6],"tags":[136,2388,761,525,43,40,44,39,42,45,41,28779],"class_list":["post-168203","post","type-post","status-publish","format-standard","has-post-thumbnail","category-slovensko","tag-bratislava","tag-dopravna-nehoda","tag-drogy","tag-policia","tag-sk","tag-slovak","tag-slovak-republic","tag-slovakia","tag-slovencina","tag-slovenska-republika","tag-slovensko","tag-tabula"],"share_on_mastodon":{"url":"https:\/\/pubeurope.com\/@sk\/117201186719822126","error":""},"_links":{"self":[{"href":"https:\/\/www.europesays.com\/sk\/wp-json\/wp\/v2\/posts\/168203","targetHints":{"allow":["GET"]}}],"collection":[{"href":"https:\/\/www.europesays.com\/sk\/wp-json\/wp\/v2\/posts"}],"about":[{"href":"https:\/\/www.europesays.com\/sk\/wp-json\/wp\/v2\/types\/post"}],"author":[{"embeddable":true,"href":"https:\/\/www.europesays.com\/sk\/wp-json\/wp\/v2\/users\/2"}],"replies":[{"embeddable":true,"href":"https:\/\/www.europesays.com\/sk\/wp-json\/wp\/v2\/comments?post=168203"}],"version-history":[{"count":0,"href":"https:\/\/www.europesays.com\/sk\/wp-json\/wp\/v2\/posts\/168203\/revisions"}],"wp:featuredmedia":[{"embeddable":true,"href":"https:\/\/www.europesays.com\/sk\/wp-json\/wp\/v2\/media\/168204"}],"wp:attachment":[{"href":"https:\/\/www.europesays.com\/sk\/wp-json\/wp\/v2\/media?parent=168203"}],"wp:term":[{"taxonomy":"category","embeddable":true,"href":"https:\/\/www.europesays.com\/sk\/wp-json\/wp\/v2\/categories?post=168203"},{"taxonomy":"post_tag","embeddable":true,"href":"https:\/\/www.europesays.com\/sk\/wp-json\/wp\/v2\/tags?post=168203"}],"curies":[{"name":"wp","href":"https:\/\/api.w.org\/{rel}","templated":true}]}}