{"id":168211,"date":"2026-09-02T11:31:10","date_gmt":"2026-09-02T11:31:10","guid":{"rendered":"https:\/\/www.europesays.com\/sk\/168211\/"},"modified":"2026-09-02T11:31:10","modified_gmt":"2026-09-02T11:31:10","slug":"video-tenisova-zabava-v-den-narodenin-monfils-dvihal-new-york-zo-sedadiel-a-predviedol-uchvatnu-sou","status":"publish","type":"post","link":"https:\/\/www.europesays.com\/sk\/168211\/","title":{"rendered":"VIDEO Tenisov\u00e1 z\u00e1bava v de\u0148 naroden\u00edn: Monfils dv\u00edhal New York zo sedadiel a predviedol \u00fachvatn\u00fa \u0161ou"},"content":{"rendered":"<p>\t<a href=\"https:\/\/sportky.zoznam.sk\/g\/493819\/video-tenisova-zabava-v-den-narodenin-monfils-dvihal-new-york-zo-sedadiel-a-predviedol-uchvatnu-sou?image=1194959\" title=\"Franc\u00fazsky tenisov\u00fd veter\u00e1n Gael Monfils\" rel=\"nofollow noopener\" target=\"_blank\">\t\t\t<img decoding=\"async\" loading=\"lazy\" src=\"https:\/\/www.europesays.com\/sk\/wp-content\/uploads\/2026\/09\/gael-monfils-us-open-1194959.jpg\"  alt=\"Franc\u00fazsky tenisov\u00fd veter\u00e1n Gael Monfils\"\/><\/a>Franc\u00fazsky tenisov\u00fd veter\u00e1n Gael Monfils\t\t\t Zdroj: SITA\/AP\/Adam Hunger\t\t\t\t<\/p>\n<p>\t\t\t<a class=\"box-article-author-image\"><br \/>\n\t\t\t\t<img decoding=\"async\" src=\"https:\/\/sportky.zoznam.sk\/static\/2019_default\/img\/author.svg\"\/><br \/>\n\t\t\t<\/a><\/p>\n<p class=\"perex\">NEW YORK &#8211; Franc\u00fazsky tenista Gael Monfils e\u0161te nekon\u010d\u00ed svoju grandslamov\u00fa kari\u00e9ru.\t<\/p>\n<p>Par\u00ed\u017esky rod\u00e1k triumfoval nad Paraguaj\u010danom Adolfom Danielom Vallejom 2:6, 6:1, 6:2, 6:0 a dal si dar\u010dek k 40. narodenin\u00e1m. Behom v\u00e4\u010d\u0161iny z\u00e1pasu predv\u00e1dzal vynikaj\u00faci tenis, v \u0161tatistik\u00e1ch mu po poslednom bode zasvietilo 37 v\u00ed\u0165azn\u00fdch \u00faderov. V druhom kole naraz\u00ed na dom\u00e1ci 20-ro\u010dn\u00fd talent Learnera Tiena.<\/p>\n<p>&#13;<br \/>\n&#13;<\/p>\n<p>&#13;<\/p>\n<p dir=\"ltr\" lang=\"en\">GAEL MONFILS OH MY GODDDD<\/p>\n<p>Leaping slap shot forehand winner.<\/p>\n<p>40 years old, doing things nobody else in the sport attempts.<\/p>\n<p>One of the greatest entertainers in all of sports.<\/p>\n<p>\ud83e\udd2f\ud83e\udd2f\ud83e\udd2f\ud83e\udd2f\ud83e\udd2f\ud83e\udd2f <a href=\"https:\/\/t.co\/1iTNjwos6M\" rel=\"nofollow\">pic.twitter.com\/1iTNjwos6M<\/a><\/p>\n<p>&#13;<br \/>\n\u2014 The Tennis Letter (@TheTennisLetter) <a href=\"https:\/\/x.com\/TheTennisLetter\/status\/2094958392733585701?ref_src=twsrc%5Etfw\" rel=\"nofollow\">September 2, 2026<\/a><\/p>\n<p>&#13;<br \/>\n&#13;<\/p>\n<p>Do druh\u00e9ho kola sa prebojoval aj Talian Lorenzo Musetti, ke\u010f v troch setoch zdolal hrdinu Wimbledonu Arthura Feryho 6:3, 6:3, 7:5.<\/p>\n<p>&#13;<br \/>\n&#13;<\/p>\n<p>mu\u017ei &#8211; dvojhra &#8211; 1. kolo:<\/p>\n<p>Lorenzo Musetti (Tal.-13) &#8211; Arthur Fery (V. Brit.) 6:3, 6:3, 7:5<\/p>\n<p>&#13;<br \/>\n&#13;<br \/>\n&#13;<br \/>\n&#13;<\/p>\n<p>Gael Monfils (Fr.) &#8211; Adolfo Daniel Vallejo (Parag.) 2:6, 6:1, 6:2, 6:0<\/p>\n<p>&#13;<br \/>\n&#13;<br \/>\n&#13;<br \/>\n&#13;<\/p>\n<p>Arthur Gea (Fr.) &#8211; Juan Manuel Cerundolo (Arg.) 6:3, 2:6, 3:6, 6:3, 6:1<\/p>\n<p>&#13;<br \/>\n&#13;<br \/>\n&#13;<br \/>\n&#13;<\/p>\n<p>Mattia Bellucci (Tal.) &#8211; Zsombor Piros (Ma\u010f.) 6:4, 6:2, 6:0<\/p>\n<p>&#13;<br \/>\n&#13;<br \/>\n&#13;<br \/>\n&#13;<\/p>\n<p>Francisco Cerundolo (Arg.-24) &#8211; Filip Misoli\u010d (Rak.) 6:4, 6:3, 7:5<\/p>\n<p>&#13;<br \/>\n&#13;<br \/>\n&#13;<br \/>\n&#13;<\/p>\n<p>Dane Sweeny (Austr.) &#8211; Corentin Moutet (Fr.) 7:6 (4), 6:4, 3:0 &#8211; skre\u010d<\/p>\n<p>&#13;<br \/>\n&#13;<br \/>\n&#13;<br \/>\n&#13;<\/p>\n<p>Jan-Lennard Struff (Nem.) &#8211; Camilo Ugo Carabelli (Arg.) 6:4, 6:3, 6:3<\/p>\n<p>&#13;<br \/>\n&#13;<br \/>\n&#13;<br \/>\n&#13;<\/p>\n<p>Tristan Schoolkate (Austr.) &#8211; Nishesh Basavareddy (USA) 7:6 (4), 3:6, 6:3, 6:4<\/p>\n<p>&#13;<br \/>\n&#13;<\/p>\n<p>\u00a0<\/p>\n<p>&#13;<br \/>\n&#13;<\/p>\n<p>Flavio Cobolli (Tal.-5) &#8211; Francisco Comesana (Arg.) 3:6, 2:6, 6:3, 6:4, 6:4<\/p>\n<p>&#13;<br \/>\n&#13;<br \/>\n&#13;<br \/>\n&#13;<\/p>\n<p>Taylor Fritz (USA-9) &#8211; Darwin Blanch (USA) 6:3, 6:2, 6:4<\/p>\n<p>&#13;<br \/>\n&#13;<br \/>\n&#13;<br \/>\n&#13;<\/p>\n<p>\n\t\t\tFotogal\u00e9ria k \u010dl\u00e1nku<br \/>\n\t\t\tPo\u010det fotiek: 41\n\t\t<\/p>\n<p>\t&#13;<\/p>\n<p>\t\t\tViac o t\u00e9me:<\/p>\n<p>\t\t\tAutor: \u00a9 Zoznam\/\t\t\tVIDEO: YouTube\/US Open Tennis Championships; X\/TheTennisLetter\t\t\tZdroj:  TASR, \u0160portky\t<\/p>\n<p><script async src=\"https:\/\/platform.twitter.com\/widgets.js\" charset=\"utf-8\"><\/script><\/p>\n","protected":false},"excerpt":{"rendered":"Franc\u00fazsky tenisov\u00fd veter\u00e1n Gael Monfils Zdroj: SITA\/AP\/Adam Hunger NEW YORK &#8211; Franc\u00fazsky tenista Gael Monfils e\u0161te nekon\u010d\u00ed svoju&hellip;\n","protected":false},"author":2,"featured_media":168212,"comment_status":"","ping_status":"","sticky":false,"template":"","format":"standard","meta":{"footnotes":"","_share_on_mastodon":"0"},"categories":[13],"tags":[38893,47916,46989,47915,43,40,39,42,41,69,68,46298],"class_list":["post-168211","post","type-post","status-publish","format-standard","has-post-thumbnail","category-sport","tag-arthur-fery","tag-daniel-vallejo","tag-gael-monfils","tag-lorenzo-musetti","tag-sk","tag-slovak","tag-slovakia","tag-slovencina","tag-slovensko","tag-sport","tag-sports","tag-us-open-2026"],"share_on_mastodon":{"url":"https:\/\/pubeurope.com\/@sk\/117201226259809761","error":""},"_links":{"self":[{"href":"https:\/\/www.europesays.com\/sk\/wp-json\/wp\/v2\/posts\/168211","targetHints":{"allow":["GET"]}}],"collection":[{"href":"https:\/\/www.europesays.com\/sk\/wp-json\/wp\/v2\/posts"}],"about":[{"href":"https:\/\/www.europesays.com\/sk\/wp-json\/wp\/v2\/types\/post"}],"author":[{"embeddable":true,"href":"https:\/\/www.europesays.com\/sk\/wp-json\/wp\/v2\/users\/2"}],"replies":[{"embeddable":true,"href":"https:\/\/www.europesays.com\/sk\/wp-json\/wp\/v2\/comments?post=168211"}],"version-history":[{"count":0,"href":"https:\/\/www.europesays.com\/sk\/wp-json\/wp\/v2\/posts\/168211\/revisions"}],"wp:featuredmedia":[{"embeddable":true,"href":"https:\/\/www.europesays.com\/sk\/wp-json\/wp\/v2\/media\/168212"}],"wp:attachment":[{"href":"https:\/\/www.europesays.com\/sk\/wp-json\/wp\/v2\/media?parent=168211"}],"wp:term":[{"taxonomy":"category","embeddable":true,"href":"https:\/\/www.europesays.com\/sk\/wp-json\/wp\/v2\/categories?post=168211"},{"taxonomy":"post_tag","embeddable":true,"href":"https:\/\/www.europesays.com\/sk\/wp-json\/wp\/v2\/tags?post=168211"}],"curies":[{"name":"wp","href":"https:\/\/api.w.org\/{rel}","templated":true}]}}