{"id":168233,"date":"2026-09-02T11:49:18","date_gmt":"2026-09-02T11:49:18","guid":{"rendered":"https:\/\/www.europesays.com\/sk\/168233\/"},"modified":"2026-09-02T11:49:18","modified_gmt":"2026-09-02T11:49:18","slug":"policia-odhalila-v-utorok-rano-29-vodicov-pod-vplyvom-alkoholu","status":"publish","type":"post","link":"https:\/\/www.europesays.com\/sk\/168233\/","title":{"rendered":"Pol\u00edcia odhalila v utorok r\u00e1no 29 vodi\u010dov pod vplyvom alkoholu"},"content":{"rendered":"<p>BRATISLAVA &#8211; Pol\u00edcia v utorok (1. 9.) od 5.00 do 7.00 h v r\u00e1mci kontroly odhalila 29 vodi\u010dov, ktor\u00ed jazdili pod vplyvom alkoholu. Celkovo vykonala vy\u0161e 12.000 dychov\u00fdch sk\u00fa\u0161ok. Policajti o tom informovali na soci\u00e1lnej sieti.<\/p>\n<p>\u201eV 25 pr\u00edpadoch i\u0161lo o vodi\u010dov s hodnotou do jedn\u00e9ho promile a v \u0161tyroch pr\u00edpadoch bola zisten\u00e1 hodnota nad jedno promile. Pr\u00edtomnos\u0165 inej n\u00e1vykovej l\u00e1tky ako alkoholu nebola zisten\u00e1 ani u jedn\u00e9ho vodi\u010da. Za tento \u010das sme odhalili celkovo 251 poru\u0161en\u00ed pravidiel cestnej prem\u00e1vky,\u201c ozrejmili policajti.<\/p>\n<p>\t<a href=\"https:\/\/www.topky.sk\/gl\/9603529\/6583281\/SOKUJUCE-vysledky-rannej-kontroly--Policia-odhalila-az-29-vodicov-pod-vplyvom-alkoholu\" rel=\"nofollow noopener\" target=\"_blank\"><br \/>\n\t\t<img decoding=\"async\" alt=\"\u0160OKUJ\u00daCE v\u00fdsledky rannej kontroly!\" aria-describedby=\"img-res-6583281\" class=\"\" height=\"1905\" id=\"6583281\" loading=\"lazy\" onerror=\"imgArticleLoadErr(this)\" src=\"https:\/\/www.europesays.com\/sk\/wp-content\/uploads\/2026\/09\/alkohol-policia--kontrola-.jpg\" style=\"aspect-ratio:0.840\" title=\"\u0160OKUJ\u00daCE v\u00fdsledky rannej kontroly!\" width=\"1600\"\/>\t\t\t<\/p>\n<p>\n\t\t\t\tZobrazi\u0165 gal\u00e9riu (4)\t\t\t<\/p>\n<p>\t<\/a><\/p>\n<p>\t\u00a0(Zdroj: Facebook\/Pol\u00edcia Slovenskej republiky\ufeff)<\/p>\n<p>Apeluj\u00fa na vodi\u010dov, \u017ee alkohol ani in\u00e9 n\u00e1vykov\u00e9 l\u00e1tky za volant nepatria a pripom\u00ednaj\u00fa, \u017ee aj mal\u00e9 mno\u017estvo m\u00f4\u017ee v\u00fdrazne ovplyvni\u0165 schopnos\u0165 vodi\u010da bezpe\u010dne reagova\u0165 a ohrozi\u0165 \u017eivoty \u00fa\u010dastn\u00edkov cestnej prem\u00e1vky.<\/p>\n<p>\t<a href=\"https:\/\/www.topky.sk\/gl\/9603529\/6583275\/SOKUJUCE-vysledky-rannej-kontroly--Policia-odhalila-az-29-vodicov-pod-vplyvom-alkoholu\" rel=\"nofollow noopener\" target=\"_blank\"><br \/>\n\t\t<img decoding=\"async\" alt=\"\u0160OKUJ\u00daCE v\u00fdsledky rannej kontroly!\" aria-describedby=\"img-res-6583275\" class=\"\" height=\"1961\" id=\"6583275\" loading=\"lazy\" onerror=\"imgArticleLoadErr(this)\" src=\"https:\/\/www.europesays.com\/sk\/wp-content\/uploads\/2026\/09\/1788349758_27_alkohol-policia--kontrola-.jpg\" style=\"aspect-ratio:0.816\" title=\"\u0160OKUJ\u00daCE v\u00fdsledky rannej kontroly!\" width=\"1600\"\/>\t\t\t<\/p>\n<p>\n\t\t\t\tZobrazi\u0165 gal\u00e9riu (4)\t\t\t<\/p>\n<p>\t<\/a><\/p>\n<p>\t\u00a0(Zdroj: Facebook\/Pol\u00edcia Slovenskej republiky\ufeff)<\/p>\n","protected":false},"excerpt":{"rendered":"BRATISLAVA &#8211; Pol\u00edcia v utorok (1. 9.) od 5.00 do 7.00 h v r\u00e1mci kontroly odhalila 29 vodi\u010dov,&hellip;\n","protected":false},"author":2,"featured_media":168234,"comment_status":"","ping_status":"","sticky":false,"template":"","format":"standard","meta":{"footnotes":"","_share_on_mastodon":"0"},"categories":[6],"tags":[847,373,6261,525,43,40,44,39,42,45,41,528],"class_list":["post-168233","post","type-post","status-publish","format-standard","has-post-thumbnail","category-slovensko","tag-alkohol","tag-doprava","tag-kontrola","tag-policia","tag-sk","tag-slovak","tag-slovak-republic","tag-slovakia","tag-slovencina","tag-slovenska-republika","tag-slovensko","tag-vodici"],"share_on_mastodon":{"url":"https:\/\/pubeurope.com\/@sk\/117201297195887066","error":""},"_links":{"self":[{"href":"https:\/\/www.europesays.com\/sk\/wp-json\/wp\/v2\/posts\/168233","targetHints":{"allow":["GET"]}}],"collection":[{"href":"https:\/\/www.europesays.com\/sk\/wp-json\/wp\/v2\/posts"}],"about":[{"href":"https:\/\/www.europesays.com\/sk\/wp-json\/wp\/v2\/types\/post"}],"author":[{"embeddable":true,"href":"https:\/\/www.europesays.com\/sk\/wp-json\/wp\/v2\/users\/2"}],"replies":[{"embeddable":true,"href":"https:\/\/www.europesays.com\/sk\/wp-json\/wp\/v2\/comments?post=168233"}],"version-history":[{"count":0,"href":"https:\/\/www.europesays.com\/sk\/wp-json\/wp\/v2\/posts\/168233\/revisions"}],"wp:featuredmedia":[{"embeddable":true,"href":"https:\/\/www.europesays.com\/sk\/wp-json\/wp\/v2\/media\/168234"}],"wp:attachment":[{"href":"https:\/\/www.europesays.com\/sk\/wp-json\/wp\/v2\/media?parent=168233"}],"wp:term":[{"taxonomy":"category","embeddable":true,"href":"https:\/\/www.europesays.com\/sk\/wp-json\/wp\/v2\/categories?post=168233"},{"taxonomy":"post_tag","embeddable":true,"href":"https:\/\/www.europesays.com\/sk\/wp-json\/wp\/v2\/tags?post=168233"}],"curies":[{"name":"wp","href":"https:\/\/api.w.org\/{rel}","templated":true}]}}