{"id":168301,"date":"2026-09-02T12:57:10","date_gmt":"2026-09-02T12:57:10","guid":{"rendered":"https:\/\/www.europesays.com\/sk\/168301\/"},"modified":"2026-09-02T12:57:10","modified_gmt":"2026-09-02T12:57:10","slug":"pellegrini-stredna-europa-musi-byt-v-eu-hlasnejsia-unia-menej-ideologicka","status":"publish","type":"post","link":"https:\/\/www.europesays.com\/sk\/168301\/","title":{"rendered":"PELLEGRINI: STREDN\u00c1 EUR\u00d3PA MUS\u00cd BY\u0164 V E\u00da HLASNEJ\u0160IA, \u00daNIA MENEJ IDEOLOGICK\u00c1"},"content":{"rendered":"<p>\t\t\t\t  <img decoding=\"async\" src=\"https:\/\/www.europesays.com\/sk\/wp-content\/uploads\/2026\/09\/pellegrini_sita_kp_orez.jpg\" alt=\"\"\/><\/p>\n<p>Peter Pellegrini povedal, \u017ee ke\u010f bude stredn\u00e1 Eur\u00f3pa postupova\u0165 spolo\u010dne, m\u00f4\u017ee dosiahnu\u0165 na \u00farovni E\u00da ove\u013ea viac. Odk\u00e1zal v tejto s\u00favislosti na v\u00fdrok \u010desk\u00e9ho premi\u00e9ra Andreja Babi\u0161a o tom, \u017ee je potrebn\u00e9 vytv\u00e1ra\u0165 koal\u00edcie, ktor\u00e9 by zastupovali v \u00fanii z\u00e1ujmy kraj\u00edn strednej Eur\u00f3py.<\/p>\n<p>Foto\u00a0SITA\/KANCEL\u00c1RIA PREZIDENTA SR<\/p>\n<p>D\u00e1tum\u00a001.09.2026<\/p>\n<p>Krajiny strednej Eur\u00f3py by mali by\u0165 v r\u00e1mci Eur\u00f3pskej \u00fanie hlasnej\u0161ie. Na f\u00f3re v slovinskom Blede to vyhl\u00e1sil prezident SR Peter Pellegrini, ktor\u00fd vyst\u00fapil v moderovanej diskusii so slovinskou prezidentkou Nata\u0161ou Pircovou Musarovou. Pellegrini tie\u017e vyzval na v\u00e4\u010d\u0161\u00ed pragmatizmus v E\u00da. Slovinsk\u00e1 hlava \u0161t\u00e1tu kontrovala, \u017ee pragmatizmus nie je v\u017edy ta spr\u00e1vna cesta vpred. Pellegrini povedal, \u017ee ke\u010f bude stredn\u00e1 Eur\u00f3pa postupova\u0165 spolo\u010dne, m\u00f4\u017ee dosiahnu\u0165 na \u00farovni E\u00da ove\u013ea viac. Odk\u00e1zal v tejto s\u00favislosti na v\u00fdrok \u010desk\u00e9ho premi\u00e9ra Andreja Babi\u0161a o tom, \u017ee je potrebn\u00e9 vytv\u00e1ra\u0165 koal\u00edcie, ktor\u00e9 by zastupovali v \u00fanii z\u00e1ujmy kraj\u00edn strednej Eur\u00f3py.<\/p>\n<p>\u201eNie by\u0165 v\u00fdtr\u017en\u00edk, ale prezentova\u0165 vlastn\u00fd poh\u013ead na bud\u00facnos\u0165 E\u00da a Eur\u00f3py ako takej,\u201c uviedol v kontexte vytv\u00e1rania mo\u017en\u00fdch spojenectiev. Doplnil, \u017ee stredn\u00e1 Eur\u00f3pa m\u00e1 pod\u013ea neho ob\u010das \u201elep\u0161\u00ed recept\u201c na rie\u0161enie ur\u010dit\u00fdch probl\u00e9mov ne\u017e star\u0161\u00ed \u010dlenovia \u00fanie. Prezident SR vyjadril z\u00e1rove\u0148 presved\u010denie, \u017ee na eur\u00f3pskej \u00farovni je niekedy prive\u013ea optimizmu. Pouk\u00e1zal napr\u00edklad na po\u010diato\u010dn\u00e9 ciele tzv. Zelenej dohody. Uznal v\u0161ak, \u017ee kl\u00edma sa men\u00ed, pri\u010dom spomenul udalosti z posledn\u00fdch mesiacov.<\/p>\n<p>\u201eV Eur\u00f3pskej \u00fanii potrebujeme viac pragmatizmu a menej ideol\u00f3gie, viac konkr\u00e9tnych krokov a menej sloganov,\u201c vyhl\u00e1sil Pellegrini. Pircov\u00e1 Musarov\u00e1 sa tie\u017e vyslovila za posilnenie spolupr\u00e1ce v strednej Eur\u00f3pe, kde je pod\u013ea nej na to ve\u013ea priestoru, predov\u0161etk\u00fdm v oblasti hospod\u00e1rskych vz\u0165ahov a budovania infra\u0161trukt\u00fary. Samotn\u00e1 Eur\u00f3pska \u00fania m\u00e1 pod\u013ea nej ekonomick\u00fa silu, ale z politick\u00e9ho h\u013eadiska je \u201etrpasl\u00edk\u201c.<\/p>\n<p>                <a href=\"https:\/\/www.torden.sk\/\" target=\"_blank\" rel=\"nofollow noopener\">&#13;<br \/>\n                            <img decoding=\"async\" src=\"https:\/\/www.europesays.com\/sk\/wp-content\/uploads\/2026\/09\/torden_prezidenti_banner_extraplus.jpg\" style=\"margin: 1rem 0 2rem 0;\" alt=\"RKL TORDEN\"\/>&#13;<br \/>\n                            <\/a><\/p>\n<p>Z\u00e1kaz kop\u00edrova\u0165 texty bez s\u00fahlasu Mayer Media,<br \/>vydavate\u013estvo ude\u013euje povolenie len na pou\u017eitie odkazu na origin\u00e1lny \u010dl\u00e1nok.<\/p>\n<p>DISKUTUJ\u00daCIM: Zapoji\u0165 sa do diskusie m\u00f4\u017eete len po registr\u00e1cii a prihl\u00e1sen\u00ed sa do svojho \u00fa\u010dtu.<\/p>\n<p>UPOZORNENIE: V\u00e1\u017een\u00ed diskutuj\u00faci, pod\u013ea platn\u00fdch z\u00e1konov Slovenskej republiky sme povinn\u00ed na po\u017eiadanie org\u00e1nov \u010dinn\u00fdch v trestnom konan\u00ed poskytn\u00fa\u0165 IP adresu, e-mail, va\u0161e pr\u00edspevky a pod. v pr\u00edpade, \u017ee tieto pr\u00edspevky v diskusnom f\u00f3re bud\u00fa poru\u0161ova\u0165 z\u00e1kon. V tejto s\u00favislosti v\u00e1s pros\u00edme, aby ste do diskusie na na\u0161ej str\u00e1nke nevkladali tak\u00e9 koment\u00e1re, ktor\u00e9 by mohli naplni\u0165 skutkov\u00fa podstatu niektor\u00e9ho z trestn\u00fdch \u010dinov uveden\u00fdch v Trestnom z\u00e1kone. Medzi tak\u00e9 pr\u00edspevky patria koment\u00e1re rasistick\u00e9, podnecuj\u00face k n\u00e1siliu alebo nen\u00e1visti na z\u00e1klade pohlavia, rasy, farby pleti, jazyka, viery a n\u00e1bo\u017eenstva, politick\u00e9ho \u010di in\u00e9ho zm\u00fd\u0161\u013eania, n\u00e1rodn\u00e9ho alebo soci\u00e1lneho p\u00f4vodu, pr\u00edslu\u0161nosti k n\u00e1rodnosti alebo k etnickej skupine a podobne. Za ka\u017ed\u00fd zverejnen\u00fd pr\u00edspevok nesie zodpovednos\u0165 diskutuj\u00faci, nie vydavate\u013e \u010di prev\u00e1dzkovate\u013e Extra plus.<\/p>\n","protected":false},"excerpt":{"rendered":"Peter Pellegrini povedal, \u017ee ke\u010f bude stredn\u00e1 Eur\u00f3pa postupova\u0165 spolo\u010dne, m\u00f4\u017ee dosiahnu\u0165 na \u00farovni E\u00da ove\u013ea viac. Odk\u00e1zal&hellip;\n","protected":false},"author":2,"featured_media":168302,"comment_status":"","ping_status":"","sticky":false,"template":"","format":"standard","meta":{"footnotes":"","_share_on_mastodon":"0"},"categories":[3],"tags":[1285,66,57,56,55,1284,1283,47929,142,43,40,42,36,47930,1282],"class_list":["post-168301","post","type-post","status-publish","format-standard","has-post-thumbnail","category-europa","tag-casopis","tag-ekonomika","tag-eu","tag-europa","tag-europe","tag-extra-plus","tag-hospodarstvo","tag-pellegrini-stredna-europa-musi-byt-v-eu-hlasnejsia","tag-politika","tag-sk","tag-slovak","tag-slovencina","tag-spravy","tag-unia-menej-ideologicka","tag-zahranicie"],"share_on_mastodon":{"url":"https:\/\/pubeurope.com\/@sk\/117201564305706526","error":""},"_links":{"self":[{"href":"https:\/\/www.europesays.com\/sk\/wp-json\/wp\/v2\/posts\/168301","targetHints":{"allow":["GET"]}}],"collection":[{"href":"https:\/\/www.europesays.com\/sk\/wp-json\/wp\/v2\/posts"}],"about":[{"href":"https:\/\/www.europesays.com\/sk\/wp-json\/wp\/v2\/types\/post"}],"author":[{"embeddable":true,"href":"https:\/\/www.europesays.com\/sk\/wp-json\/wp\/v2\/users\/2"}],"replies":[{"embeddable":true,"href":"https:\/\/www.europesays.com\/sk\/wp-json\/wp\/v2\/comments?post=168301"}],"version-history":[{"count":0,"href":"https:\/\/www.europesays.com\/sk\/wp-json\/wp\/v2\/posts\/168301\/revisions"}],"wp:featuredmedia":[{"embeddable":true,"href":"https:\/\/www.europesays.com\/sk\/wp-json\/wp\/v2\/media\/168302"}],"wp:attachment":[{"href":"https:\/\/www.europesays.com\/sk\/wp-json\/wp\/v2\/media?parent=168301"}],"wp:term":[{"taxonomy":"category","embeddable":true,"href":"https:\/\/www.europesays.com\/sk\/wp-json\/wp\/v2\/categories?post=168301"},{"taxonomy":"post_tag","embeddable":true,"href":"https:\/\/www.europesays.com\/sk\/wp-json\/wp\/v2\/tags?post=168301"}],"curies":[{"name":"wp","href":"https:\/\/api.w.org\/{rel}","templated":true}]}}