{"id":168305,"date":"2026-09-02T12:59:15","date_gmt":"2026-09-02T12:59:15","guid":{"rendered":"https:\/\/www.europesays.com\/sk\/168305\/"},"modified":"2026-09-02T12:59:15","modified_gmt":"2026-09-02T12:59:15","slug":"policia-patra-po-muzovi-ktory-ukradol-v-hlohovci-holiace-potreby-za-778-eur","status":"publish","type":"post","link":"https:\/\/www.europesays.com\/sk\/168305\/","title":{"rendered":"Pol\u00edcia p\u00e1tra po mu\u017eovi, ktor\u00fd ukradol v Hlohovci holiace potreby za 778 eur"},"content":{"rendered":"<p>HLOHOVEC &#8211; Pol\u00edcia vy\u0161etruje kr\u00e1de\u017e v jednej z drog\u00e9ri\u00ed v Hlohovci, ku ktorej do\u0161lo koncom augusta. Nezn\u00e1my p\u00e1chate\u013e si z predajne odniesol holiace stroj\u010deky a n\u00e1hradn\u00e9 \u010depele v celkovej hodnote 778 eur. Krajsk\u00e9 riadite\u013estvo Policajn\u00e9ho zboru v Trnave o tom informovalo na soci\u00e1lnej sieti.<\/p>\n<p>Mu\u017e z reg\u00e1lov zobral 19 kusov holiacich stroj\u010dekov a viacero n\u00e1hradn\u00fdch \u010depel\u00ed. N\u00e1sledne z predajne odi\u0161iel bez zaplatenia. Spolo\u010dnosti t\u00fdm vznikla \u0161koda 778 eur. Policajti na z\u00e1klade anal\u00fdzy kamerov\u00fdch z\u00e1znamov identifikovali mu\u017ea, ktor\u00fd by mohol pom\u00f4c\u0165 pri objasnen\u00ed skutku. Jeho fotografiu zverejnili na soci\u00e1lnej sieti. Pol\u00edcia \u017eiada verejnos\u0165 o pomoc pri jeho stoto\u017enen\u00ed. S\u00favisiace inform\u00e1cie mo\u017eno ozn\u00e1mi\u0165 na bezplatnom telef\u00f3nnom \u010d\u00edsle 158, osobne na obvodnom oddelen\u00ed Policajn\u00e9ho zboru v Hlohovci alebo prostredn\u00edctvom s\u00fakromnej spr\u00e1vy na soci\u00e1lnej sieti.<\/p>\n<p>\t<a href=\"https:\/\/www.topky.sk\/gl\/9603599\/6583397\/Policia-patra-po-muzovi-z-kamerovych-zaznamov--V-drogerii-v-Hlohovci-ukradol-holiace-potreby-za-778-eur\" rel=\"nofollow noopener\" target=\"_blank\"><br \/>\n\t\t<img decoding=\"async\" alt=\"Pol\u00edcia p\u00e1tra po mu\u017eovi\" aria-describedby=\"img-res-6583397\" class=\"\" height=\"2213\" id=\"6583397\" loading=\"lazy\" onerror=\"imgArticleLoadErr(this)\" src=\"https:\/\/www.europesays.com\/sk\/wp-content\/uploads\/2026\/09\/patranie-policia--Hlohovec-holiace-potreby.jpg\" style=\"aspect-ratio:0.723\" title=\"Pol\u00edcia p\u00e1tra po mu\u017eovi\" width=\"1600\"\/>\t\t\t<\/p>\n<p>\n\t\t\t\tZobrazi\u0165 gal\u00e9riu (4)\t\t\t<\/p>\n<p>\t<\/a><\/p>\n<p>\t\u00a0(Zdroj: Facebook\/Pol\u00edcia SR &#8211; Trnavsk\u00fd kraj\ufeff)<\/p>\n","protected":false},"excerpt":{"rendered":"HLOHOVEC &#8211; Pol\u00edcia vy\u0161etruje kr\u00e1de\u017e v jednej z drog\u00e9ri\u00ed v Hlohovci, ku ktorej do\u0161lo koncom augusta. Nezn\u00e1my p\u00e1chate\u013e&hellip;\n","protected":false},"author":2,"featured_media":168306,"comment_status":"","ping_status":"","sticky":false,"template":"","format":"standard","meta":{"footnotes":"","_share_on_mastodon":"0"},"categories":[6],"tags":[3010,47931,298,453,525,43,40,44,39,42,45,41],"class_list":["post-168305","post","type-post","status-publish","format-standard","has-post-thumbnail","category-slovensko","tag-hlohovec","tag-holiace-potreby","tag-kradez","tag-patranie","tag-policia","tag-sk","tag-slovak","tag-slovak-republic","tag-slovakia","tag-slovencina","tag-slovenska-republika","tag-slovensko"],"share_on_mastodon":{"url":"https:\/\/pubeurope.com\/@sk\/117201572090171392","error":""},"_links":{"self":[{"href":"https:\/\/www.europesays.com\/sk\/wp-json\/wp\/v2\/posts\/168305","targetHints":{"allow":["GET"]}}],"collection":[{"href":"https:\/\/www.europesays.com\/sk\/wp-json\/wp\/v2\/posts"}],"about":[{"href":"https:\/\/www.europesays.com\/sk\/wp-json\/wp\/v2\/types\/post"}],"author":[{"embeddable":true,"href":"https:\/\/www.europesays.com\/sk\/wp-json\/wp\/v2\/users\/2"}],"replies":[{"embeddable":true,"href":"https:\/\/www.europesays.com\/sk\/wp-json\/wp\/v2\/comments?post=168305"}],"version-history":[{"count":0,"href":"https:\/\/www.europesays.com\/sk\/wp-json\/wp\/v2\/posts\/168305\/revisions"}],"wp:featuredmedia":[{"embeddable":true,"href":"https:\/\/www.europesays.com\/sk\/wp-json\/wp\/v2\/media\/168306"}],"wp:attachment":[{"href":"https:\/\/www.europesays.com\/sk\/wp-json\/wp\/v2\/media?parent=168305"}],"wp:term":[{"taxonomy":"category","embeddable":true,"href":"https:\/\/www.europesays.com\/sk\/wp-json\/wp\/v2\/categories?post=168305"},{"taxonomy":"post_tag","embeddable":true,"href":"https:\/\/www.europesays.com\/sk\/wp-json\/wp\/v2\/tags?post=168305"}],"curies":[{"name":"wp","href":"https:\/\/api.w.org\/{rel}","templated":true}]}}