{"id":168355,"date":"2026-09-02T13:44:11","date_gmt":"2026-09-02T13:44:11","guid":{"rendered":"https:\/\/www.europesays.com\/sk\/168355\/"},"modified":"2026-09-02T13:44:11","modified_gmt":"2026-09-02T13:44:11","slug":"oecd-predstavi-8-septembra-v-bratislave-vysledky-studie-pisa-2025-2","status":"publish","type":"post","link":"https:\/\/www.europesays.com\/sk\/168355\/","title":{"rendered":"OECD predstav\u00ed 8. septembra v Bratislave v\u00fdsledky \u0161t\u00fadie PISA 2025"},"content":{"rendered":"<p>Bratislava 2. septembra (TASR) &#8211; Bratislava bude 8. septembra jedn\u00fdm z dvoch eur\u00f3pskych miest, kde OECD predstav\u00ed v\u00fdsledky medzin\u00e1rodnej \u0161t\u00fadie PISA 2025. Slovensko bude hosti\u0165 region\u00e1lne predstavenie v\u00fdsledkov pre 31 kraj\u00edn strednej, v\u00fdchodnej a severnej Eur\u00f3py a strednej \u00c1zie. TASR o tom informoval odbor komunik\u00e1cie a marketingu Ministerstva \u0161kolstva, v\u00fdskumu, v\u00fdvoja a ml\u00e1de\u017ee SR.<\/p>\n<p>Rozhodnutie OECD zveri\u0165 organiz\u00e1ciu podujatia Slovensku je pod\u013ea rezortu \u0161kolstva v\u00fdznamn\u00fdm prejavom d\u00f4very a z\u00e1rove\u0148 uznan\u00edm smerovania reforiem slovensk\u00e9ho vzdel\u00e1vania. Slovensko, ktor\u00e9 je s\u00fa\u010das\u0165ou merania PISA od roku 2003, vn\u00edma jeho v\u00fdsledky ako d\u00f4le\u017eit\u00fd zdroj d\u00e1t pre \u010fal\u0161ie zvy\u0161ovanie kvality vzdel\u00e1vania.<\/p>\n<p>Na podujat\u00ed, ktor\u00e9 spolo\u010dne organizuj\u00fa ministerstvo \u0161kolstva a OECD, sa z\u00fa\u010dastnia ministri, vrcholn\u00ed predstavitelia vzdel\u00e1vac\u00edch polit\u00edk a odborn\u00edci z kraj\u00edn regi\u00f3nu. Spolo\u010dne bud\u00fa diskutova\u0165 aj o opatreniach na zvy\u0161ovanie kvality vzdel\u00e1vania, zni\u017eovanie nerovnost\u00ed a o tom, ako pripravi\u0165 mlad\u00fdch \u013eud\u00ed na \u017eivot v r\u00fdchlo sa meniacom svete.<\/p>\n<p>Podujatie otvor\u00ed minister \u0161kolstva Tom\u00e1\u0161 Drucker (Hlas-SD). \u00da\u010dastn\u00edkom sa prihovor\u00ed aj gener\u00e1lny tajomn\u00edk OECD Mathias Cormann a hlavn\u00e9 zistenia PISA 2025 s region\u00e1lnym poh\u013eadom predstav\u00ed z\u00e1stupca gener\u00e1lneho tajomn\u00edka OECD Franti\u0161ek Ru\u017ei\u010dka. \u201eTo, \u017ee sa tak\u00e1to v\u00fdznamn\u00e1 medzin\u00e1rodn\u00e1 diskusia uskuto\u010d\u0148uje pr\u00e1ve v Bratislave, vn\u00edmame ako prejav d\u00f4very a z\u00e1rove\u0148 z\u00e1v\u00e4zok. PISA pre n\u00e1s nie je s\u00fa\u0165a\u017eou o miesto v rebr\u00ed\u010dku. Je to diagnostika, ktor\u00e1 n\u00e1m ukazuje, kde n\u00e1\u0161 vzdel\u00e1vac\u00ed syst\u00e9m funguje a kde mus\u00edme kona\u0165 d\u00f4slednej\u0161ie. Kvalitn\u00e9 vzdel\u00e1vanie je najlep\u0161ou invest\u00edciou do bud\u00facnosti det\u00ed a z\u00e1rove\u0148 jedn\u00fdm z najsilnej\u0161\u00edch prorastov\u00fdch opatren\u00ed, ktor\u00e9 m\u00f4\u017ee krajina urobi\u0165,\u201c uviedol Drucker.<\/p>\n<p>Slovensko sa do medzin\u00e1rodn\u00e9ho merania PISA zap\u00e1ja kontinu\u00e1lne od roku 2003. Do cyklu PISA 2025 sa na Slovensku zapojilo 300 \u0161k\u00f4l a pribli\u017ene 6684 15-ro\u010dn\u00fdch \u017eiakov. Hlavnou sledovanou oblas\u0165ou bola pr\u00edrodovedn\u00e1 gramotnos\u0165, pri\u010dom meranie sa venovalo aj \u010ditate\u013eskej a matematickej gramotnosti. S\u00fa\u010das\u0165ou aktu\u00e1lneho cyklu bolo i hodnotenie schopnosti \u017eiakov u\u010di\u0165 sa v digit\u00e1lnom svete.<\/p>\n<p>V\u00fdsledky PISA s\u00fa pre rezort d\u00f4le\u017eit\u00e9 najm\u00e4 preto, lebo umo\u017e\u0148uj\u00fa porovn\u00e1va\u0165 v\u00fdvoj slovensk\u00e9ho vzdel\u00e1vacieho syst\u00e9mu v \u010dase a z\u00e1rove\u0148 identifikova\u0165 oblasti, v ktor\u00fdch s\u00fa potrebn\u00e9 syst\u00e9mov\u00e9 zmeny. D\u00e1ta rezort vyu\u017e\u00edva pri nastavovan\u00ed vzdel\u00e1vac\u00edch polit\u00edk od predprim\u00e1rneho vzdel\u00e1vania cez kurikul\u00e1rnu reformu a\u017e po zmeny na stredn\u00fdch \u0161kol\u00e1ch.<\/p>\n<p>\u201eV\u00fdsledky PISA nevn\u00edmame ako jednorazov\u00e9 vysved\u010denie, ale ako \u017eiv\u00fd analytick\u00fd podklad. Pom\u00e1haj\u00fa n\u00e1m presnej\u0161ie identifikova\u0165, kde vznikaj\u00fa rozdiely vo v\u00fdsledkoch det\u00ed a ktor\u00e9 opatrenia m\u00f4\u017eu ma\u0165 najv\u00e4\u010d\u0161\u00ed efekt. O to d\u00f4le\u017eitej\u0161ie je pracova\u0165 s nimi v \u010dase, ke\u010f nov\u00fd vzdel\u00e1vac\u00ed program roz\u0161irujeme na v\u0161etky z\u00e1kladn\u00e9 \u0161koly,\u201c uviedla gener\u00e1lna riadite\u013eka N\u00e1rodn\u00e9ho in\u0161tit\u00fatu vzdel\u00e1vania a ml\u00e1de\u017ee Romana Kanovsk\u00e1.<\/p>\n<p>T\u00e9mou bratislavsk\u00e9ho stretnutia je aj vyu\u017e\u00edvanie technol\u00f3gi\u00ed a umelej inteligencie vo vzdel\u00e1van\u00ed. Diskusia sa dotkne aj sk\u00fasenost\u00ed s obmedzovan\u00edm smartf\u00f3nov v \u0161kol\u00e1ch a mo\u017enost\u00ed medzin\u00e1rodnej spolupr\u00e1ce pri vyu\u017e\u00edvan\u00ed umelej inteligencie. \u201eNa v\u00fdsledky PISA mus\u00ed nadv\u00e4zova\u0165 konkr\u00e9tna politika. Ak vieme, kde m\u00e1me slab\u00e9 miesta, na\u0161ou povinnos\u0165ou je systematicky ich rie\u0161i\u0165. Zmeny vo vzdel\u00e1van\u00ed sa neprejavia zo d\u0148a na de\u0148 a nem\u00f4\u017eu by\u0165 projektom jedn\u00e9ho volebn\u00e9ho obdobia. Potrebujeme stabiln\u00fd smer zalo\u017een\u00fd na d\u00e1tach, odbornosti a na tom, \u010do je dobr\u00e9 pre deti. Pr\u00e1ve tak m\u00f4\u017eeme zv\u00fd\u0161i\u0165 kvalitu \u017eivota na Slovensku a posilni\u0165 na\u0161u schopnos\u0165 uspie\u0165 v glob\u00e1lnej s\u00fa\u0165a\u017ei o talent a invest\u00edcie,\u201c zd\u00f4raznil Drucker.<\/p>\n<p>Slovensko pl\u00e1nuje pokra\u010dova\u0165 aj v \u010fal\u0161om cykle medzin\u00e1rodn\u00e9ho merania PISA, pri\u010dom bude overova\u0165 aj finan\u010dn\u00fa gramotnos\u0165.<\/p>\n","protected":false},"excerpt":{"rendered":"Bratislava 2. septembra (TASR) &#8211; Bratislava bude 8. septembra jedn\u00fdm z dvoch eur\u00f3pskych miest, kde OECD predstav\u00ed v\u00fdsledky&hellip;\n","protected":false},"author":2,"featured_media":168356,"comment_status":"","ping_status":"","sticky":false,"template":"","format":"standard","meta":{"footnotes":"","_share_on_mastodon":"0"},"categories":[21],"tags":[136,30074,10809,43,1501,40,39,42,41,992,3307],"class_list":["post-168355","post","type-post","status-publish","format-standard","has-post-thumbnail","category-bratislava","tag-bratislava","tag-oecd","tag-predstavenie","tag-sk","tag-skolstvo","tag-slovak","tag-slovakia","tag-slovencina","tag-slovensko","tag-sr","tag-vysledky"],"share_on_mastodon":{"url":"https:\/\/pubeurope.com\/@sk\/117201749086568087","error":""},"_links":{"self":[{"href":"https:\/\/www.europesays.com\/sk\/wp-json\/wp\/v2\/posts\/168355","targetHints":{"allow":["GET"]}}],"collection":[{"href":"https:\/\/www.europesays.com\/sk\/wp-json\/wp\/v2\/posts"}],"about":[{"href":"https:\/\/www.europesays.com\/sk\/wp-json\/wp\/v2\/types\/post"}],"author":[{"embeddable":true,"href":"https:\/\/www.europesays.com\/sk\/wp-json\/wp\/v2\/users\/2"}],"replies":[{"embeddable":true,"href":"https:\/\/www.europesays.com\/sk\/wp-json\/wp\/v2\/comments?post=168355"}],"version-history":[{"count":0,"href":"https:\/\/www.europesays.com\/sk\/wp-json\/wp\/v2\/posts\/168355\/revisions"}],"wp:featuredmedia":[{"embeddable":true,"href":"https:\/\/www.europesays.com\/sk\/wp-json\/wp\/v2\/media\/168356"}],"wp:attachment":[{"href":"https:\/\/www.europesays.com\/sk\/wp-json\/wp\/v2\/media?parent=168355"}],"wp:term":[{"taxonomy":"category","embeddable":true,"href":"https:\/\/www.europesays.com\/sk\/wp-json\/wp\/v2\/categories?post=168355"},{"taxonomy":"post_tag","embeddable":true,"href":"https:\/\/www.europesays.com\/sk\/wp-json\/wp\/v2\/tags?post=168355"}],"curies":[{"name":"wp","href":"https:\/\/api.w.org\/{rel}","templated":true}]}}