{"id":168365,"date":"2026-09-02T13:56:12","date_gmt":"2026-09-02T13:56:12","guid":{"rendered":"https:\/\/www.europesays.com\/sk\/168365\/"},"modified":"2026-09-02T13:56:12","modified_gmt":"2026-09-02T13:56:12","slug":"tajne-sluzby-ukrajiny-sa-postarali-chaos-agenti-v-kyjeve-zacali-po-sebe-strielat","status":"publish","type":"post","link":"https:\/\/www.europesays.com\/sk\/168365\/","title":{"rendered":"Tajn\u00e9 slu\u017eby Ukrajiny sa postarali chaos, agenti v Kyjeve za\u010dali po sebe strie\u013ea\u0165"},"content":{"rendered":"<p>Prestrelka v uliciach Kyjeva medzi \u010dlenmi tajn\u00fdch slu\u017eieb HRU a SBU\t\t\t\t\t\t(Zdroj: X\/Vortex Report)\t\t\t\t\t<\/p>\n<p>KYJEV \u2013 Ukrajinskou metropolu sa oz\u00fdvala v dne\u0161n\u00fdch rann\u00fdch hodin\u00e1ch stre\u013eba. Ve\u013ek\u00fdm prekvapen\u00edm bolo, \u017ee tentoraz to nemali na svedom\u00ed rusk\u00e9 jednotky. Stre\u013ebu na jednej z frekventovan\u00fdch ul\u00edc spustili ukrajinsk\u00e9 tajn\u00e9 slu\u017eby, pri\u010dom do\u0161lo k prestrelke medzi agentmi. Nesk\u00f4r s objavili spr\u00e1vy, \u010do bolo sp\u00fa\u0161\u0165a\u010dom tohto desiv\u00e9ho incidentu. <\/p>\n<p>V\u00a0stredu 2. septembra bolo po\u010du\u0165 v\u00a0uliciach Kyjeva stre\u013ebu. I\u00a0ke\u010f Ukrajina je u\u017e viac ako 4 roky v\u00a0priamom vojenskom konflikte s\u00a0Ruskom, ktor\u00e9 ju d\u0148a 24. febru\u00e1ra 2022 napadlo, tentoraz neboli Rusi do prestrelky zapojen\u00ed. Ako informuje <a href=\"https:\/\/www.pravda.com.ua\/eng\/news\/2026\/09\/02\/8051467\/\" rel=\"nofollow noopener\" target=\"_blank\">Ukrainska Pravda,<\/a> strie\u013eali po sebe agenti tajn\u00fdch slu\u017eieb Ukrajiny.<\/p>\n<p>Predch\u00e1dzal tomu \u00fanos?\u00a0<\/p>\n<p>Na jednej strane st\u00e1li \u010dlenovia Bezpe\u010dnostnej slu\u017eby Ukrajiny (SBU), na druhej agenti Hlavn\u00e9ho riadite\u013estva rozviedky Ministerstva obrany Ukrajiny (HUR). Policajn\u00e9 zlo\u017eky museli kv\u00f4li bezpe\u010dnosti uzavrie\u0165 cel\u00fa ulicu Jurija \u0160umsk\u00e9ho vo \u0161tvrti Dniprovskij.<\/p>\n<p>Dnes r\u00e1no sa na soci\u00e1lnych sie\u0165ach objavili spr\u00e1vy a\u00a0pr\u00edspevky o\u00a0prestrelke. Niektor\u00ed tvrdili, \u017ee incident m\u00e1 priamy s\u00favis so zmiznut\u00edm Stepana Kaplunova, z\u00e1stupcu velite\u013ea pre bojov\u00e9 oper\u00e1cie jednotiek HUR. Toho mali v\u00a0utorok 1. septembra unies\u0165 spred obytn\u00e9ho domu nezn\u00e1mi p\u00e1chatelia. Pr\u00edpad sa u\u017e vy\u0161etruje, ale p\u00e1chate\u013eov sa na\u010falej nedar\u00ed identifikova\u0165.<\/p>\n<p>Rusk\u00e1 tajn\u00e1 slu\u017eba FSB\u00a0<\/p>\n<p>Situ\u00e1cia na mieste stre\u013eby sa u\u017e relat\u00edvne upokojila, no medzi \u010dlenmi tajn\u00fdch slu\u017eieb panuje na\u010falej konfront\u00e1cia. Oblas\u0165 je preto na\u010falej pre civilistov uzavret\u00e1. Odklonili aj verejn\u00fa dopravu. Na miesto medzit\u00fdm dorazili vy\u0161etrovatelia a\u00a0pr\u00edtomn\u00fd je aj \u0161\u00e9f Velite\u013estva pre zvl\u00e1\u0161tne oper\u00e1cie Alfa, ktor\u00e9 patr\u00ed pod SBU.<\/p>\n<p>SBU medzit\u00fdm vyhl\u00e1sila, \u017ee jej d\u00f4stojn\u00edci boli napadnut\u00ed \u010dlenmi HUR. Vy\u0161etrovanie sa napokon t\u00fdka teroristick\u00e9ho \u00fatoku, ktor\u00e9 mala pl\u00e1nova\u0165 rusk\u00e1 tajn\u00e1 slu\u017eba FSB. Tak sa zd\u00e1, \u017ee Rusi s\u00fa do \u00fatoku napokon zapojen\u00ed, aj ke\u010f nie v\u00a0priamej konfront\u00e1cii.<\/p>\n<p>Na potla\u010denie nepokojov nasadili Jednotku Velite\u013estva pre zvl\u00e1\u0161tne oper\u00e1cie Alfa. T\u00e1 mala zabezpe\u010di\u0165 bezpe\u010dnos\u0165 os\u00f4b zapojen\u00fdch do vy\u0161etrovania. Jej \u010dlenovia ukon\u010dili ozbrojen\u00fd odpor nasaden\u00edm zbran\u00ed. Ten, kto odporoval, bol pri incidente zranen\u00fd. Pod\u013ea inform\u00e1ci\u00ed tak skon\u010dil &#8222;niektor\u00ed&#8220;. Malo by \u00eds\u0165 o tri osoby z radov HUR. \u00dato\u010dn\u00edkov na mieste zadr\u017eala SBU.<\/p>\n<p>V\u00a0doteraj\u0161om priebehu vy\u0161etrovania nie je jasn\u00e9, ko\u013eko \u013eud\u00ed zomrelo, ktor\u00e9 konkr\u00e9tne osoby boli do stre\u013eby zapojen\u00e9, koho umiestnili do v\u00e4zby a\u00a0ak\u00fd to m\u00e1 s\u00favis so zmiznut\u00edm Kaplunova. \u00a0<\/p>\n","protected":false},"excerpt":{"rendered":"Prestrelka v uliciach Kyjeva medzi \u010dlenmi tajn\u00fdch slu\u017eieb HRU a SBU (Zdroj: X\/Vortex Report) KYJEV \u2013 Ukrajinskou metropolu&hellip;\n","protected":false},"author":2,"featured_media":168366,"comment_status":"","ping_status":"","sticky":false,"template":"","format":"standard","meta":{"footnotes":"","_share_on_mastodon":"0"},"categories":[32],"tags":[19670,30027,34,37,35578,557,33,16236,47945,43,40,39,42,41,36,47946,8253,38,35,303,2090],"class_list":["post-168365","post","type-post","status-publish","format-standard","has-post-thumbnail","category-spravy","tag-agenti","tag-alfa","tag-headlines","tag-hlavne-spravy","tag-hur","tag-krimi","tag-news","tag-prestrelka","tag-sbu","tag-sk","tag-slovak","tag-slovakia","tag-slovencina","tag-slovensko","tag-spravy","tag-stepan-kaplunov","tag-strelba","tag-titulky","tag-top-stories","tag-ukrajina","tag-vysetrovanie"],"share_on_mastodon":{"url":"https:\/\/pubeurope.com\/@sk\/117201795961984934","error":""},"_links":{"self":[{"href":"https:\/\/www.europesays.com\/sk\/wp-json\/wp\/v2\/posts\/168365","targetHints":{"allow":["GET"]}}],"collection":[{"href":"https:\/\/www.europesays.com\/sk\/wp-json\/wp\/v2\/posts"}],"about":[{"href":"https:\/\/www.europesays.com\/sk\/wp-json\/wp\/v2\/types\/post"}],"author":[{"embeddable":true,"href":"https:\/\/www.europesays.com\/sk\/wp-json\/wp\/v2\/users\/2"}],"replies":[{"embeddable":true,"href":"https:\/\/www.europesays.com\/sk\/wp-json\/wp\/v2\/comments?post=168365"}],"version-history":[{"count":0,"href":"https:\/\/www.europesays.com\/sk\/wp-json\/wp\/v2\/posts\/168365\/revisions"}],"wp:featuredmedia":[{"embeddable":true,"href":"https:\/\/www.europesays.com\/sk\/wp-json\/wp\/v2\/media\/168366"}],"wp:attachment":[{"href":"https:\/\/www.europesays.com\/sk\/wp-json\/wp\/v2\/media?parent=168365"}],"wp:term":[{"taxonomy":"category","embeddable":true,"href":"https:\/\/www.europesays.com\/sk\/wp-json\/wp\/v2\/categories?post=168365"},{"taxonomy":"post_tag","embeddable":true,"href":"https:\/\/www.europesays.com\/sk\/wp-json\/wp\/v2\/tags?post=168365"}],"curies":[{"name":"wp","href":"https:\/\/api.w.org\/{rel}","templated":true}]}}