{"id":168375,"date":"2026-09-02T14:08:11","date_gmt":"2026-09-02T14:08:11","guid":{"rendered":"https:\/\/www.europesays.com\/sk\/168375\/"},"modified":"2026-09-02T14:08:11","modified_gmt":"2026-09-02T14:08:11","slug":"kamery-zachytili-tazku-nehodu-prezidentky-pri-navrate-z-dovolenky","status":"publish","type":"post","link":"https:\/\/www.europesays.com\/sk\/168375\/","title":{"rendered":"KAMERY zachytili \u0165a\u017ek\u00fa nehodu prezidentky pri n\u00e1vrate z dovolenky"},"content":{"rendered":"<p>\u013dUB\u013dANA &#8211; Chv\u00edle hr\u00f4zy zachytili kamery. Na internete sa objavilo video dopravnej nehody, pri ktorej sa koncom j\u00fala zranila prezidentka Slovinskej republiky Nata\u0161a Pirc Musar. <\/p>\n<p>K nehode do\u0161lo na dia\u013enici smerom na \u013dub\u013eanu, v tuneli Kastelec, ke\u010f sa slovinsk\u00e1 prezidentka vracala z dovolenky v Chorv\u00e1tsku. Prezidentka si zlomila k\u013e\u00fa\u010dnu kos\u0165. Vo vozidle sa okrem vodi\u010da nach\u00e1dzali prezidentka, ochrank\u00e1r a dve spolucestuj\u00face. Jedna z nich utrpela \u0165a\u017ek\u00e9 zranenia. Informuje o tom chorv\u00e1tsky web <a href=\"https:\/\/www.telegram.hr\/vijesti\/video-objavljena-snimka-nesrece-u-kojoj-je-ozlijedena-slovenska-predsjednica\/\" target=\"_blank\" rel=\"nofollow noopener\">Telegram<\/a>.<\/p>\n<p>Obe \u017eeny &#8211; prezidentka aj jej spolucestuj\u00faca &#8211;\u00a0 boli sanitkou prevezen\u00e9 do nemocnice v Izole. Kancel\u00e1ria prezidentky uviedla, \u017ee Nata\u0161a\u00a0 Pirc Musar bola prepusten\u00e1 do dom\u00e1cej lie\u010dby. Pol\u00edcia odhadla celkov\u00fa materi\u00e1lnu \u0161kodu na pribli\u017ene 37 000 eur.<\/p>\n<p>Pod\u013ea pol\u00edcie bola pr\u00ed\u010dinou nehody nedostato\u010dn\u00e1 bezpe\u010dn\u00e1 vzdialenos\u0165. &#8222;Pod\u013ea doteraz zhroma\u017eden\u00fdch \u00fadajov 52-ro\u010dn\u00fd vodi\u010d vozidla zna\u010dky Mercedes-Benz V300, v ktorom sa nach\u00e1dzala chr\u00e1nen\u00e1 osoba, v d\u00f4sledku nedodr\u017eania bezpe\u010dnej vzdialenosti prednou \u010das\u0165ou vozidla narazil do zadnej \u010dasti vozidla Audi, ktor\u00e9 viedol 34-ro\u010dn\u00fd vodi\u010d, a ktor\u00e9 predt\u00fdm sl\u00fa\u017eilo ako sprievodn\u00e9 vozidlo chr\u00e1nenej osoby,&#8220;\u00a0uviedla pol\u00edcia.\u00a0<\/p>\n<p>Z vyjadrenia pol\u00edcie vypl\u00fdva, \u017ee vodi\u010d prezidentky je podozriv\u00fd zo sp\u00e1chania trestn\u00e9ho \u010dinu sp\u00f4sobenia dopravnej nehody z nedbanlivosti. O pr\u00edpade bol informovan\u00fd pr\u00edslu\u0161n\u00fd odbor pre vy\u0161etrovanie a trestn\u00e9 st\u00edhanie \u00faradn\u00fdch os\u00f4b s osobitn\u00fdmi pr\u00e1vomocami \u0160pecializovanej \u0161t\u00e1tnej prokurat\u00fary Slovinskej republiky. Obaja vodi\u010di podst\u00fapili dychov\u00fa sk\u00fa\u0161ku na alkohol a vykonan\u00fd bol aj r\u00fdchly test na pr\u00edtomnos\u0165 zak\u00e1zan\u00fdch drog. V\u00fdsledky oboch testov boli negat\u00edvne.<\/p>\n","protected":false},"excerpt":{"rendered":"\u013dUB\u013dANA &#8211; Chv\u00edle hr\u00f4zy zachytili kamery. Na internete sa objavilo video dopravnej nehody, pri ktorej sa koncom j\u00fala&hellip;\n","protected":false},"author":2,"featured_media":168376,"comment_status":"","ping_status":"","sticky":false,"template":"","format":"standard","meta":{"footnotes":"","_share_on_mastodon":"0"},"categories":[8],"tags":[47949,535,33,43197,43,40,42,6661,36,50,1012,49,48],"class_list":["post-168375","post","type-post","status-publish","format-standard","has-post-thumbnail","category-svet","tag-natasa-pirc-musar","tag-nehoda","tag-news","tag-prezidentka","tag-sk","tag-slovak","tag-slovencina","tag-slovinsko","tag-spravy","tag-svet","tag-video","tag-world","tag-world-news"],"share_on_mastodon":{"url":"https:\/\/pubeurope.com\/@sk\/117201843255847803","error":""},"_links":{"self":[{"href":"https:\/\/www.europesays.com\/sk\/wp-json\/wp\/v2\/posts\/168375","targetHints":{"allow":["GET"]}}],"collection":[{"href":"https:\/\/www.europesays.com\/sk\/wp-json\/wp\/v2\/posts"}],"about":[{"href":"https:\/\/www.europesays.com\/sk\/wp-json\/wp\/v2\/types\/post"}],"author":[{"embeddable":true,"href":"https:\/\/www.europesays.com\/sk\/wp-json\/wp\/v2\/users\/2"}],"replies":[{"embeddable":true,"href":"https:\/\/www.europesays.com\/sk\/wp-json\/wp\/v2\/comments?post=168375"}],"version-history":[{"count":0,"href":"https:\/\/www.europesays.com\/sk\/wp-json\/wp\/v2\/posts\/168375\/revisions"}],"wp:featuredmedia":[{"embeddable":true,"href":"https:\/\/www.europesays.com\/sk\/wp-json\/wp\/v2\/media\/168376"}],"wp:attachment":[{"href":"https:\/\/www.europesays.com\/sk\/wp-json\/wp\/v2\/media?parent=168375"}],"wp:term":[{"taxonomy":"category","embeddable":true,"href":"https:\/\/www.europesays.com\/sk\/wp-json\/wp\/v2\/categories?post=168375"},{"taxonomy":"post_tag","embeddable":true,"href":"https:\/\/www.europesays.com\/sk\/wp-json\/wp\/v2\/tags?post=168375"}],"curies":[{"name":"wp","href":"https:\/\/api.w.org\/{rel}","templated":true}]}}