{"id":168415,"date":"2026-09-02T14:52:16","date_gmt":"2026-09-02T14:52:16","guid":{"rendered":"https:\/\/www.europesays.com\/sk\/168415\/"},"modified":"2026-09-02T14:52:16","modified_gmt":"2026-09-02T14:52:16","slug":"v-nhl-zarabal-miliony-hraval-s-charom-mcdavidom-ziaril-v-khl-trencin-ziskal-svetovu-posilu","status":"publish","type":"post","link":"https:\/\/www.europesays.com\/sk\/168415\/","title":{"rendered":"V NHL zar\u00e1bal mili\u00f3ny. Hr\u00e1val s Ch\u00e1rom, McDavidom, \u017eiaril v KHL. Tren\u010d\u00edn z\u00edskal svetov\u00fa posilu"},"content":{"rendered":"<p class=\"align-left\">Po zmene majoritn\u00e9ho majite\u013ea a jednej z najhor\u0161\u00edch sez\u00f3n v hist\u00f3rii klubu chce Dukla Tren\u010d\u00edn znova bojova\u0165 o najvy\u0161\u0161ie prie\u010dky. Do klubu pri\u0161iel ambici\u00f3zny tr\u00e9ner Todd Woodcroft, ktor\u00fd sklad\u00e1 k\u00e1der spolu s navr\u00e1tilcom Brankom Radivojevi\u010dom. <\/p>\n<p class=\"align-left\">V Tren\u010d\u00edne c\u00edtili, \u017ee potrebuj\u00fa posilni\u0165 ofenz\u00edvu, a z\u00edskali zauj\u00edmav\u00e9 meno. S Duklou podp\u00edsal zmluvu Ryan Spooner. <\/p>\n<p class=\"align-left\">Tridsa\u0165\u0161tyriro\u010dn\u00fd Kana\u010fan m\u00e1 za sebou ve\u013emi zauj\u00edmav\u00fa kari\u00e9ru. Kanadu reprezentoval u\u017e na majstrovstv\u00e1ch sveta do 18 rokov a potom ho v roku 2010 draftoval Boston Bruins. V klube sa aj presadil do NHL. <\/p>\n<p>P\u00e4\u0165 sez\u00f3n v Bostone Bruins<\/p>\n<p class=\"align-left\">Aj po boku Zdena Ch\u00e1ru odohral necel\u00fdch p\u00e4\u0165 sez\u00f3n za Bruins. V najlep\u0161ej z nich dosiahol 49 bodov. Klub ho v\u0161ak vymenil do New York Rangers a potom jeho kari\u00e9ra v najlep\u0161ej lige upadala. E\u0161te hr\u00e1val za Edmonton a Vancouver. Celkovo v NHL odohral 325 z\u00e1pasov, zaznamenal 167 bodov a zarobil okolo \u0161estn\u00e1s\u0165 mili\u00f3nov dol\u00e1rov. <\/p>\n<p>            <a class=\"embed-related embed-related--photo flex\" href=\"https:\/\/www.denniksport.sk\/hokej\/c\/pripravny-zapas-hc-slovan-kometa-brno-sumar-1-september-2026\" rel=\"nofollow noopener\" target=\"_blank\"><\/p>\n<p>                <img decoding=\"async\" data-js-image-id=\"01a05e54-f541-780e-b83b-d7c534147b71\" class=\"img lazyload\" src=\"https:\/\/www.europesays.com\/sk\/wp-content\/uploads\/2026\/09\/01a05e54-f541-780e-b83b-d7c534147b71.jpg\"  loading=\"lazy\" alt=\"Z trib\u00fany ho sledoval brat z NHL, na \u013eade pou\u010doval supertalent a skvele vyu\u017eil risk Slovana\" width=\"640\" height=\"360\"\/><\/p>\n<p>\n                    S\u00favisiaci \u010dl\u00e1nok\n                <\/p>\n<p>\n                    Z trib\u00fany ho sledoval brat z NHL, na \u013eade pou\u010doval supertalent a skvele vyu\u017eil risk Slovana\n                <\/p>\n<p>\n                    \u010c\u00edtajte viac<\/p>\n<p>        <\/a><\/p>\n<p class=\"align-left\">Nesk\u00f4r sa mihol vo \u0160vaj\u010diarsku a zna\u010dn\u00fa \u010das\u0165 kari\u00e9ry str\u00e1vil v KHL. V ruskej lige mal viacero v\u00fdborn\u00fdch sez\u00f3n. V ro\u010dn\u00edku 23\/24 v drese Omsku strelil 23 g\u00f3lov a zaznamenal 61 bodov v 65 stretnutiach. V minulom ro\u010dn\u00edku hr\u00e1val za tri kluby, ke\u010f bol v \u0160anghaji, \u0161vaj\u010diarskom Lausanne a v Minsku. <\/p>\n<p><a href=\"https:\/\/www.instagram.com\/p\/Dcxwc0ZiA5L\/?utm_source=ig_embed&amp;ig_rid=AJ03v6BRT910z0aZxWuk2zi\" target=\"_blank\" class=\"embed-external\" rel=\"nofollow noopener\"><br \/>\n                    <img decoding=\"async\" class=\"img lazyload\" loading=\"lazy\" src=\"https:\/\/www.europesays.com\/sk\/wp-content\/uploads\/2026\/09\/01a0612b-2079-72e3-9f5b-ce8513c33952.jpg\" width=\"614\" height=\"1140\" alt=\"&#10;&#10;SCROLLUJ A DOSTA\u0147 SA K NOVEJ POSILE VOJAKOV \ud83d\udca3&#10;&#10;Ryan, vitaj v Dukle! \ud83e\udee1\ud83e\ude96&#10;&#10;Spoonera si na drafte NHL v roku 2010 vybrala zo 45. miesta organiz\u00e1cia Boston Bruins. Okrem t\u00edmu medve\u010fov si zahral v New York Rangers, Edmonton Oilers a Vancouver Canucks. V najlep\u0161ej hokejovej lige sveta p\u00f4sobil sedem sez\u00f3n, po\u010das ktor\u00fdch odohral 325 z\u00e1pasov s bilanciou 167 bodov.&#10;&#10;V ruskej KHL, obliekal dresy Dinama Minsk, Avtomobilistu Yekaterinburg, Shanghai Dragons a Avangardu Omsk, kde bol jeho spoluhr\u00e1\u010dom aj teraj\u0161\u00ed hr\u00e1\u010d na\u0161ej Dukly Ryan Merkley. \ud83d\udc9b\u2764\ufe0f\"\/><br \/>\n                <\/a><br \/>\nRadivojevi\u010d: Hr\u00e1\u010d svetovej \u00farovne<\/p>\n<p class=\"align-left\">\u201eRyan Spooner je prototypom klasick\u00e9ho ofenz\u00edvneho tvorcu hry a elitn\u00e9ho \u0161pecialistu na presilov\u00e9 hry, ktor\u00fd \u0165a\u017e\u00ed z nad\u0161tandardn\u00e9ho hokejov\u00e9ho myslenia, r\u00fdchleho kor\u010du\u013eovania. M\u00e1 vysok\u00e9 hokejov\u00e9 IQ a preh\u013ead. Spooner je typ klasick\u00e9ho tvoriv\u00e9ho centra. Na \u013eade vid\u00ed priestor sk\u00f4r ako ostatn\u00ed, dok\u00e1\u017ee na\u010dasova\u0165 prihr\u00e1vku. M\u00e1 dynamick\u00fd \u0161tart a schopnos\u0165 vies\u0165 puk vo vysokej r\u00fdchlosti z neho robia nebezpe\u010dn\u00e9ho hr\u00e1\u010da pri prechodovej f\u00e1ze a r\u00fdchlych proti\u00fatokoch,\u201c op\u00edsal n\u00e1m kanadsk\u00fa posilu Tren\u010d\u00edna Tom\u00e1\u0161 Krej\u010d\u00ed z agent\u00fary Unlimited Sports Managment Hockey. <\/p>\n<p>            <a class=\"embed-related embed-related--photo flex\" href=\"https:\/\/www.denniksport.sk\/hokej\/c\/jaroslav-janus-prestup-do-vlci-zilina-slovan-bratislava-extraliga-2026-2027\" rel=\"nofollow noopener\" target=\"_blank\"><\/p>\n<p>                <img decoding=\"async\" data-js-image-id=\"019d8290-5c95-73ae-a29a-7e8682082989\" class=\"img lazyload\" src=\"https:\/\/www.europesays.com\/sk\/wp-content\/uploads\/2026\/09\/1788360736_420_019d8290-5c95-73ae-a29a-7e8682082989.jpg\"  loading=\"lazy\" alt=\"\u017dilina z\u00edskala hviezdnu posilu zo Slovana Bratislava\" width=\"640\" height=\"360\"\/><\/p>\n<p>\n                    S\u00favisiaci \u010dl\u00e1nok\n                <\/p>\n<p>\n                    \u017dilina z\u00edskala hviezdnu posilu zo Slovana Bratislava\n                <\/p>\n<p>\n                    \u010c\u00edtajte viac<\/p>\n<p>        <\/a><\/p>\n<p class=\"align-left\">Ve\u013ek\u00fa posilu okomentoval pre klubov\u00fa str\u00e1nku aj Branko Radivojevi\u010d. \u201eRyan prin\u00e1\u0161a ve\u013ea sk\u00fasenost\u00ed. Hral v NHL, KHL, \u0161vaj\u010diarskej lige. Je to hr\u00e1\u010d svetovej \u00farovne, ktor\u00fd ver\u00edme, \u017ee n\u00e1m prinesie ofenz\u00edvu, kde by mal by\u0165 l\u00eddrom. V kontakte sme boli s jeho agentom od m\u00e1ja. Teraz sme na\u0161li obaja spolo\u010dn\u00fa cestu. Potrebujeme e\u0161te vybavi\u0165 v\u00edza. D\u00fafam, \u017ee sa to podar\u00ed \u010do najsk\u00f4r a od bud\u00faceho t\u00fd\u017ed\u0148a by u\u017e mohol by\u0165 v Tren\u010d\u00edne,\u201c povedal \u0161portov\u00fd riadite\u013e Dukly Tren\u010d\u00edn. <\/p>\n<p>    <script async src=\"\/\/www.instagram.com\/embed.js\"><\/script><\/p>\n","protected":false},"excerpt":{"rendered":"Po zmene majoritn\u00e9ho majite\u013ea a jednej z najhor\u0161\u00edch sez\u00f3n v hist\u00f3rii klubu chce Dukla Tren\u010d\u00edn znova bojova\u0165 o&hellip;\n","protected":false},"author":2,"featured_media":168416,"comment_status":"","ping_status":"","sticky":false,"template":"","format":"standard","meta":{"footnotes":"","_share_on_mastodon":"0"},"categories":[32],"tags":[1866,34,1314,37,352,47954,1005,33,43,40,39,42,41,36,38,35,7310],"class_list":["post-168415","post","type-post","status-publish","format-standard","has-post-thumbnail","category-spravy","tag-connor-mcdavid","tag-headlines","tag-hk-dukla-trencin","tag-hlavne-spravy","tag-hokej","tag-hokej-khl","tag-hokej-nhl","tag-news","tag-sk","tag-slovak","tag-slovakia","tag-slovencina","tag-slovensko","tag-spravy","tag-titulky","tag-top-stories","tag-zdeno-chara"],"share_on_mastodon":{"url":"https:\/\/pubeurope.com\/@sk\/117202016670509285","error":""},"_links":{"self":[{"href":"https:\/\/www.europesays.com\/sk\/wp-json\/wp\/v2\/posts\/168415","targetHints":{"allow":["GET"]}}],"collection":[{"href":"https:\/\/www.europesays.com\/sk\/wp-json\/wp\/v2\/posts"}],"about":[{"href":"https:\/\/www.europesays.com\/sk\/wp-json\/wp\/v2\/types\/post"}],"author":[{"embeddable":true,"href":"https:\/\/www.europesays.com\/sk\/wp-json\/wp\/v2\/users\/2"}],"replies":[{"embeddable":true,"href":"https:\/\/www.europesays.com\/sk\/wp-json\/wp\/v2\/comments?post=168415"}],"version-history":[{"count":0,"href":"https:\/\/www.europesays.com\/sk\/wp-json\/wp\/v2\/posts\/168415\/revisions"}],"wp:featuredmedia":[{"embeddable":true,"href":"https:\/\/www.europesays.com\/sk\/wp-json\/wp\/v2\/media\/168416"}],"wp:attachment":[{"href":"https:\/\/www.europesays.com\/sk\/wp-json\/wp\/v2\/media?parent=168415"}],"wp:term":[{"taxonomy":"category","embeddable":true,"href":"https:\/\/www.europesays.com\/sk\/wp-json\/wp\/v2\/categories?post=168415"},{"taxonomy":"post_tag","embeddable":true,"href":"https:\/\/www.europesays.com\/sk\/wp-json\/wp\/v2\/tags?post=168415"}],"curies":[{"name":"wp","href":"https:\/\/api.w.org\/{rel}","templated":true}]}}