{"id":168469,"date":"2026-09-02T16:01:09","date_gmt":"2026-09-02T16:01:09","guid":{"rendered":"https:\/\/www.europesays.com\/sk\/168469\/"},"modified":"2026-09-02T16:01:09","modified_gmt":"2026-09-02T16:01:09","slug":"v-trnave-uradoval-zlodej-ktory-si-mal-z-osvetlenia-ukradnut-kable","status":"publish","type":"post","link":"https:\/\/www.europesays.com\/sk\/168469\/","title":{"rendered":"V Trnave \u00faradoval zlodej, ktor\u00fd si mal z osvetlenia ukradn\u00fa\u0165 k\u00e1ble"},"content":{"rendered":"<p>Zlodej mal \u00faradova\u0165 na ulici Gener\u00e1la Goliana.\t\t\t\t\t\t(Zdroj: Facebook\/Pol\u00edcia SR &#8211; Trnavsk\u00fd kraj, google.com)\t\t\t\t\t<\/p>\n<p>TRNAVA &#8211; V uliciach Trnavy vy\u010d\u00ed\u0148a no\u010dn\u00fd zlodej, ktor\u00e9mu id\u00fa u\u017e evidentne po krku aj policajti. Rekon\u0161trukcia na zn\u00e1mej ulici Gener\u00e1la Goliana sa zrejme dostala do u\u0161\u00ed aj p\u00e1chate\u013eovi, ktor\u00fd si po\u010das no\u010dn\u00fdch hod\u00edn len tak odcudzil k\u00e1ble. <\/p>\n<p>No\u010dn\u00fd zlodej si jednoducho vybral osvetlenie na ulici Gener\u00e1la Goliana. Nie je ist\u00e9, \u010di si ho pri skutku niekto pov\u0161imol, no pod\u013ea na\u0161ich zdrojov sa ku bli\u017e\u0161ie ne\u0161pecifikovan\u00e9mu miesto vybral v no\u010dn\u00fdch hodina\u0107h a\u00a0odniesol si k\u00e1ble zo zrekon\u0161truovan\u00e9ho osvetlenia.<\/p>\n<p>Pochopite\u013ene n\u00e1s zauj\u00edmalo, ak\u00fd postup v tejto veci zaujali policajn\u00e9 org\u00e1ny. Pr\u00edpad potvrdili a pracuj\u00fa na \u0148om.\u00a0&#8222;Pol\u00edcia sa pr\u00edpadom zaober\u00e1, a to v s\u00favislosti s podozren\u00edm na trestn\u00fd \u010din kr\u00e1de\u017ee. V s\u00fa\u010dasnosti vykon\u00e1vame prvotn\u00e9 \u00fakony potrebn\u00e9 na riadne objasnenie skutku. Vzh\u013eadom na vykon\u00e1van\u00e9 \u00fakony nem\u00f4\u017eeme k veci poskytn\u00fa\u0165 \u017eiadne bli\u017e\u0161ie inform\u00e1cie,&#8220; reagovala na ot\u00e1zky Topiek Zlatica Antalov\u00e1 z Krajsk\u00e9ho riadite\u013estva Policajn\u00e9ho zboru v Trnave.<\/p>\n<p>S rekon\u0161trukciou za\u010dali koncom minul\u00e9ho roka<\/p>\n<p>Na Ulici Gener\u00e1la Goliana (a v celom pri\u013eahlom obytnom s\u00fabore) v Trnave pritom moment\u00e1lne prebieha kompletn\u00e1 rekon\u0161trukcia, ktorej s\u00fa\u010das\u0165ou je aj v\u00fdmena a moderniz\u00e1cia verejn\u00e9ho osvetlenia.<\/p>\n<p>Lokalita prech\u00e1dza mas\u00edvnou revitaliz\u00e1ciou s\u00eddliska Lin\u010dianska, ktor\u00e1 sa za\u010dala koncom roka 2025 a intenz\u00edvne pokra\u010duje po\u010das cel\u00e9ho roka 2026.<\/p>\n","protected":false},"excerpt":{"rendered":"Zlodej mal \u00faradova\u0165 na ulici Gener\u00e1la Goliana. (Zdroj: Facebook\/Pol\u00edcia SR &#8211; Trnavsk\u00fd kraj, google.com) TRNAVA &#8211; V uliciach&hellip;\n","protected":false},"author":2,"featured_media":168470,"comment_status":"","ping_status":"","sticky":false,"template":"","format":"standard","meta":{"footnotes":"","_share_on_mastodon":"0"},"categories":[6],"tags":[6639,298,13815,525,43,40,44,39,42,45,41,734,47959],"class_list":["post-168469","post","type-post","status-publish","format-standard","has-post-thumbnail","category-slovensko","tag-kable","tag-kradez","tag-osvetlenie","tag-policia","tag-sk","tag-slovak","tag-slovak-republic","tag-slovakia","tag-slovencina","tag-slovenska-republika","tag-slovensko","tag-trnava","tag-ulica-generala-goliana"],"share_on_mastodon":{"url":"https:\/\/pubeurope.com\/@sk\/117202287749579369","error":""},"_links":{"self":[{"href":"https:\/\/www.europesays.com\/sk\/wp-json\/wp\/v2\/posts\/168469","targetHints":{"allow":["GET"]}}],"collection":[{"href":"https:\/\/www.europesays.com\/sk\/wp-json\/wp\/v2\/posts"}],"about":[{"href":"https:\/\/www.europesays.com\/sk\/wp-json\/wp\/v2\/types\/post"}],"author":[{"embeddable":true,"href":"https:\/\/www.europesays.com\/sk\/wp-json\/wp\/v2\/users\/2"}],"replies":[{"embeddable":true,"href":"https:\/\/www.europesays.com\/sk\/wp-json\/wp\/v2\/comments?post=168469"}],"version-history":[{"count":0,"href":"https:\/\/www.europesays.com\/sk\/wp-json\/wp\/v2\/posts\/168469\/revisions"}],"wp:featuredmedia":[{"embeddable":true,"href":"https:\/\/www.europesays.com\/sk\/wp-json\/wp\/v2\/media\/168470"}],"wp:attachment":[{"href":"https:\/\/www.europesays.com\/sk\/wp-json\/wp\/v2\/media?parent=168469"}],"wp:term":[{"taxonomy":"category","embeddable":true,"href":"https:\/\/www.europesays.com\/sk\/wp-json\/wp\/v2\/categories?post=168469"},{"taxonomy":"post_tag","embeddable":true,"href":"https:\/\/www.europesays.com\/sk\/wp-json\/wp\/v2\/tags?post=168469"}],"curies":[{"name":"wp","href":"https:\/\/api.w.org\/{rel}","templated":true}]}}