{"id":168490,"date":"2026-09-02T16:28:07","date_gmt":"2026-09-02T16:28:07","guid":{"rendered":"https:\/\/www.europesays.com\/sk\/168490\/"},"modified":"2026-09-02T16:28:07","modified_gmt":"2026-09-02T16:28:07","slug":"matka-troch-deti-prisla-o-zivot-v-ekvadore-rodina-ziada-odpovede","status":"publish","type":"post","link":"https:\/\/www.europesays.com\/sk\/168490\/","title":{"rendered":"Matka troch det\u00ed pri\u0161la o \u017eivot v Ekv\u00e1dore, rodina \u017eiada odpovede"},"content":{"rendered":"<p>v Ekv\u00e1dore zomrela za nejasn\u00fdch okolnost\u00ed po\u013esk\u00e1 aktivistka Monika Silva Verasov\u00e1. Pod\u013ea najnov\u0161\u00edch inform\u00e1ci\u00ed malo \u00eds\u0165 o vra\u017edu \t\t\t\t\t\t(Zdroj: Facebook\/Monika Silva, Getty Images)\t\t\t\t\t<\/p>\n<p>QUITO\/VAR\u0160AVA \u2013 Monika poch\u00e1dzala z Po\u013eska, ale dlh\u00e9 roky \u017eila v Ju\u017enej Amerike, konkr\u00e9tne v Ekv\u00e1dore. P\u00f4sobila tam ako aktivistka. Jej smr\u0165 pri\u0161la n\u00e1hle a ne\u010dakane. Prv\u00e9 spr\u00e1vy hovorili o samovra\u017ede, ale to rodina z Po\u013eska odmieta. Na d\u00f4kladn\u00e9 vy\u0161etrenie cel\u00e9ho pr\u00edpadu nalieha u\u017e nielen po\u013esk\u00e1 vl\u00e1da, ale aj org\u00e1ny Eur\u00f3pskej \u00fanie. <\/p>\n<p>Z Ekv\u00e1doru pri\u0161li do Po\u013eska srdcerv\u00face spr\u00e1vy. Matka dvoch det\u00ed Monika Silva Verasov\u00e1, (roden\u00e1 Koniuszekov\u00e1) pri\u0161la n\u00e1hle o \u017eivot. Mala 41 rokov. Monika \u017eila dlh\u00e9 roky v Ekv\u00e1dore, kde p\u00f4sobila ako predsedn\u00ed\u010dka miestnej Fundaci\u00f3n La Integridad (Nad\u00e1cia pre integritu). Zaoberala sa najm\u00e4 korupciou v \u0161t\u00e1tnej spr\u00e1ve. Informuje o tom <a href=\"https:\/\/tvpworld.com\/93741879\/-ecuador-eu-calls-for-inquiry-into-monika-silva-koniuszek-death\" target=\"_blank\" rel=\"nofollow noopener\">TVP World.<\/a><\/p>\n<p>Telo Moniky objavili v pondelok 8. j\u00fana 2026 v dedine Monta\u00f1ita v pobre\u017enej provincii Santa Elena na juhoz\u00e1pade krajiny. Do dne\u0161n\u00e9ho d\u0148a sa nevie, za ak\u00fdch okolnost\u00ed zomrela.\u00a0<\/p>\n<p>Vyhr\u00e1\u017eky na svoju osobu aj deti\u00a0<\/p>\n<p>Miestne \u00farady spo\u010diatku vyhlasovali, \u017ee i\u0161lo o samovra\u017edu. Rodina zosnulej v\u0161ak bola z\u00e1sadne proti. Aktivistka mala dost\u00e1va\u0165 r\u00f4zne vyhr\u00e1\u017eky, <a href=\"https:\/\/www.fakt.pl\/wydarzenia\/polska\/smierc-polki-w-ekwadorze-prokuratura-w-olsztynie-sprowadza-cialo\/9kdj5yf?utm_source=www.cas.sk_viasg_fakt&amp;utm_medium=referal&amp;utm_campaign=leo_automatic&amp;srcc=undefined&amp;utm_v=2\" target=\"_blank\" rel=\"nofollow noopener\">\u017ee ju zabij\u00fa, <\/a>pokia\u013e bude pokra\u010dova\u0165 v tom, \u010do rob\u00ed.\u00a0<\/p>\n<p>&#8222;Ka\u017ed\u00e9 r\u00e1no, sk\u00f4r ako za\u010dnem bojova\u0165 (proti korupcii), mus\u00edm po\u010fakova\u0165 Bohu za z\u00e1zrak, \u017ee e\u0161te \u017eijem,&#8220;\u00a0<a href=\"https:\/\/www.fakt.pl\/wydarzenia\/tajemnicza-smierc-polskiej-aktywistki-w-ekwadorze-bliscy-nie-wierza-w-samobojstwo\/9pqj83n\" target=\"_blank\" rel=\"nofollow noopener\">nap\u00edsala<\/a> 14. apr\u00edla tohto roku. Spomenula si, \u017ee dost\u00e1vala vyhr\u00e1\u017eky smr\u0165ou a jeden politik jej dokonca verejne vyhr\u00e1\u017eal. &#8222;Neuml\u010dia ma,&#8220; povedala.<\/p>\n<p>Aktivistka Monika mala ma\u0165 dokonca podozrenie, \u017ee miestne kartely vyp\u00edsali odmenu na jej hlavu. O svojich obav\u00e1ch sa podelila aj s fan\u00fa\u0161ikmi na soci\u00e1lnych sie\u0165ach. Vyhr\u00e1\u017eky sa mali t\u00fdka\u0165 aj jej det\u00ed, preto ich otec, po rozpade man\u017eelstva pred tromi rokmi, odviezol do Braz\u00edlie.<\/p>\n<p>Nov\u00fd Monikin partner, ktor\u00fd ju na\u0161iel doma m\u0155tvu, poprel \u0161pekul\u00e1cie o strese, depresi\u00e1ch \u010di liste na rozl\u00fa\u010dku. &#8222;R\u00e1no mi len poslala SMS, \u017ee mi praje pekn\u00fd de\u0148. Ni\u010d in\u00e9 tam nebolo,&#8220;\u00a0povedal.\u00a0<\/p>\n<p>Fundaci\u00f3n La Integridad je mimovl\u00e1dna organiz\u00e1cia, ktor\u00e1 vedie kampa\u0148 proti miestnemu \u00faplatk\u00e1rstvu (najm\u00e4 nez\u00e1konn\u00e9 zaberanie p\u00f4dy).\u00a0<\/p>\n<p>Na mieste na\u0161li n\u00f4\u017e a lano\u00a0<\/p>\n<p>Minister vn\u00fatra Ekv\u00e1doru John Reimberg uviedol, \u017ee ofici\u00e1lna pr\u00ed\u010dina smrti bude stanoven\u00e1 a\u017e po pitve. Pod\u013ea stanice Ecuavisa v\u0161ak u\u017e \u0161t\u00e1tna prokurat\u00fara Ekv\u00e1doru spustila vy\u0161etrovanie.\u00a0<\/p>\n<p>&#8222;V po\u010diato\u010dnej f\u00e1ze to vyzeralo ako akt samovra\u017edy. Nesk\u00f4r sa ale v dome na\u0161li aj lano a n\u00f4\u017e. Tieto predmety signalizuj\u00fa, \u017ee i\u0161lo o n\u00e1siln\u00fa smr\u0165,&#8220;\u00a0uv\u00e1dzaj\u00fa vy\u0161etrovatelia. \u00a0<\/p>\n<p>Pitvu zopakuj\u00fa v Po\u013esku\u00a0<\/p>\n<p>N\u00e1sledne sa do pr\u00edpadu zapojili aj Zast\u00fapenie Eur\u00f3pskej \u00fanie v Quite a Medziamerick\u00e1 komisia pre \u013eudsk\u00e9 pr\u00e1va. Vyz\u00fdvaj\u00fa ekv\u00e1dorsk\u00fa vl\u00e1du, aby sa pr\u00edpad vy\u0161etril transparentne a v \u010do najr\u00fdchlej\u0161om mo\u017enom \u010dase.\u00a0<\/p>\n<p>Telo Moniky prevez\u00fa do Po\u013eska. Aj ke\u010f maj\u00fa tamoj\u0161\u00ed vy\u0161etrovatelia k dispoz\u00edcii v\u00fdsledky pitvy, v Po\u013esku ju zopakuj\u00fa. \u00a0<\/p>\n","protected":false},"excerpt":{"rendered":"v Ekv\u00e1dore zomrela za nejasn\u00fdch okolnost\u00ed po\u013esk\u00e1 aktivistka Monika Silva Verasov\u00e1. Pod\u013ea najnov\u0161\u00edch inform\u00e1ci\u00ed malo \u00eds\u0165 o vra\u017edu&hellip;\n","protected":false},"author":2,"featured_media":168491,"comment_status":"","ping_status":"","sticky":false,"template":"","format":"standard","meta":{"footnotes":"","_share_on_mastodon":"0"},"categories":[8],"tags":[1602,19027,57,22296,26384,47962,47963,33,9507,315,47964,43,40,42,744,36,50,729,2090,49,48],"class_list":["post-168490","post","type-post","status-publish","format-standard","has-post-thumbnail","category-svet","tag-dom","tag-ekvador","tag-eu","tag-lano","tag-monika","tag-monika-silva-verasova","tag-montanit","tag-news","tag-noz","tag-polsko","tag-santa-elena","tag-sk","tag-slovak","tag-slovencina","tag-smrt","tag-spravy","tag-svet","tag-tragedia","tag-vysetrovanie","tag-world","tag-world-news"],"share_on_mastodon":{"url":"https:\/\/pubeurope.com\/@sk\/117202393957467395","error":""},"_links":{"self":[{"href":"https:\/\/www.europesays.com\/sk\/wp-json\/wp\/v2\/posts\/168490","targetHints":{"allow":["GET"]}}],"collection":[{"href":"https:\/\/www.europesays.com\/sk\/wp-json\/wp\/v2\/posts"}],"about":[{"href":"https:\/\/www.europesays.com\/sk\/wp-json\/wp\/v2\/types\/post"}],"author":[{"embeddable":true,"href":"https:\/\/www.europesays.com\/sk\/wp-json\/wp\/v2\/users\/2"}],"replies":[{"embeddable":true,"href":"https:\/\/www.europesays.com\/sk\/wp-json\/wp\/v2\/comments?post=168490"}],"version-history":[{"count":0,"href":"https:\/\/www.europesays.com\/sk\/wp-json\/wp\/v2\/posts\/168490\/revisions"}],"wp:featuredmedia":[{"embeddable":true,"href":"https:\/\/www.europesays.com\/sk\/wp-json\/wp\/v2\/media\/168491"}],"wp:attachment":[{"href":"https:\/\/www.europesays.com\/sk\/wp-json\/wp\/v2\/media?parent=168490"}],"wp:term":[{"taxonomy":"category","embeddable":true,"href":"https:\/\/www.europesays.com\/sk\/wp-json\/wp\/v2\/categories?post=168490"},{"taxonomy":"post_tag","embeddable":true,"href":"https:\/\/www.europesays.com\/sk\/wp-json\/wp\/v2\/tags?post=168490"}],"curies":[{"name":"wp","href":"https:\/\/api.w.org\/{rel}","templated":true}]}}