{"id":168500,"date":"2026-09-02T16:38:09","date_gmt":"2026-09-02T16:38:09","guid":{"rendered":"https:\/\/www.europesays.com\/sk\/168500\/"},"modified":"2026-09-02T16:38:09","modified_gmt":"2026-09-02T16:38:09","slug":"prasklo-rodinne-tajomstvo-narodil-sa-prvy-vnuk-johna-lennona-dostal-naozaj-vznesene-meno","status":"publish","type":"post","link":"https:\/\/www.europesays.com\/sk\/168500\/","title":{"rendered":"Prasklo rodinn\u00e9 tajomstvo: Narodil sa prv\u00fd vnuk Johna Lennona&#8230; Dostal naozaj vzne\u0161en\u00e9 meno!"},"content":{"rendered":"<p>NEW YORK &#8211; Hudobn\u00e1 dynastia okolo Johna Lennona m\u00e1 nov\u00e9ho \u010dlena. Sean Ono Lennon sa stal po prv\u00fd raz otcom a jeho syn je z\u00e1rove\u0148 prv\u00fdm vnukom legend\u00e1rneho \u010dlena The Beatles. Chlap\u010dek dostal meno, ktor\u00e9 znie ako zo starovek\u00e9ho R\u00edma.<\/p>\n<p>Sean Lennon a jeho dlhoro\u010dn\u00e1 partnerka Charlotte Kemp Muhl ozn\u00e1mili radostn\u00fa spr\u00e1vu 1. septembra. P\u00e1r z\u00e1rove\u0148 zverejnil fotografie s novorodencom. Pre p\u00e4\u0165desiatro\u010dn\u00e9ho Seana ide o \u00faplne nov\u00fa \u017eivotn\u00fa kapitolu, rovnako ako pre jeho partnerku, hudobn\u00ed\u010dku a modelku Charlotte. Najv\u00e4\u010d\u0161iu pozornos\u0165 v\u0161ak okam\u017eite up\u00fatalo meno b\u00e1b\u00e4tka.<\/p>\n<p>Aurelius m\u00e1 latinsk\u00fd p\u00f4vod a sp\u00e1ja sa s v\u00fdznamom \u201ezlat\u00fd\u201c \u010di \u201epozl\u00e1ten\u00fd\u201c. Meno evokuje \u017eiaru, vzne\u0161enos\u0165 a slnko. Nie je pritom n\u00e1hodou, \u017ee pr\u00e1ve Aurelius bol aj rodov\u00fdm menom r\u00edmskeho cis\u00e1ra a filozofa Marka Aur\u00e9lia. Tak\u00e9to meno sa k rodine, ktorej hist\u00f3ria je sp\u00e4t\u00e1 s jedn\u00fdm z najv\u00e4\u010d\u0161\u00edch hudobn\u00edkov v\u0161etk\u00fdch \u010dias, rozhodne hod\u00ed. Mal\u00fd Aurelius je toti\u017e prv\u00fdm vnukom Johna Lennona a Yoko Ono.<\/p>\n<p>Yoko m\u00e1 s\u00edce u\u017e dve vn\u00fa\u010dat\u00e1 od dc\u00e9ry Kyoko, no Aurelius je prv\u00fdm vnukom, ktor\u00fd pokra\u010duje priamo v Lennonovej rodovej l\u00ednii. O to silnej\u0161\u00ed je cel\u00fd pr\u00edbeh vzh\u013eadom na osud Johna Lennona. Hudobn\u00edk zomrel v roku 1980, ke\u010f mal Sean iba p\u00e4\u0165 rokov. Svojho prv\u00e9ho vnuka tak u\u017e nikdy nemohol spozna\u0165.<\/p>\n<p>Do rodinnej radosti sa zapojil aj Seanov star\u0161\u00ed brat Julian Lennon, ktor\u00fd m\u00e1 s Johnom spolo\u010dn\u00e9ho otca, no deti nem\u00e1. Jeho reakcia na narodenie synovca sa objavila na soci\u00e1lnych sie\u0165ach e\u0161te pred ofici\u00e1lnym ozn\u00e1men\u00edm a n\u00e1sledne zmizla. Aurelius tak prich\u00e1dza do rodiny s obrovsk\u00fdm hudobn\u00fdm dedi\u010dstvom. \u010ci raz p\u00f4jde v stop\u00e1ch svojho sl\u00e1vneho dedka, v\u0161ak dnes samozrejme nikto nevie. Jedno je ist\u00e9: meno Aurelius u\u017e teraz p\u00fata pozornos\u0165 rovnako ako sl\u00e1vne priezvisko Lennon.<\/p>\n<p>\t\tHlasovanie ukon\u010den\u00e9<\/p>\n<p>\t\t\t\t{{ poll.title }}<\/p>\n<p>\t\t\t\t\t<img :alt=\"pollImageDescription()\" :src=\"https:\/\/www.topky.sk\/cl\/100314\/9484059\/poll.img_url\" class=\"box-quiz-new-image-questionnaire\"\/><\/p>\n<p>{{ poll.image_description }} (Zdroj: {{ poll.image_resource }})<\/p>\n<p>\t\t\t\t\t\t\t\t\t\t\t<img :alt=\"questionImageDescription(question)\" :src=\"https:\/\/www.topky.sk\/cl\/100314\/9484059\/question.img_url\" class=\"box-quiz-new-image-top\"\/><\/p>\n<p>Zdroj: {{ question.image_resource }}<\/p>\n<p>\n\t\t\t\t\t\t\t\t\t\t\t{{ question.text }}\n\t\t\t\t\t\t\t\t\t\t<\/p>\n<p>{{ question.text }}<\/p>\n<p>\t\t\t\t\t\t\t\t\t\t\t\t\t\t<img :alt=\"questionImageDescription(question)\" :src=\"https:\/\/www.topky.sk\/cl\/100314\/9484059\/question.img_url\" class=\"box-quiz-new-image-top\"\/><\/p>\n<p>Zdroj: {{ question.image_resource }}<\/p>\n<p>{{ poll.title }}<\/p>\n<p>{{ question.text }}<\/p>\n<p>\t\t\t\t\t\t\t\t\t\t\t\t\t\t<img :alt=\"questionImageDescription(question)\" :src=\"https:\/\/www.topky.sk\/cl\/100314\/9484059\/question.img_url\" class=\"box-quiz-new-image-top\"\/><\/p>\n<p>Zdroj: {{ question.image_resource }}<\/p>\n<p>{{ poll.rating_worst}}<\/p>\n<p>{{ poll.rating_best}}<\/p>\n<p>{{ poll.rating_best}}<\/p>\n<p>{{ poll.rating_worst}}<\/p>\n<p>\t\t\t\t\t\t\t\t\t\t\t\t\t{{ answer.text }}<\/p>\n<p>\t\t\t\t\t\t\t\t\t\t\t\t\t{{ answer.text }}<\/p>\n<p>\t\t\t\t\t{{ poll.title }}<\/p>\n<p v-if=\"poll.contact_form\">{{ poll.thanks }}<\/p>\n<p>{{ question.text }}<\/p>\n<p>\t\t\t\t\t\t\t\t\t<img :alt=\"questionImageDescription(question)\" :src=\"https:\/\/www.topky.sk\/cl\/100314\/9484059\/question.img_url\" class=\"box-quiz-new-image-top\"\/><\/p>\n<p>Zdroj: {{ question.image_resource }}<\/p>\n<p>Priemern\u00e9 hodnotenie: {{ question.rating }}<\/p>\n<p> Va\u0161e hodnotenie: {{ question.user_rating }}<\/p>\n<p>{{ question.text }}<\/p>\n<p>\t\t\t\t\t\t\t\t\t<img :alt=\"questionImageDescription(question)\" :src=\"https:\/\/www.topky.sk\/cl\/100314\/9484059\/question.img_url\" class=\"box-quiz-new-image-top\"\/><\/p>\n<p>Zdroj: {{ question.image_resource }}<\/p>\n<p>{{ poll.rating_worst}}<\/p>\n<p>{{ poll.rating_best}}<\/p>\n<p>{{ poll.rating_best}}<\/p>\n<p>{{ poll.rating_worst}}<\/p>\n<p>Priemern\u00e9 hodnotenie: {{ question.rating }}<\/p>\n<p> Va\u0161e hodnotenie: {{ question.user_rating }}<\/p>\n<p>Hlasovalo: {{questions[0].votes}}<\/p>\n<p>\t\t\t\t\t\t{{ poll.title }}<\/p>\n<p>\t\t\t\t\t\t\t<img :alt=\"pollImageDescription()\" :src=\"https:\/\/www.topky.sk\/cl\/100314\/9484059\/poll.img_url\" class=\"box-quiz-new-image-questionnaire\"\/><\/p>\n<p>{{ poll.image_description }} (Zdroj: {{ poll.image_resource }})<\/p>\n<p>{{ qIndex+1 }}\/{{ questions.length }}<\/p>\n<p>\t\t\t\t\t\t\t\t\t<img :alt=\"questionImageDescription(question)\" :src=\"https:\/\/www.topky.sk\/cl\/100314\/9484059\/question.img_url\" class=\"box-quiz-new-image-top\"\/><br \/>\n\t\t\t\t\t\t\t\t\t<a class=\"box-quiz-new-magnifier\" href=\"#\" title=\"Zv\u00e4\u010d\u0161i\u0165 obr\u00e1zok\">\u00a0<\/a><\/p>\n<p>Zdroj: {{ question.image_resource }}<\/p>\n<p>{{ question.text }}<\/p>\n<p>M\u00f4\u017eete ozna\u010di\u0165 viacero odpoved\u00ed.<\/p>\n<p class=\"profile-name\">{{ profiles[profileEvalueated.index].name }}<\/p>\n<p v-if=\"poll.show_profiles_percentage\">Zhoda: {{ profileEvalueated.weightPercentage }}%<\/p>\n<p>\t\t\t\t\t\t\t\t\t<img :alt=\"profiles[profileEvalueated.index].image_description\" :src=\"https:\/\/www.topky.sk\/cl\/100314\/9484059\/profiles[profileEvalueated.index].img_url\" class=\"box-quiz-new-image-questionnaire\"\/><\/p>\n<p>{{ profiles[profileEvalueated.index].image_description }} (Zdroj: {{ profiles[profileEvalueated.index].image_resource }})<\/p>\n<p><\/p>\n<p>\t\t\t\t\t\t\t\u00d7<br \/>\n\t\t\t\t\t\t\t<img :alt=\"imageModal.imgDescription\" :src=\"https:\/\/www.topky.sk\/cl\/100314\/9484059\/imageModal.imgUrl\" :style=\"isEmbed ? computeModalImageStyle() : ''\"\/><\/p>\n","protected":false},"excerpt":{"rendered":"NEW YORK &#8211; Hudobn\u00e1 dynastia okolo Johna Lennona m\u00e1 nov\u00e9ho \u010dlena. Sean Ono Lennon sa stal po prv\u00fd&hellip;\n","protected":false},"author":2,"featured_media":168501,"comment_status":"","ping_status":"","sticky":false,"template":"","format":"standard","meta":{"footnotes":"","_share_on_mastodon":"0"},"categories":[15],"tags":[47968,70,47965,47967,47966,43,40,39,42,41,71],"class_list":["post-168500","post","type-post","status-publish","format-standard","has-post-thumbnail","category-zabava","tag-aurelius-lennon","tag-entertainment","tag-john-lennon","tag-prvy-vnuk-legendy","tag-sean-ono-lennon","tag-sk","tag-slovak","tag-slovakia","tag-slovencina","tag-slovensko","tag-zabava"],"share_on_mastodon":{"url":"https:\/\/pubeurope.com\/@sk\/117202433354298397","error":""},"_links":{"self":[{"href":"https:\/\/www.europesays.com\/sk\/wp-json\/wp\/v2\/posts\/168500","targetHints":{"allow":["GET"]}}],"collection":[{"href":"https:\/\/www.europesays.com\/sk\/wp-json\/wp\/v2\/posts"}],"about":[{"href":"https:\/\/www.europesays.com\/sk\/wp-json\/wp\/v2\/types\/post"}],"author":[{"embeddable":true,"href":"https:\/\/www.europesays.com\/sk\/wp-json\/wp\/v2\/users\/2"}],"replies":[{"embeddable":true,"href":"https:\/\/www.europesays.com\/sk\/wp-json\/wp\/v2\/comments?post=168500"}],"version-history":[{"count":0,"href":"https:\/\/www.europesays.com\/sk\/wp-json\/wp\/v2\/posts\/168500\/revisions"}],"wp:featuredmedia":[{"embeddable":true,"href":"https:\/\/www.europesays.com\/sk\/wp-json\/wp\/v2\/media\/168501"}],"wp:attachment":[{"href":"https:\/\/www.europesays.com\/sk\/wp-json\/wp\/v2\/media?parent=168500"}],"wp:term":[{"taxonomy":"category","embeddable":true,"href":"https:\/\/www.europesays.com\/sk\/wp-json\/wp\/v2\/categories?post=168500"},{"taxonomy":"post_tag","embeddable":true,"href":"https:\/\/www.europesays.com\/sk\/wp-json\/wp\/v2\/tags?post=168500"}],"curies":[{"name":"wp","href":"https:\/\/api.w.org\/{rel}","templated":true}]}}