{"id":168548,"date":"2026-09-02T17:25:08","date_gmt":"2026-09-02T17:25:08","guid":{"rendered":"https:\/\/www.europesays.com\/sk\/168548\/"},"modified":"2026-09-02T17:25:08","modified_gmt":"2026-09-02T17:25:08","slug":"aktualne-vazna-nehoda-uzavrela-cestu-pri-celnej-zrazke-dvoch-aut-hlasia-tazko-zranenych","status":"publish","type":"post","link":"https:\/\/www.europesays.com\/sk\/168548\/","title":{"rendered":"AKTU\u00c1LNE V\u00e1\u017ena nehoda uzavrela cestu: Pri \u010delnej zr\u00e1\u017eke dvoch \u00e1ut hl\u00e1sia \u0165a\u017eko zranen\u00fdch"},"content":{"rendered":"<p>BRATISLAVA &#8211; Cesta III\/1067 medzi obcami Kostoln\u00e1 pri Dunaji a Hrub\u00e1 Bor\u0161a je v stredu poobede neprejazdn\u00e1. D\u00f4vodom je odstra\u0148ovanie n\u00e1sledkov dopravnej nehody. Informovala o tom bratislavsk\u00e1 krajsk\u00e1 pol\u00edcia na soci\u00e1lnej sieti. Vodi\u010dov vyzvala, aby na prejazd vyu\u017eili alternat\u00edvnu trasu.<\/p>\n<p>Nehoda sa stala kr\u00e1tko pred 15.30 h. \u201ePod\u013ea doteraj\u0161\u00edch inform\u00e1ci\u00ed do\u0161lo z doposia\u013e presne nezisten\u00fdch pr\u00ed\u010din k \u010delnej zr\u00e1\u017eke vozidla Ford Focus a Volkswagen Golf. V d\u00f4sledku zr\u00e1\u017eky utrpeli dve osoby \u0165a\u017ek\u00e9 zranenia vy\u017eaduj\u00face si prevoz do nemocn\u00edc, a \u010fal\u0161ie dve osoby \u013eahk\u00e9 zranenia,\u201c pribl\u00ed\u017eila pol\u00edcia.<\/p>\n","protected":false},"excerpt":{"rendered":"BRATISLAVA &#8211; Cesta III\/1067 medzi obcami Kostoln\u00e1 pri Dunaji a Hrub\u00e1 Bor\u0161a je v stredu poobede neprejazdn\u00e1. D\u00f4vodom&hellip;\n","protected":false},"author":2,"featured_media":168549,"comment_status":"","ping_status":"","sticky":false,"template":"","format":"standard","meta":{"footnotes":"","_share_on_mastodon":"0"},"categories":[6],"tags":[47970,47971,535,525,43,40,44,39,42,45,41],"class_list":["post-168548","post","type-post","status-publish","format-standard","has-post-thumbnail","category-slovensko","tag-hruba-borsa","tag-kostolna-pri-dunaji","tag-nehoda","tag-policia","tag-sk","tag-slovak","tag-slovak-republic","tag-slovakia","tag-slovencina","tag-slovenska-republika","tag-slovensko"],"share_on_mastodon":{"url":"https:\/\/pubeurope.com\/@sk\/117202617871193437","error":""},"_links":{"self":[{"href":"https:\/\/www.europesays.com\/sk\/wp-json\/wp\/v2\/posts\/168548","targetHints":{"allow":["GET"]}}],"collection":[{"href":"https:\/\/www.europesays.com\/sk\/wp-json\/wp\/v2\/posts"}],"about":[{"href":"https:\/\/www.europesays.com\/sk\/wp-json\/wp\/v2\/types\/post"}],"author":[{"embeddable":true,"href":"https:\/\/www.europesays.com\/sk\/wp-json\/wp\/v2\/users\/2"}],"replies":[{"embeddable":true,"href":"https:\/\/www.europesays.com\/sk\/wp-json\/wp\/v2\/comments?post=168548"}],"version-history":[{"count":0,"href":"https:\/\/www.europesays.com\/sk\/wp-json\/wp\/v2\/posts\/168548\/revisions"}],"wp:featuredmedia":[{"embeddable":true,"href":"https:\/\/www.europesays.com\/sk\/wp-json\/wp\/v2\/media\/168549"}],"wp:attachment":[{"href":"https:\/\/www.europesays.com\/sk\/wp-json\/wp\/v2\/media?parent=168548"}],"wp:term":[{"taxonomy":"category","embeddable":true,"href":"https:\/\/www.europesays.com\/sk\/wp-json\/wp\/v2\/categories?post=168548"},{"taxonomy":"post_tag","embeddable":true,"href":"https:\/\/www.europesays.com\/sk\/wp-json\/wp\/v2\/tags?post=168548"}],"curies":[{"name":"wp","href":"https:\/\/api.w.org\/{rel}","templated":true}]}}