{"id":168566,"date":"2026-09-02T17:40:10","date_gmt":"2026-09-02T17:40:10","guid":{"rendered":"https:\/\/www.europesays.com\/sk\/168566\/"},"modified":"2026-09-02T17:40:10","modified_gmt":"2026-09-02T17:40:10","slug":"pri-presove-horela-hala-na-pekarenske-polotovary-prepadla-sa-strecha-2","status":"publish","type":"post","link":"https:\/\/www.europesays.com\/sk\/168566\/","title":{"rendered":"Pri Pre\u0161ove horela hala na pek\u00e1rensk\u00e9 polotovary, prepadla sa strecha"},"content":{"rendered":"<p class=\"article-perex\" itemprop=\"description\" style=\"font-weight: bold; font-style: italic;\">&#13;<br \/>\n                                                            Pre po\u017eiar haly pri Z\u00e1borskom evakuovali 20 zamestnancov. \u010cas\u0165 strechy sa prepadla, zranenia nehl\u00e1sili a v\u00fd\u0161ka \u0161kody zatia\u013e nie je zn\u00e1ma.                                                        <\/p>\n<p>V stredu v \u010dase obeda sa nad Pre\u0161ovom za\u010dal \u0161\u00edri\u0165 k\u00fadol dymu. Za\u010dala horie\u0165 hala pri obci Z\u00e1borsk\u00e9. <a href=\"https:\/\/www.presovak.sk\/temy\/hasici\" class=\"link-tag\" style=\"\" rel=\"nofollow noopener\" target=\"_blank\">Hasi\u010di<\/a> e\u0161te st\u00e1le bojuj\u00fa s plame\u0148mi.<\/p>\n<p>Konkr\u00e9tne plamene zachv\u00e1tili halu <a href=\"https:\/\/www.presovak.sk\/temy\/podnikanie\" class=\"link-tag\" style=\"\" rel=\"nofollow noopener\" target=\"_blank\">firmy<\/a>, v ktorej sa vyr\u00e1baj\u00fa pek\u00e1rensk\u00e9 polotovary, informuje <a href=\"https:\/\/tnlive.sk\/domace\/clanok\/1048949-rozsiahly-poziar-pri-presove-znicil-tovaren-prepadla-sa-cast-strechy-o-pracu-sa-obava-50-ludi?utm_medium=Social&amp;utm_source=Facebook&amp;fbclid=IwY2xjawUE6kNwZG9mAWV4dG4DYWVtAjExAHNydGMGYXBwX2lkEDIyMjAzOTE3ODgyMDA4OTIAAR7ebSjrXEAx59zRUnFn2iYXSlZ54vJmvhB-S4HRVo5r-dc-6htkD96Hz68I4w_aem_CSfFh4ET2_-hJ6KVLibr9A#Echobox=1788348669\" target=\"_blank\" rel=\"nofollow noopener\">TV Mark\u00edza<\/a>. <a href=\"https:\/\/www.presovak.sk\/temy\/poziar\" class=\"link-tag\" style=\"\" rel=\"nofollow noopener\" target=\"_blank\">Po\u017eiar<\/a> sa mal \u0161\u00edri\u0165 zo \u0161pir\u00e1ly v peci. Plamene sa sna\u017eili uhasi\u0165 aj zamestnanci, to sa nepodarilo. N\u00e1sledne sa prepadla aj \u010das\u0165 strechy.<\/p>\n<p>Vo firme pracuje pribli\u017ene 50 \u013eud\u00ed, hasi\u010di bojovali s oh\u0148om nieko\u013eko hod\u00edn. Vyn\u00e1\u0161ali plechy a materi\u00e1l, hala je rozsiahlo po\u0161koden\u00e1. <\/p>\n<p>\u201eNa miesto bola vyslan\u00e1 v\u00fdjazdov\u00e1 skupina, z doposia\u013e z\u00edskan\u00fdch inform\u00e1ci\u00ed nedo\u0161lo k zraneniu os\u00f4b. V\u00fd\u0161ka \u0161kody nebola stanoven\u00e1,\u201c uviedla krajsk\u00e1 policajn\u00e1 hovorky\u0148a Jana Ligdayov\u00e1.<\/p>\n<p>Ako doplnila krajsk\u00e1 <a href=\"https:\/\/www.presovak.sk\/temy\/vlamacka\" class=\"link-tag\" style=\"\" rel=\"nofollow noopener\" target=\"_blank\">pol\u00edcia<\/a>, z priestorov bolo evakuovan\u00fdch 20 zamestnancov. Presn\u00e1 pr\u00ed\u010dina a okolnosti s\u00fa v \u0161t\u00e1diu vy\u0161etrovania. Situ\u00e1cia je v tejto chv\u00edli pod kontrolou.<\/p>\n","protected":false},"excerpt":{"rendered":"&#13; Pre po\u017eiar haly pri Z\u00e1borskom evakuovali 20 zamestnancov. \u010cas\u0165 strechy sa prepadla, zranenia nehl\u00e1sili a v\u00fd\u0161ka \u0161kody&hellip;\n","protected":false},"author":2,"featured_media":168567,"comment_status":"","ping_status":"","sticky":false,"template":"","format":"standard","meta":{"footnotes":"","_share_on_mastodon":"0"},"categories":[32],"tags":[761,34,37,3041,762,764,535,760,33,763,453,525,3042,43,40,39,42,41,36,38,35,766,765,302],"class_list":["post-168566","post","type-post","status-publish","format-standard","has-post-thumbnail","category-spravy","tag-drogy","tag-headlines","tag-hlavne-spravy","tag-krimi-presov","tag-lupez","tag-naka","tag-nehoda","tag-nehody","tag-news","tag-pachatel","tag-patranie","tag-policia","tag-presovske-krimi","tag-sk","tag-slovak","tag-slovakia","tag-slovencina","tag-slovensko","tag-spravy","tag-titulky","tag-top-stories","tag-vrazda","tag-zadrzanie","tag-zlodeji"],"share_on_mastodon":{"url":"https:\/\/pubeurope.com\/@sk\/117202677097789143","error":""},"_links":{"self":[{"href":"https:\/\/www.europesays.com\/sk\/wp-json\/wp\/v2\/posts\/168566","targetHints":{"allow":["GET"]}}],"collection":[{"href":"https:\/\/www.europesays.com\/sk\/wp-json\/wp\/v2\/posts"}],"about":[{"href":"https:\/\/www.europesays.com\/sk\/wp-json\/wp\/v2\/types\/post"}],"author":[{"embeddable":true,"href":"https:\/\/www.europesays.com\/sk\/wp-json\/wp\/v2\/users\/2"}],"replies":[{"embeddable":true,"href":"https:\/\/www.europesays.com\/sk\/wp-json\/wp\/v2\/comments?post=168566"}],"version-history":[{"count":0,"href":"https:\/\/www.europesays.com\/sk\/wp-json\/wp\/v2\/posts\/168566\/revisions"}],"wp:featuredmedia":[{"embeddable":true,"href":"https:\/\/www.europesays.com\/sk\/wp-json\/wp\/v2\/media\/168567"}],"wp:attachment":[{"href":"https:\/\/www.europesays.com\/sk\/wp-json\/wp\/v2\/media?parent=168566"}],"wp:term":[{"taxonomy":"category","embeddable":true,"href":"https:\/\/www.europesays.com\/sk\/wp-json\/wp\/v2\/categories?post=168566"},{"taxonomy":"post_tag","embeddable":true,"href":"https:\/\/www.europesays.com\/sk\/wp-json\/wp\/v2\/tags?post=168566"}],"curies":[{"name":"wp","href":"https:\/\/api.w.org\/{rel}","templated":true}]}}