{"id":168646,"date":"2026-09-02T19:13:09","date_gmt":"2026-09-02T19:13:09","guid":{"rendered":"https:\/\/www.europesays.com\/sk\/168646\/"},"modified":"2026-09-02T19:13:09","modified_gmt":"2026-09-02T19:13:09","slug":"debut-na-ktory-bude-chciet-rychlo-zabudnut-bobcek-pri-premiere-skoroval-frosinone-vsak-vypadlo","status":"publish","type":"post","link":"https:\/\/www.europesays.com\/sk\/168646\/","title":{"rendered":"Debut, na ktor\u00fd bude chcie\u0165 r\u00fdchlo zabudn\u00fa\u0165. Bob\u010dek pri premi\u00e9re sk\u00f3roval, Frosinone v\u0161ak vypadlo"},"content":{"rendered":"<p>Slovensk\u00fd futbalista Tom\u00e1\u0161 Bob\u010dek zaznamenal debut v talianskom prvoligovom t\u00edme Frosinone Calcio. Jeho mu\u017estvo v\u0161ak neuspelo v stredaj\u0161om stretnut\u00ed \u0161estn\u00e1s\u0165fin\u00e1le Coppa Italia, ke\u010f vypadlo zo s\u00fa\u0165a\u017ee po jeden\u00e1stkovom rozstrele s in\u00fdm t\u00edmom zo Serie A Sassuolom.<\/p>\n<p>V riadnom hracom \u010dase sa duel skon\u010dil 1:1, v rozstrele uspelo Sassuolo 4:3, Bob\u010dek svoj pokus z bieleho bodu \u00faspe\u0161ne premenil.<\/p>\n<p>Dvadsa\u0165\u0161tyriro\u010dn\u00fd slovensk\u00fd \u00fato\u010dn\u00edk sa do Frosinone presunul z Lechie Gdansk a podp\u00edsal p\u00e4\u0165ro\u010dn\u00fd kontrakt. V uplynulej sez\u00f3ne po\u013eskej Ekstraklasy bol s 20 g\u00f3lmi najlep\u0161\u00ed strelec s\u00fa\u0165a\u017ee. Na p\u00f4de Sassuola sa dostal na ihrisko v 63. min\u00fate za stavu 1:1. <\/p>\n<p>Do konca duelu u\u017e g\u00f3l z hry nepadol a k slovu pri\u0161iel rozstrel. Bob\u010dek si postavil loptu na biely bod ako \u00faplne prv\u00fd a nezav\u00e1hal. Na strane dom\u00e1cich v\u0161ak rozvlnili sie\u0165 v\u0161etci \u0161tyria hr\u00e1\u010di a v drese Frosinone sa pom\u00fdlili v \u0161tvrtej s\u00e9rii obranca Wisdom Amey i v piatej stredopoliar Luis Hasa.<\/p>\n","protected":false},"excerpt":{"rendered":"Slovensk\u00fd futbalista Tom\u00e1\u0161 Bob\u010dek zaznamenal debut v talianskom prvoligovom t\u00edme Frosinone Calcio. Jeho mu\u017estvo v\u0161ak neuspelo v stredaj\u0161om&hellip;\n","protected":false},"author":2,"featured_media":168647,"comment_status":"","ping_status":"","sticky":false,"template":"","format":"standard","meta":{"footnotes":"","_share_on_mastodon":"0"},"categories":[13],"tags":[20776,47381,5471,43,40,39,42,41,69,68],"class_list":["post-168646","post","type-post","status-publish","format-standard","has-post-thumbnail","category-sport","tag-coppa-italia","tag-frosinone","tag-serie-a","tag-sk","tag-slovak","tag-slovakia","tag-slovencina","tag-slovensko","tag-sport","tag-sports"],"share_on_mastodon":{"url":"https:\/\/pubeurope.com\/@sk\/117203042639759643","error":""},"_links":{"self":[{"href":"https:\/\/www.europesays.com\/sk\/wp-json\/wp\/v2\/posts\/168646","targetHints":{"allow":["GET"]}}],"collection":[{"href":"https:\/\/www.europesays.com\/sk\/wp-json\/wp\/v2\/posts"}],"about":[{"href":"https:\/\/www.europesays.com\/sk\/wp-json\/wp\/v2\/types\/post"}],"author":[{"embeddable":true,"href":"https:\/\/www.europesays.com\/sk\/wp-json\/wp\/v2\/users\/2"}],"replies":[{"embeddable":true,"href":"https:\/\/www.europesays.com\/sk\/wp-json\/wp\/v2\/comments?post=168646"}],"version-history":[{"count":0,"href":"https:\/\/www.europesays.com\/sk\/wp-json\/wp\/v2\/posts\/168646\/revisions"}],"wp:featuredmedia":[{"embeddable":true,"href":"https:\/\/www.europesays.com\/sk\/wp-json\/wp\/v2\/media\/168647"}],"wp:attachment":[{"href":"https:\/\/www.europesays.com\/sk\/wp-json\/wp\/v2\/media?parent=168646"}],"wp:term":[{"taxonomy":"category","embeddable":true,"href":"https:\/\/www.europesays.com\/sk\/wp-json\/wp\/v2\/categories?post=168646"},{"taxonomy":"post_tag","embeddable":true,"href":"https:\/\/www.europesays.com\/sk\/wp-json\/wp\/v2\/tags?post=168646"}],"curies":[{"name":"wp","href":"https:\/\/api.w.org\/{rel}","templated":true}]}}