{"id":168678,"date":"2026-09-02T19:45:13","date_gmt":"2026-09-02T19:45:13","guid":{"rendered":"https:\/\/www.europesays.com\/sk\/168678\/"},"modified":"2026-09-02T19:45:13","modified_gmt":"2026-09-02T19:45:13","slug":"tisice-slovakov-si-budu-musiet-vymenit-obciansky-preukaz","status":"publish","type":"post","link":"https:\/\/www.europesays.com\/sk\/168678\/","title":{"rendered":"Tis\u00edce Slov\u00e1kov si bud\u00fa musie\u0165 vymeni\u0165 ob\u010diansky preukaz"},"content":{"rendered":"<p class=\"post-article__lede\"> T\u00fdka sa to dokladov vydan\u00fdch v t\u00fdchto rokoch.<\/p>\n<p>   2. 9. 2026 09:39:50   Aktualizovan\u00e9:   2. 9. 2026 13:46:00        Odlo\u017e na nesk\u00f4r  <\/p>\n<p class=\"article-paragraph--first\">Tis\u00edce obyvate\u013eov Slovenska bud\u00fa potrebova\u0165 nov\u00e9 ob\u010dianske preukazy. Koncom septembra sa automaticky skon\u010d\u00ed platnos\u0165 certifik\u00e1tov pre elektronick\u00fd podpis. Zmeny sa t\u00fdkaj\u00fa dokladov vydan\u00fdch medzi j\u00fanom 2021 a decembrom 2022.<\/p>\n<p>Ob\u010dianske preukazy, ale aj doklady o pobyte cudzinca, ktor\u00e9 \u0161t\u00e1t vydal od 21. j\u00fana 2021 do 30. novembra 2022, vyu\u017e\u00edvaj\u00fa na elektronick\u00e9 podpisovanie star\u0161ie typy \u010dipov.<\/p>\n<p>M\u00f4\u017ee v\u00e1s zauj\u00edma\u0165<a class=\"wp-block-k-veci-content-related-post__link fancy\" href=\"https:\/\/spravy.stvr.sk\/2026\/09\/vizia-slovensko-2040-je-hotova-odbornici-spisali-co-treba-zmenit-aby-sa-v-krajine-zilo-lepsie\/\" rel=\"nofollow noopener\" target=\"_blank\">V\u00edzia Slovensko 2040 je hotov\u00e1. Odborn\u00edci sp\u00edsali, \u010do treba zmeni\u0165, aby sa v krajine \u017eilo lep\u0161ie<\/a><\/p>\n<p>\u201ePo tomto term\u00edne za\u010dalo ministerstvo vn\u00fatra vyd\u00e1va\u0165 biometrick\u00e9 doklady s nov\u00fdm typom du\u00e1lneho \u010dipu, ktor\u00fd vyhovuje pravidelne sa spr\u00eds\u0148uj\u00facim eur\u00f3pskym a svetov\u00fdm \u0161tandardom,\u201c pribl\u00ed\u017eil hovorca ministerstva vn\u00fatra Matej Neumann.<\/p>\n<p>\u201eKvalifikovan\u00fd elektronick\u00fd podpis je obdobou vlastnoru\u010dn\u00e9ho, \u00faradne overen\u00e9ho podpisu. Tak\u017ee v\u00fdmenu dokladu potrebuje ka\u017ed\u00fd, kto chce v elektronickom svete autorizova\u0165 dokumenty toho najcitlivej\u0161ieho charakteru \u2013 \u010di u\u017e pri podnikan\u00ed alebo v s\u00fakromnom \u017eivote,\u201c vysvetlil redaktor port\u00e1lu \u017eiv\u00e9.sk Luk\u00e1\u0161 Kosno.<\/p>\n<p>Ob\u010dianskym preukazom sa v <a href=\"https:\/\/www.stvr.sk\/televizia\/archiv\/21274\" target=\"_blank\" rel=\"noreferrer noopener nofollow\">Spr\u00e1vach <\/a>venoval redaktor Peter Tarasovi\u010d: <\/p>\n<p>Zdroj: STVRProbl\u00e9m s elektronick\u00fdmi podpismi<\/p>\n<p>Ob\u010dianske preukazy zost\u00e1vaj\u00fa v platnosti a prihl\u00e1si\u0165 sa s nimi bude da\u0165 aj do elektronick\u00fdch slu\u017eieb \u0161t\u00e1tu. Probl\u00e9m nastane pri elektronick\u00fdch podpisoch.<\/p>\n<p>Dokladom vypr\u0161\u00ed 28. septembra certifik\u00e1t. Po tomto d\u00e1tume u\u017e nebud\u00fa overen\u00e9 podpisy podporova\u0165. Kto ich bude chcie\u0165 vyu\u017e\u00edva\u0165 na\u010falej, bude musie\u0165 po\u017eiada\u0165 o nov\u00fd doklad.<\/p>\n<p> Sledujte spravodajstvo<\/p>\n<p class=\"!tw-my-0\">STVR na WhatsApp<\/p>\n<p> <a href=\"https:\/\/www.whatsapp.com\/channel\/0029VaLFLqUCnA7ucPbpYz3p\" target=\"_blank\" class=\"tw-flex tw-ml-auto xs:tw-ml-0 tw-h-auto !tw-no-underline tw-w-auto tw-items-center tw-gap-3 tw-px-4 tw-py-3 follow-button&#010; tw-rounded-[36px]\" style=\"background: linear-gradient(90deg, #94E79D 0%, #00D25F 100%);color: #1E1E1E;\" rel=\"nofollow noopener\">            Sledova\u0165 <\/a><\/p>\n<p>Rezort vn\u00fatra preto roz\u0161\u00edril okruh slu\u017eieb, ktor\u00e9 nebud\u00fa vy\u017eadova\u0165 kvalifikovan\u00fd elektronick\u00fd podpis. Nahradia ho tzv. uznan\u00fdm sp\u00f4sobom autoriz\u00e1cie. Ob\u010dania ho bud\u00fa m\u00f4c\u0165 vyu\u017e\u00edva\u0165 len pri slu\u017eb\u00e1ch, ktor\u00e9 si ani v papierovej forme nevy\u017eaduj\u00fa not\u00e1rsky overen\u00fd podpis.<\/p>\n<p>\u201eD\u00f4le\u017eit\u00e9 je poveda\u0165, \u017ee je na \u0148om aj finan\u010dn\u00e1 spr\u00e1va a pod\u00e1vanie da\u0148ov\u00fdch priznan\u00ed. Tak\u017ee ak \u010dlovek potrebuje elektronick\u00fd podpis len pri pod\u00e1van\u00ed da\u0148ov\u00e9ho priznania, nemus\u00ed si vymeni\u0165 ob\u010diansky preukaz alebo doklad o pobyte cudzinca,\u201c doplnil redaktor Kosno.<\/p>\n<p>Na Slovensku je dnes pribli\u017ene 130-tis\u00edc tak\u00fdchto ob\u010dianskych preukazov a dokladov o pobyte cudzinca, ktor\u00fdm sa kon\u010d\u00ed platnos\u0165.<\/p>\n<p>Pol\u00edcia upozor\u0148uje ob\u010danov na poplatok za v\u00fdmenu ob\u010dianskeho preukazu v pr\u00edpade, ak si ho menia z d\u00f4vodu skon\u010denia platnosti certifik\u00e1tov potrebn\u00fdch na vyu\u017e\u00edvanie kvalifikovan\u00e9ho elektronick\u00e9ho podpisu. Informoval o tom hovorca Prez\u00eddia Policajn\u00e9ho zboru Roman H\u00e1jek.<\/p>\n<p>\u201eAk chcete aj na\u010falej pou\u017e\u00edva\u0165 elektronick\u00fd podpis a v\u00e1\u0161 ob\u010diansky preukaz si preto potrebujete vymeni\u0165, spr\u00e1vny poplatok za jeho v\u00fdmenu je sedem eur,\u201c ozrejmil.<\/p>\n<p>Platnos\u0165 certifik\u00e1tov pre kvalifikovan\u00fd elektronick\u00fd podpis v ob\u010dianskych preukazoch vydan\u00fdch pred 30. j\u00fanom 2021 sa skon\u010dila 31. decembra 2022.<\/p>\n","protected":false},"excerpt":{"rendered":"T\u00fdka sa to dokladov vydan\u00fdch v t\u00fdchto rokoch. 2. 9. 2026 09:39:50 Aktualizovan\u00e9: 2. 9. 2026 13:46:00 Odlo\u017e&hellip;\n","protected":false},"author":2,"featured_media":168679,"comment_status":"","ping_status":"","sticky":false,"template":"","format":"standard","meta":{"footnotes":"","_share_on_mastodon":"0"},"categories":[6],"tags":[525,43,40,44,39,42,45,41,1012],"class_list":["post-168678","post","type-post","status-publish","format-standard","has-post-thumbnail","category-slovensko","tag-policia","tag-sk","tag-slovak","tag-slovak-republic","tag-slovakia","tag-slovencina","tag-slovenska-republika","tag-slovensko","tag-video"],"share_on_mastodon":{"url":"https:\/\/pubeurope.com\/@sk\/117203168635632508","error":""},"_links":{"self":[{"href":"https:\/\/www.europesays.com\/sk\/wp-json\/wp\/v2\/posts\/168678","targetHints":{"allow":["GET"]}}],"collection":[{"href":"https:\/\/www.europesays.com\/sk\/wp-json\/wp\/v2\/posts"}],"about":[{"href":"https:\/\/www.europesays.com\/sk\/wp-json\/wp\/v2\/types\/post"}],"author":[{"embeddable":true,"href":"https:\/\/www.europesays.com\/sk\/wp-json\/wp\/v2\/users\/2"}],"replies":[{"embeddable":true,"href":"https:\/\/www.europesays.com\/sk\/wp-json\/wp\/v2\/comments?post=168678"}],"version-history":[{"count":0,"href":"https:\/\/www.europesays.com\/sk\/wp-json\/wp\/v2\/posts\/168678\/revisions"}],"wp:featuredmedia":[{"embeddable":true,"href":"https:\/\/www.europesays.com\/sk\/wp-json\/wp\/v2\/media\/168679"}],"wp:attachment":[{"href":"https:\/\/www.europesays.com\/sk\/wp-json\/wp\/v2\/media?parent=168678"}],"wp:term":[{"taxonomy":"category","embeddable":true,"href":"https:\/\/www.europesays.com\/sk\/wp-json\/wp\/v2\/categories?post=168678"},{"taxonomy":"post_tag","embeddable":true,"href":"https:\/\/www.europesays.com\/sk\/wp-json\/wp\/v2\/tags?post=168678"}],"curies":[{"name":"wp","href":"https:\/\/api.w.org\/{rel}","templated":true}]}}