{"id":168696,"date":"2026-09-02T20:02:11","date_gmt":"2026-09-02T20:02:11","guid":{"rendered":"https:\/\/www.europesays.com\/sk\/168696\/"},"modified":"2026-09-02T20:02:11","modified_gmt":"2026-09-02T20:02:11","slug":"tragicky-vecer-v-bratislave-43-rocny-muz-zomrel-po-pade-z-okna","status":"publish","type":"post","link":"https:\/\/www.europesays.com\/sk\/168696\/","title":{"rendered":"Tragick\u00fd ve\u010der v Bratislave: 43-ro\u010dn\u00fd mu\u017e zomrel po p\u00e1de z okna"},"content":{"rendered":"<p data-start=\"262\" data-end=\"417\">Policajti Okresn\u00e9ho riadite\u013estva Policajn\u00e9ho zboru v Bratislave IV preveruj\u00fa okolnosti udalosti, ku ktorej do\u0161lo kr\u00e1tko pred 18.00 h na ulici Pavla Horova. Pod\u013ea <a href=\"https:\/\/www.facebook.com\/KRPZBA\/posts\/pfbid02hzZwv4vrDSLstYMAchHFmbdMTGSPM1qLMb3VuXEczFcweuCzpgEBmvyjBHAWh8iVl?locale=sk_SK\" target=\"_blank\" rel=\"nofollow noopener\">doteraj\u0161\u00edch inform\u00e1ci\u00ed<\/a> mal 43-ro\u010dn\u00fd mu\u017e spadn\u00fa\u0165 z okna jedn\u00e9ho z poschod\u00ed obytn\u00e9ho domu. Pri p\u00e1de utrpel zranenia, ktor\u00fdm na mieste pod\u013eahol.<\/p>\n<p>    <a href=\"https:\/\/www.noviny.sk\/krimi\/1246587-hra-na-schovavacku-skoncila-tragicky-dievca-13-zahynulo-po-pade-do-vytahovej-sachty\" class=\"img\" rel=\"nofollow noopener\" target=\"_blank\"><br \/>\n        <img decoding=\"async\" class=\"lazyload \" src=\"https:\/\/www.europesays.com\/sk\/wp-content\/uploads\/2026\/09\/7d84b7a7-d967-4963-b4f7-27bf2e9bff21.png\" alt=\"Hra na schov\u00e1va\u010dku skon\u010dila tragicky. Diev\u010da (\u202013) zahynulo po p\u00e1de do v\u00fd\u0165ahovej \u0161achty\" title=\"Hra na schov\u00e1va\u010dku skon\u010dila tragicky. Diev\u010da (\u202013) zahynulo po p\u00e1de do v\u00fd\u0165ahovej \u0161achty\"\/><br \/>\n    <\/a><\/p>\n<p>Pre\u010d\u00edtajte si tie\u017e<\/p>\n<p>            <a href=\"https:\/\/www.noviny.sk\/krimi\/1246587-hra-na-schovavacku-skoncila-tragicky-dievca-13-zahynulo-po-pade-do-vytahovej-sachty\" rel=\"nofollow noopener\" target=\"_blank\"><br \/>\n                Hra na schov\u00e1va\u010dku skon\u010dila tragicky. Diev\u010da (\u202013) zahynulo po p\u00e1de do v\u00fd\u0165ahovej \u0161achty<br \/>\n            <\/a><\/p>\n<p>Pr\u00edpad vy\u0161etruje pol\u00edcia<\/p>\n<p data-start=\"262\" data-end=\"417\">Bratislavsk\u00fd krajsk\u00fd policajn\u00fd hovorca Michal Szeiff uviedol, \u017ee bli\u017e\u0161ie okolnosti tragickej udalosti s\u00fa predmetom vy\u0161etrovania. Pol\u00edcia preto zatia\u013e \u010fal\u0161ie podrobnosti k pr\u00edpadu neposkytla.<\/p>\n","protected":false},"excerpt":{"rendered":"Policajti Okresn\u00e9ho riadite\u013estva Policajn\u00e9ho zboru v Bratislave IV preveruj\u00fa okolnosti udalosti, ku ktorej do\u0161lo kr\u00e1tko pred 18.00 h&hellip;\n","protected":false},"author":2,"featured_media":168697,"comment_status":"","ping_status":"","sticky":false,"template":"","format":"standard","meta":{"footnotes":"","_share_on_mastodon":"0"},"categories":[21],"tags":[136,3815,525,43,40,39,42,41,729],"class_list":["post-168696","post","type-post","status-publish","format-standard","has-post-thumbnail","category-bratislava","tag-bratislava","tag-pad","tag-policia","tag-sk","tag-slovak","tag-slovakia","tag-slovencina","tag-slovensko","tag-tragedia"],"share_on_mastodon":{"url":"https:\/\/pubeurope.com\/@sk\/117203235429704761","error":""},"_links":{"self":[{"href":"https:\/\/www.europesays.com\/sk\/wp-json\/wp\/v2\/posts\/168696","targetHints":{"allow":["GET"]}}],"collection":[{"href":"https:\/\/www.europesays.com\/sk\/wp-json\/wp\/v2\/posts"}],"about":[{"href":"https:\/\/www.europesays.com\/sk\/wp-json\/wp\/v2\/types\/post"}],"author":[{"embeddable":true,"href":"https:\/\/www.europesays.com\/sk\/wp-json\/wp\/v2\/users\/2"}],"replies":[{"embeddable":true,"href":"https:\/\/www.europesays.com\/sk\/wp-json\/wp\/v2\/comments?post=168696"}],"version-history":[{"count":0,"href":"https:\/\/www.europesays.com\/sk\/wp-json\/wp\/v2\/posts\/168696\/revisions"}],"wp:featuredmedia":[{"embeddable":true,"href":"https:\/\/www.europesays.com\/sk\/wp-json\/wp\/v2\/media\/168697"}],"wp:attachment":[{"href":"https:\/\/www.europesays.com\/sk\/wp-json\/wp\/v2\/media?parent=168696"}],"wp:term":[{"taxonomy":"category","embeddable":true,"href":"https:\/\/www.europesays.com\/sk\/wp-json\/wp\/v2\/categories?post=168696"},{"taxonomy":"post_tag","embeddable":true,"href":"https:\/\/www.europesays.com\/sk\/wp-json\/wp\/v2\/tags?post=168696"}],"curies":[{"name":"wp","href":"https:\/\/api.w.org\/{rel}","templated":true}]}}