{"id":168714,"date":"2026-09-02T20:23:14","date_gmt":"2026-09-02T20:23:14","guid":{"rendered":"https:\/\/www.europesays.com\/sk\/168714\/"},"modified":"2026-09-02T20:23:14","modified_gmt":"2026-09-02T20:23:14","slug":"sk-slovan-bratislava-posilnil-sahmkou-camara-zo-slavie-praha","status":"publish","type":"post","link":"https:\/\/www.europesays.com\/sk\/168714\/","title":{"rendered":"\u0160K Slovan Bratislava posilnil Sahmkou Camara zo Slavie Praha"},"content":{"rendered":"<p>Futbalistov slovensk\u00e9ho majstra \u0160K Slovan Bratislava z uplynulej sez\u00f3ny po postupe do ligovej f\u00e1zy Ligy majstrov posilnil 23-ro\u010dn\u00fd guinejsk\u00fd obranca Sahmkou Camara. Do Bratislavy prich\u00e1dza na ro\u010dn\u00e9 hos\u0165ovanie z t\u00edmu \u010desk\u00e9ho majstra SK Slavia Praha.<\/p>\n<p>Camara je \u010dlenom \u0161ir\u0161ieho k\u00e1dra reprezent\u00e1cie africkej Guiney. V minulosti zo Slavie hos\u0165oval v Karvinej, predt\u00fdm si obliekal dresy \u0161vaj\u010diarskeho klubu FC Stade Lausanne Ouchy \u010di franc\u00fazskeho klubu Pays de Grasse. <\/p>\n<p>\u201eNa\u0161ou prioritou bolo e\u0161te do uz\u00e1vierky s\u00fapisiek na Ligu majstrov roz\u0161\u00edri\u0165 mo\u017enosti pre tr\u00e9nera v r\u00e1mci defenz\u00edvnej form\u00e1cie. Sahmkou Camara je mlad\u00fd, modern\u00fd stredn\u00fd obranca s ve\u013emi zauj\u00edmav\u00fdmi parametrami, m\u00e1me ho nasledovan\u00e9ho v r\u00e1mci z\u00e1pasov \u010deskej ligy. <\/p>\n<p>M\u00f4\u017ee n\u00e1m pom\u00f4c\u0165 e\u0161te skvalitni\u0165 obrann\u00fa l\u00edniu a prinies\u0165 tam viac alternat\u00edv. Som ve\u013emi r\u00e1d, \u017ee sme v z\u00e1vere transferov\u00e9ho okna zrealizovali tento pr\u00edchod, a dohodli sme sa so Slaviou na ro\u010dnom hos\u0165ovan\u00ed. Ver\u00edm, \u017ee Sahmkou Camara n\u00e1m pom\u00f4\u017ee pri ve\u013ekom mno\u017estve z\u00e1pasov, ktor\u00e9 n\u00e1s \u010dakaj\u00fa,\u201c uviedol pre medi\u00e1lne kan\u00e1ly Slovana gener\u00e1lny riadite\u013e Ivan Kmotr\u00edk ml. <\/p>\n<p>Camara sa v letn\u00fdch pr\u00edpravn\u00fdch dueloch za Slaviu uk\u00e1zal v pozit\u00edvnom svetle, zatia\u013e v\u0161ak \u010dakal na v\u00fdraznej\u0161\u00ed prienik v prvom t\u00edme. <\/p>\n<p><a class=\"news-item-image\" target=\"_self\" href=\"https:\/\/sport.aktuality.sk\/futbal\/clanok\/video-leo-hofstadter-po-chrenova-slovan-bratislava-2026090219391046613\" rel=\"nofollow noopener\"><img alt=\"Talent Slovana za\u017eil rozpr\u00e1vkov\u00fd ve\u010der s kapit\u00e1nskou p\u00e1skou: Je\u017e? Nepozn\u00e1m ich hr\u00e1\u010dov, bavil\" src=\"data:image\/gif;base64,R0lGODlhAQABAIAAAAAAAP\/\/\/yH5BAEAAAAALAAAAAABAAEAAAIBRAA7\" decoding=\"async\" data-nimg=\"responsive\" class=\"side-article\" style=\"position:absolute;top:0;left:0;bottom:0;right:0;box-sizing:border-box;padding:0;border:none;margin:auto;display:block;width:0;height:0;min-width:100%;max-width:100%;min-height:100%;max-height:100%\"\/><img alt=\"Talent Slovana za\u017eil rozpr\u00e1vkov\u00fd ve\u010der s kapit\u00e1nskou p\u00e1skou: Je\u017e? Nepozn\u00e1m ich hr\u00e1\u010dov, bavil\" src=\"https:\/\/www.europesays.com\/sk\/wp-content\/uploads\/2026\/09\/30b6ee9c-6fc4-44c2-b255-6ffff7cd83d3.png\" decoding=\"async\" data-nimg=\"responsive\" style=\"position:absolute;top:0;left:0;bottom:0;right:0;box-sizing:border-box;padding:0;border:none;margin:auto;display:block;width:0;height:0;min-width:100%;max-width:100%;min-height:100%;max-height:100%\" class=\"side-article\" loading=\"lazy\"\/><\/a><\/p>\n<p class=\"news-item-description\">V janu\u00e1ri by tak\u00fdto scen\u00e1r nenap\u00edsal ani v najodv\u00e1\u017enej\u0161om sne. E\u0161te ned\u00e1vno dost\u00e1val min\u00faty v dorasteneckej dev\u00e4tn\u00e1stke \u010di rezerve, no v poh\u00e1rovom z\u00e1pase Slovnaft Cupu proti Chrenovej (0:8) za\u017eila 16-ro\u010dn\u00e1 n\u00e1dej \u0160K Slovan Bratislava Leo Hofst\u00e4dter ve\u010der, na ktor\u00fd do konca \u017eivota nezabudne. Strelil svoje prv\u00e9 dva g\u00f3ly za \u00e1\u010dko a z\u00e1pas dokonca dohr\u00e1val s kapit\u00e1nskou p\u00e1skou na ruk\u00e1ve.<\/p>\n<p>\u201eSom ve\u013emi \u0161\u0165astn\u00fd, \u017ee budem nosi\u0165 dres Slovana Bratislava, ve\u013ek\u00e9ho klubu, ktor\u00fd sa druh\u00fdkr\u00e1t v kr\u00e1tkom \u010dase prebojoval do Ligy majstrov. Chcem fan\u00fa\u0161ikom uk\u00e1za\u0165, \u010do vo mne je a naplno sa chopi\u0165 tejto pr\u00edle\u017eitosti. \u00a0\u00a0\u00a0\u00a0\u00a0<\/p>\n<p>\u010cak\u00e1 n\u00e1s Liga majstrov, dom\u00e1ca s\u00fa\u0165a\u017e i poh\u00e1r, \u010di\u017ee mno\u017estvo z\u00e1pasov a nesmierne sa na to v\u0161etko te\u0161\u00edm. V hre sa sna\u017e\u00edm vyu\u017e\u00edva\u0165 svoju r\u00fdchlos\u0165 i v\u00fd\u0161ku, r\u00e1d vyhr\u00e1vam osobn\u00e9 s\u00faboje. U\u017e sa neviem do\u010dka\u0165 svojho prv\u00e9ho \u0161tartu v tomto drese,\u201c povedal rod\u00e1k z Par\u00ed\u017ea, kde sa u\u017e bud\u00faci t\u00fd\u017ede\u0148 predstav\u00ed Slovan v prvom z\u00e1pase v hlavnej f\u00e1ze Ligy majstrov. \u00a0\u00a0\u00a0<\/p>\n<p>Belas\u00ed od\u0161tartuj\u00fa hlavn\u00fa f\u00e1zu Ligy majstrov u\u017e bud\u00faci t\u00fd\u017ede\u0148 z\u00e1pasom na p\u00f4de obhajcu trofeje Par\u00ed\u017ea St. Germain. <\/p>\n","protected":false},"excerpt":{"rendered":"Futbalistov slovensk\u00e9ho majstra \u0160K Slovan Bratislava z uplynulej sez\u00f3ny po postupe do ligovej f\u00e1zy Ligy majstrov posilnil 23-ro\u010dn\u00fd&hellip;\n","protected":false},"author":2,"featured_media":168715,"comment_status":"","ping_status":"","sticky":false,"template":"","format":"standard","meta":{"footnotes":"","_share_on_mastodon":"0"},"categories":[13],"tags":[4352,46621,8054,153,43,4679,152,40,39,42,41,69,68],"class_list":["post-168714","post","type-post","status-publish","format-standard","has-post-thumbnail","category-sport","tag-chance-liga","tag-guinea","tag-liga-majstrov-uefa","tag-nike-liga","tag-sk","tag-sk-slavia-praha","tag-sk-slovan-bratislava","tag-slovak","tag-slovakia","tag-slovencina","tag-slovensko","tag-sport","tag-sports"],"share_on_mastodon":{"url":"https:\/\/pubeurope.com\/@sk\/117203317996028711","error":""},"_links":{"self":[{"href":"https:\/\/www.europesays.com\/sk\/wp-json\/wp\/v2\/posts\/168714","targetHints":{"allow":["GET"]}}],"collection":[{"href":"https:\/\/www.europesays.com\/sk\/wp-json\/wp\/v2\/posts"}],"about":[{"href":"https:\/\/www.europesays.com\/sk\/wp-json\/wp\/v2\/types\/post"}],"author":[{"embeddable":true,"href":"https:\/\/www.europesays.com\/sk\/wp-json\/wp\/v2\/users\/2"}],"replies":[{"embeddable":true,"href":"https:\/\/www.europesays.com\/sk\/wp-json\/wp\/v2\/comments?post=168714"}],"version-history":[{"count":0,"href":"https:\/\/www.europesays.com\/sk\/wp-json\/wp\/v2\/posts\/168714\/revisions"}],"wp:featuredmedia":[{"embeddable":true,"href":"https:\/\/www.europesays.com\/sk\/wp-json\/wp\/v2\/media\/168715"}],"wp:attachment":[{"href":"https:\/\/www.europesays.com\/sk\/wp-json\/wp\/v2\/media?parent=168714"}],"wp:term":[{"taxonomy":"category","embeddable":true,"href":"https:\/\/www.europesays.com\/sk\/wp-json\/wp\/v2\/categories?post=168714"},{"taxonomy":"post_tag","embeddable":true,"href":"https:\/\/www.europesays.com\/sk\/wp-json\/wp\/v2\/tags?post=168714"}],"curies":[{"name":"wp","href":"https:\/\/api.w.org\/{rel}","templated":true}]}}