{"id":168814,"date":"2026-09-02T22:03:11","date_gmt":"2026-09-02T22:03:11","guid":{"rendered":"https:\/\/www.europesays.com\/sk\/168814\/"},"modified":"2026-09-02T22:03:11","modified_gmt":"2026-09-02T22:03:11","slug":"v-cesku-vyrastie-najvacsia-hokejova-arena-na-svete-prekona-aj-legendarny-bell-centre","status":"publish","type":"post","link":"https:\/\/www.europesays.com\/sk\/168814\/","title":{"rendered":"V \u010cesku vyrastie najv\u00e4\u010d\u0161ia hokejov\u00e1 ar\u00e9na na svete: Prekon\u00e1 aj legend\u00e1rny Bell Centre"},"content":{"rendered":"<p>\u010cesk\u00e9 Pardubice sa m\u00f4\u017eu v bud\u00facnosti p\u00fd\u0161i\u0165 najv\u00e4\u010d\u0161ou hokejovou ar\u00e9nou na svete.\u00a0<\/p>\n<p>Skupina DD Invest v\u00e4\u010d\u0161inov\u00e9ho majite\u013ea Dynama Pardubice Petra D\u011bdka z\u00edskala k\u013e\u00fa\u010dov\u00e9 povolenie na v\u00fdstavbu rozsiahleho multifunk\u010dn\u00e9ho komplexu. Nov\u00e1 hala m\u00e1 po\u010das hokejov\u00fdch z\u00e1pasov poja\u0165 a\u017e\u00a022 268 div\u00e1kov, pri koncertoch dokonca 25-tis\u00edc.<\/p>\n<p>odpor\u00fa\u010dame tie\u017e:<\/p>\n<p><a href=\"https:\/\/sport7.dnes24.sk\/209106\/opusti-dominik-takac-na-poslednu-chvilu-slovan\" hreflang=\"sk\" rel=\"nofollow noopener\" target=\"_blank\"><img loading=\"lazy\" decoding=\"async\" src=\"https:\/\/www.europesays.com\/sk\/wp-content\/uploads\/2026\/09\/4622229.jpg\" width=\"270\" height=\"138\" alt=\"Dominik Tak\u00e1\u010d (SITA)\" typeof=\"foaf:Image\" class=\"img-responsive\"\/><\/a><\/p>\n<p>Pl\u00e1novanou kapacitou by Pardubice prekonali aj najv\u00e4\u010d\u0161ie svetov\u00e9 hokejov\u00e9 st\u00e1nky. Viac miest by pon\u00fakli ne\u017e Bell Centre v Montreale s kapacitou 21 105 div\u00e1kov \u010di nov\u00e1 ar\u00e9na v Petrohrade pre 21 542 fan\u00fa\u0161ikov.\u00a0Projekt m\u00e1 by\u0165 financovan\u00fd v\u00fdhradne zo s\u00fakromn\u00fdch zdrojov bez pou\u017eitia verejn\u00fdch financi\u00ed.<\/p>\n<p>Nejde pritom iba o samotn\u00fa hlavn\u00fa ar\u00e9nu. S\u00fa\u010das\u0165ou komplexu m\u00e1 by\u0165\u00a0men\u0161ia tr\u00e9ningov\u00e1 hala pre 2 800 div\u00e1kov, hotel, kongresov\u00e9 priestory, wellness \u010di parkovac\u00ed dom pre viac ako dvetis\u00edc vozidiel. Investor z\u00e1rove\u0148 pl\u00e1nuje revitalizova\u0165 rozsiahlu \u010diernu skl\u00e1dku, z ktorej m\u00e1 by\u0165 odstr\u00e1nen\u00fdch pribli\u017ene 500-tis\u00edc ton odpadu.<\/p>\n","protected":false},"excerpt":{"rendered":"\u010cesk\u00e9 Pardubice sa m\u00f4\u017eu v bud\u00facnosti p\u00fd\u0161i\u0165 najv\u00e4\u010d\u0161ou hokejovou ar\u00e9nou na svete.\u00a0 Skupina DD Invest v\u00e4\u010d\u0161inov\u00e9ho majite\u013ea Dynama&hellip;\n","protected":false},"author":2,"featured_media":168815,"comment_status":"","ping_status":"","sticky":false,"template":"","format":"standard","meta":{"footnotes":"","_share_on_mastodon":"0"},"categories":[13],"tags":[48000,3903,43,40,39,42,41,69,68],"class_list":["post-168814","post","type-post","status-publish","format-standard","has-post-thumbnail","category-sport","tag-bell-centre","tag-hc-dynamo-pardubice","tag-sk","tag-slovak","tag-slovakia","tag-slovencina","tag-slovensko","tag-sport","tag-sports"],"share_on_mastodon":{"url":"https:\/\/pubeurope.com\/@sk\/117203711087757615","error":""},"_links":{"self":[{"href":"https:\/\/www.europesays.com\/sk\/wp-json\/wp\/v2\/posts\/168814","targetHints":{"allow":["GET"]}}],"collection":[{"href":"https:\/\/www.europesays.com\/sk\/wp-json\/wp\/v2\/posts"}],"about":[{"href":"https:\/\/www.europesays.com\/sk\/wp-json\/wp\/v2\/types\/post"}],"author":[{"embeddable":true,"href":"https:\/\/www.europesays.com\/sk\/wp-json\/wp\/v2\/users\/2"}],"replies":[{"embeddable":true,"href":"https:\/\/www.europesays.com\/sk\/wp-json\/wp\/v2\/comments?post=168814"}],"version-history":[{"count":0,"href":"https:\/\/www.europesays.com\/sk\/wp-json\/wp\/v2\/posts\/168814\/revisions"}],"wp:featuredmedia":[{"embeddable":true,"href":"https:\/\/www.europesays.com\/sk\/wp-json\/wp\/v2\/media\/168815"}],"wp:attachment":[{"href":"https:\/\/www.europesays.com\/sk\/wp-json\/wp\/v2\/media?parent=168814"}],"wp:term":[{"taxonomy":"category","embeddable":true,"href":"https:\/\/www.europesays.com\/sk\/wp-json\/wp\/v2\/categories?post=168814"},{"taxonomy":"post_tag","embeddable":true,"href":"https:\/\/www.europesays.com\/sk\/wp-json\/wp\/v2\/tags?post=168814"}],"curies":[{"name":"wp","href":"https:\/\/api.w.org\/{rel}","templated":true}]}}