{"id":168840,"date":"2026-09-02T22:36:14","date_gmt":"2026-09-02T22:36:14","guid":{"rendered":"https:\/\/www.europesays.com\/sk\/168840\/"},"modified":"2026-09-02T22:36:14","modified_gmt":"2026-09-02T22:36:14","slug":"pri-nehode-v-poprade-zahynul-mlady-marek-otec-dvoch-deti","status":"publish","type":"post","link":"https:\/\/www.europesays.com\/sk\/168840\/","title":{"rendered":"Pri nehode v Poprade zahynul mlad\u00fd Marek, otec dvoch det\u00ed"},"content":{"rendered":"<p class=\"article-perex\" itemprop=\"description\" style=\"font-weight: bold; font-style: italic;\">&#13;<br \/>\n                                                            Pri \u010delnej zr\u00e1\u017eke na \u0160tef\u00e1nikovej ulici v Poprade zahynul 49-ro\u010dn\u00fd motocyklista, otec dvoch mal\u00fdch det\u00ed. Presn\u00e9 okolnosti nehody pol\u00edcia na\u010falej vy\u0161etruje.                                                        <\/p>\n<p>V prv\u00fd septembrov\u00fd de\u0148 do\u0161lo v Poprade na \u0160tef\u00e1nikovej ulici k v\u00e1\u017enej dopravnej <a href=\"https:\/\/www.presovak.sk\/temy\/dopravna-nehoda\" class=\"link-tag\" style=\"\" rel=\"nofollow noopener\" target=\"_blank\">nehode<\/a>, pri ktorej pri\u0161iel o \u017eivot 49-ro\u010dn\u00fd motocyklista. <a href=\"https:\/\/www.presovak.sk\/temy\/umrtie\" class=\"link-tag\" style=\"\" rel=\"nofollow noopener\" target=\"_blank\">Zomrel<\/a> otec dvoch mal\u00fdch det\u00ed Marek, ktor\u00fd mal \u017eivot pred sebou. <\/p>\n<p>Informoval o tom <a href=\"https:\/\/www.presovak.sk\/temy\/tomas-taraba\" class=\"link-tag\" style=\"\" rel=\"nofollow noopener\" target=\"_blank\">poslanec<\/a> NR SR Franti\u0161ek Majersk\u00fd: \u201eJeden skvel\u00fd otec sa <a href=\"https:\/\/www.presovak.sk\/temy\/nehnutelnosti\" class=\"link-tag\" style=\"\" rel=\"nofollow noopener\" target=\"_blank\">domov<\/a> nevr\u00e1til. Mlad\u00fd \u010dlovek. Otec dvoch mal\u00fdch det\u00ed. \u010clovek, ktor\u00fd mal svoj \u017eivot, svoju rodinu, svoje pl\u00e1ny. A dnes je po v\u0161etkom.\u201c<\/p>\n<p>Majersk\u00fd upozor\u0148uje na koment\u00e1re pod pr\u00edspevkom o tejto tragickej nehode. \u201e<a href=\"https:\/\/www.presovak.sk\/temy\/sudy\" class=\"link-tag\" style=\"\" rel=\"nofollow noopener\" target=\"_blank\">S\u00fady<\/a>, dohady, m\u00fadre re\u010di a koment\u00e1re \u013eud\u00ed, ktor\u00ed nevedia absol\u00fatne ni\u010d. Spam\u00e4tajte sa u\u017e kone\u010dne,\u201c uviedol v pr\u00edspevku. <\/p>\n<p>Zd\u00f4raz\u0148uje, \u017ee nepozn\u00e1me ka\u017ed\u00fd pr\u00edbeh a nemus\u00edme sa vyjadri\u0165 ku ka\u017edej udalosti. Mysl\u00ed si, \u017ee nem\u00e1me pr\u00e1vo robi\u0165 si z cudzieho ne\u0161\u0165astia verejn\u00fd priestor na svoje domnienky a m\u00fadrosti.<\/p>\n<p>\u201eNemus\u00edte ma\u0165 n\u00e1zor. Nemus\u00edte vedie\u0165 v\u0161etko. Sta\u010d\u00ed by\u0165 \u010dlovekom. Dnes sa jeden otec domov nevr\u00e1til. A namiesto \u0161pekul\u00e1ci\u00ed by mo\u017eno sta\u010dilo poveda\u0165: Je mi to ve\u013emi \u013e\u00fato. \u00daprimn\u00fa s\u00fastras\u0165 jeho rodine,\u201c doplnil na z\u00e1ver.<\/p>\n<p>Dojemn\u00fd odkaz<\/p>\n<p>Na soci\u00e1lnej sieti sa k tejto obrovskej trag\u00e9dii vyjadril teol\u00f3g Peter Matis, ktor\u00fd Mareka poznal osobne. \u201eDnes r\u00e1no si odi\u0161iel a ja m\u00e1m st\u00e1le pocit, \u017ee to nem\u00f4\u017ee by\u0165 pravda. \u017de sa e\u0161te stretneme, zavol\u00e1me si, nie\u010do spolu vymysl\u00edme alebo budeme pokra\u010dova\u0165 tam, kde sme naposledy skon\u010dili. \u0164a\u017eko sa mi h\u013eadaj\u00fa slov\u00e1. Spoznali sme sa e\u0161te v mojej b\u00fdvalej farnosti, vlastne skrze Tvoju p\u00e1lenicu. Je zvl\u00e1\u0161tne, ako r\u00fdchlo sme sa skamar\u00e1tili. Akoby sme sa poznali ove\u013ea dlh\u0161ie,\u201c spom\u00edna.<\/p>\n<p>Marekovi \u010fakuje za stretnutia, pomoc, rozhovory a nezabudnute\u013en\u00e9 spolo\u010dn\u00e9 chv\u00edle. Spom\u00edna aj na posledn\u00e9 stretnutie, na ktorom pl\u00e1novali veci, ktor\u00e9 chceli urobi\u0165 a dotiahnu\u0165. <\/p>\n<p>\u201eNikto z n\u00e1s ner\u00e1tal s t\u00fdm, \u017ee je posledn\u00e9. Mo\u017eno ich raz vo ve\u010dnosti spolu predsa len dotiahneme. Ty si v\u017edy vedel v\u0161etko vybavi\u0165. Tak \u0164a teraz ve\u013emi pros\u00edm \u2013 zburcuj cel\u00e9 nebo za svoju rodinu. My tu na zemi budeme chcie\u0165 pri nich st\u00e1\u0165 a by\u0165 im nabl\u00edzku, ale \u013eudsk\u00e1 sila je v tak\u00fdchto chv\u00ed\u013each ve\u013emi slab\u00e1. U\u017e len svetlo viery n\u00e1m m\u00f4\u017ee da\u0165 odvahu vidie\u0165 \u010falej, ne\u017e dovid\u00edme dnes. Marek, \u010fakujem Ti za priate\u013estvo. Za v\u0161etko.\u201c<\/p>\n<p>\u010celn\u00fa zr\u00e1\u017eku nemal \u0161ancu pre\u017ei\u0165<\/p>\n<p>Pri nehode mal 28-ro\u010dn\u00fd vodi\u010d osobn\u00e9ho auta prejs\u0165 do protismeru, kde sa \u010delne zrazil s motocyklistom. Dychov\u00e1 <a href=\"https:\/\/www.presovak.sk\/temy\/maturantie\" class=\"link-tag\" style=\"\" rel=\"nofollow noopener\" target=\"_blank\">sk\u00fa\u0161ka<\/a> u vodi\u010da a skr\u00edningov\u00fd test na psychotropn\u00e9 l\u00e1tky boli negat\u00edvne. <\/p>\n<p>\u201ePresn\u00e9 okolnosti, pr\u00ed\u010dina a miera zavinenia dopravnej nehody s\u00fa na\u010falej predmetom vy\u0161etrovania,\u201c doplnila krajsk\u00e1 <a href=\"https:\/\/www.presovak.sk\/temy\/vlamacka\" class=\"link-tag\" style=\"\" rel=\"nofollow noopener\" target=\"_blank\">pol\u00edcia<\/a>. <\/p>\n<p>Pou\u017e\u00edvatelia s Franti\u0161kom Majersk\u00fdm s\u00fahlasia, myslia si, \u017ee sa na soci\u00e1lnych sie\u0165ach nemus\u00edme vyjadrova\u0165 ku v\u0161etk\u00e9mu. \u201eJe mi to ve\u013emi \u013e\u00fato. \u00daprimn\u00fa s\u00fastras\u0165 celej rodinke,\u201c doplnila Anna. <\/p>\n","protected":false},"excerpt":{"rendered":"&#13; Pri \u010delnej zr\u00e1\u017eke na \u0160tef\u00e1nikovej ulici v Poprade zahynul 49-ro\u010dn\u00fd motocyklista, otec dvoch mal\u00fdch det\u00ed. Presn\u00e9 okolnosti&hellip;\n","protected":false},"author":2,"featured_media":168841,"comment_status":"","ping_status":"","sticky":false,"template":"","format":"standard","meta":{"footnotes":"","_share_on_mastodon":"0"},"categories":[32],"tags":[761,34,37,3041,762,764,535,760,33,763,453,525,3042,43,40,39,42,41,36,38,35,766,765,302],"class_list":["post-168840","post","type-post","status-publish","format-standard","has-post-thumbnail","category-spravy","tag-drogy","tag-headlines","tag-hlavne-spravy","tag-krimi-presov","tag-lupez","tag-naka","tag-nehoda","tag-nehody","tag-news","tag-pachatel","tag-patranie","tag-policia","tag-presovske-krimi","tag-sk","tag-slovak","tag-slovakia","tag-slovencina","tag-slovensko","tag-spravy","tag-titulky","tag-top-stories","tag-vrazda","tag-zadrzanie","tag-zlodeji"],"share_on_mastodon":{"url":"https:\/\/pubeurope.com\/@sk\/117203840740316732","error":""},"_links":{"self":[{"href":"https:\/\/www.europesays.com\/sk\/wp-json\/wp\/v2\/posts\/168840","targetHints":{"allow":["GET"]}}],"collection":[{"href":"https:\/\/www.europesays.com\/sk\/wp-json\/wp\/v2\/posts"}],"about":[{"href":"https:\/\/www.europesays.com\/sk\/wp-json\/wp\/v2\/types\/post"}],"author":[{"embeddable":true,"href":"https:\/\/www.europesays.com\/sk\/wp-json\/wp\/v2\/users\/2"}],"replies":[{"embeddable":true,"href":"https:\/\/www.europesays.com\/sk\/wp-json\/wp\/v2\/comments?post=168840"}],"version-history":[{"count":0,"href":"https:\/\/www.europesays.com\/sk\/wp-json\/wp\/v2\/posts\/168840\/revisions"}],"wp:featuredmedia":[{"embeddable":true,"href":"https:\/\/www.europesays.com\/sk\/wp-json\/wp\/v2\/media\/168841"}],"wp:attachment":[{"href":"https:\/\/www.europesays.com\/sk\/wp-json\/wp\/v2\/media?parent=168840"}],"wp:term":[{"taxonomy":"category","embeddable":true,"href":"https:\/\/www.europesays.com\/sk\/wp-json\/wp\/v2\/categories?post=168840"},{"taxonomy":"post_tag","embeddable":true,"href":"https:\/\/www.europesays.com\/sk\/wp-json\/wp\/v2\/tags?post=168840"}],"curies":[{"name":"wp","href":"https:\/\/api.w.org\/{rel}","templated":true}]}}