{"id":168846,"date":"2026-09-02T22:49:07","date_gmt":"2026-09-02T22:49:07","guid":{"rendered":"https:\/\/www.europesays.com\/sk\/168846\/"},"modified":"2026-09-02T22:49:07","modified_gmt":"2026-09-02T22:49:07","slug":"aktualne-narocny-zasah-hasicov-v-areali-druzstva-vypukol-vacsi-poziar","status":"publish","type":"post","link":"https:\/\/www.europesays.com\/sk\/168846\/","title":{"rendered":"AKTU\u00c1LNE N\u00e1ro\u010dn\u00fd z\u00e1sah hasi\u010dov: V are\u00e1li dru\u017estva vypukol v\u00e4\u010d\u0161\u00ed po\u017eiar"},"content":{"rendered":"<p>NAH\u00c1\u010c &#8211; V obci Nah\u00e1\u010d v okrese Trnava zasahuj\u00fa v stredu ve\u010der hasi\u010di pri po\u017eiari v are\u00e1li dru\u017estva. Informuj\u00fa o tom dobrovo\u013en\u00ed hasi\u010di z Chtelnice na soci\u00e1lnej sieti s t\u00fdm, \u017ee ide o n\u00e1ro\u010dn\u00fd z\u00e1sah.<\/p>\n<p>&#8222;Na\u0161i \u010dlenovia sa aktu\u00e1lne pres\u00favaj\u00fa na miesto vzniku v\u00e4\u010d\u0161ieho po\u017eiaru v katastri obce Nah\u00e1\u010d za \u00fa\u010delom vytvorenia z\u00e1sobovacieho bodu pre nasaden\u00fdch hasi\u010dov. S\u00fa\u010dasne na miesto smeruje aj n\u00e1\u0161 dron,&#8220; informovala na soci\u00e1lnej sieti Dobrovo\u013en\u00e1 civiln\u00e1 ochrana.<\/p>\n","protected":false},"excerpt":{"rendered":"NAH\u00c1\u010c &#8211; V obci Nah\u00e1\u010d v okrese Trnava zasahuj\u00fa v stredu ve\u010der hasi\u010di pri po\u017eiari v are\u00e1li dru\u017estva.&hellip;\n","protected":false},"author":2,"featured_media":168847,"comment_status":"","ping_status":"","sticky":false,"template":"","format":"standard","meta":{"footnotes":"","_share_on_mastodon":"0"},"categories":[6],"tags":[48001,28131,147,43,40,44,39,42,45,41],"class_list":["post-168846","post","type-post","status-publish","format-standard","has-post-thumbnail","category-slovensko","tag-druzstvo","tag-nahac","tag-poziar","tag-sk","tag-slovak","tag-slovak-republic","tag-slovakia","tag-slovencina","tag-slovenska-republika","tag-slovensko"],"share_on_mastodon":{"url":"https:\/\/pubeurope.com\/@sk\/117203892112132196","error":""},"_links":{"self":[{"href":"https:\/\/www.europesays.com\/sk\/wp-json\/wp\/v2\/posts\/168846","targetHints":{"allow":["GET"]}}],"collection":[{"href":"https:\/\/www.europesays.com\/sk\/wp-json\/wp\/v2\/posts"}],"about":[{"href":"https:\/\/www.europesays.com\/sk\/wp-json\/wp\/v2\/types\/post"}],"author":[{"embeddable":true,"href":"https:\/\/www.europesays.com\/sk\/wp-json\/wp\/v2\/users\/2"}],"replies":[{"embeddable":true,"href":"https:\/\/www.europesays.com\/sk\/wp-json\/wp\/v2\/comments?post=168846"}],"version-history":[{"count":0,"href":"https:\/\/www.europesays.com\/sk\/wp-json\/wp\/v2\/posts\/168846\/revisions"}],"wp:featuredmedia":[{"embeddable":true,"href":"https:\/\/www.europesays.com\/sk\/wp-json\/wp\/v2\/media\/168847"}],"wp:attachment":[{"href":"https:\/\/www.europesays.com\/sk\/wp-json\/wp\/v2\/media?parent=168846"}],"wp:term":[{"taxonomy":"category","embeddable":true,"href":"https:\/\/www.europesays.com\/sk\/wp-json\/wp\/v2\/categories?post=168846"},{"taxonomy":"post_tag","embeddable":true,"href":"https:\/\/www.europesays.com\/sk\/wp-json\/wp\/v2\/tags?post=168846"}],"curies":[{"name":"wp","href":"https:\/\/api.w.org\/{rel}","templated":true}]}}