{"id":168858,"date":"2026-09-02T23:03:07","date_gmt":"2026-09-02T23:03:07","guid":{"rendered":"https:\/\/www.europesays.com\/sk\/168858\/"},"modified":"2026-09-02T23:03:07","modified_gmt":"2026-09-02T23:03:07","slug":"nehoda-auta-s-motocyklom-motocyklista-skoncil-v-nemocnici-cesta-bola-ciastocne-uzavreta","status":"publish","type":"post","link":"https:\/\/www.europesays.com\/sk\/168858\/","title":{"rendered":"Nehoda auta s motocyklom: Motocyklista skon\u010dil v nemocnici, cesta bola \u010diasto\u010dne uzavret\u00e1"},"content":{"rendered":"<p>SENICA &#8211; Pol\u00edcia vy\u0161etruje dopravn\u00fa nehodu osobn\u00e9ho auta a motocykla na ceste druhej triedy pri senickej mestskej \u010dasti Kunov. Pri nehode sa zranil vodi\u010d motocykla, ktor\u00e9ho previezli do nemocnice. Uviedla to Zlatica Antalov\u00e1 z Krajsk\u00e9ho riadite\u013estva Policajn\u00e9ho zboru v Trnave.<\/p>\n<p>Alkohol u vodi\u010dov policajti pod\u013ea jej slov nezistili. Presn\u00e9 pr\u00ed\u010diny a okolnosti dopravnej nehody s\u00fa predmetom \u010fal\u0161ieho vy\u0161etrovania.<\/p>\n<p>Cesta bola v stredu ve\u010der v d\u00f4sledku dokumentovania nehody a odstra\u0148ovania jej n\u00e1sledkov \u010diasto\u010dne uzavret\u00e1.<\/p>\n","protected":false},"excerpt":{"rendered":"SENICA &#8211; Pol\u00edcia vy\u0161etruje dopravn\u00fa nehodu osobn\u00e9ho auta a motocykla na ceste druhej triedy pri senickej mestskej \u010dasti&hellip;\n","protected":false},"author":2,"featured_media":168859,"comment_status":"","ping_status":"","sticky":false,"template":"","format":"standard","meta":{"footnotes":"","_share_on_mastodon":"0"},"categories":[6],"tags":[7183,535,43,40,44,39,42,45,41,619],"class_list":["post-168858","post","type-post","status-publish","format-standard","has-post-thumbnail","category-slovensko","tag-motocykel","tag-nehoda","tag-sk","tag-slovak","tag-slovak-republic","tag-slovakia","tag-slovencina","tag-slovenska-republika","tag-slovensko","tag-zranenie"],"share_on_mastodon":{"url":"https:\/\/pubeurope.com\/@sk\/117203947124765284","error":""},"_links":{"self":[{"href":"https:\/\/www.europesays.com\/sk\/wp-json\/wp\/v2\/posts\/168858","targetHints":{"allow":["GET"]}}],"collection":[{"href":"https:\/\/www.europesays.com\/sk\/wp-json\/wp\/v2\/posts"}],"about":[{"href":"https:\/\/www.europesays.com\/sk\/wp-json\/wp\/v2\/types\/post"}],"author":[{"embeddable":true,"href":"https:\/\/www.europesays.com\/sk\/wp-json\/wp\/v2\/users\/2"}],"replies":[{"embeddable":true,"href":"https:\/\/www.europesays.com\/sk\/wp-json\/wp\/v2\/comments?post=168858"}],"version-history":[{"count":0,"href":"https:\/\/www.europesays.com\/sk\/wp-json\/wp\/v2\/posts\/168858\/revisions"}],"wp:featuredmedia":[{"embeddable":true,"href":"https:\/\/www.europesays.com\/sk\/wp-json\/wp\/v2\/media\/168859"}],"wp:attachment":[{"href":"https:\/\/www.europesays.com\/sk\/wp-json\/wp\/v2\/media?parent=168858"}],"wp:term":[{"taxonomy":"category","embeddable":true,"href":"https:\/\/www.europesays.com\/sk\/wp-json\/wp\/v2\/categories?post=168858"},{"taxonomy":"post_tag","embeddable":true,"href":"https:\/\/www.europesays.com\/sk\/wp-json\/wp\/v2\/tags?post=168858"}],"curies":[{"name":"wp","href":"https:\/\/api.w.org\/{rel}","templated":true}]}}