{"id":168892,"date":"2026-09-02T23:59:10","date_gmt":"2026-09-02T23:59:10","guid":{"rendered":"https:\/\/www.europesays.com\/sk\/168892\/"},"modified":"2026-09-02T23:59:10","modified_gmt":"2026-09-02T23:59:10","slug":"obrovska-tragedia-v-bratislave-po-pade-z-okna-zomrel-43-rocny-muz","status":"publish","type":"post","link":"https:\/\/www.europesays.com\/sk\/168892\/","title":{"rendered":"Obrovsk\u00e1 trag\u00e9dia v Bratislave: Po p\u00e1de z okna zomrel 43-ro\u010dn\u00fd mu\u017e!"},"content":{"rendered":"<p>BRATISLAVA &#8211; V Bratislave na ulici Pavla Horova zomrel v stredu podve\u010der po p\u00e1de z okna 43-ro\u010dn\u00fd mu\u017e. Informoval o tom bratislavsk\u00fd krajsk\u00fd policajn\u00fd hovorca Michal Szeiff s t\u00fdm, \u017ee bli\u017e\u0161ie okolnosti pr\u00edpadu s\u00fa predmetom vy\u0161etrovania.<\/p>\n<p>\u201ePolicajti Okresn\u00e9ho riadite\u013estva Policajn\u00e9ho zboru v Bratislave IV preveruj\u00fa okolnosti tragickej udalosti, ku ktorej do\u0161lo dnes kr\u00e1tko pred 18.00 h na Pavla Horova ulici. Pod\u013ea doteraj\u0161\u00edch inform\u00e1ci\u00ed mal p\u00e1dom z okna jedn\u00e9ho z poschod\u00ed obytn\u00e9ho domu utrpie\u0165 43-ro\u010dn\u00fd mu\u017e zranenia, ktor\u00fdm na mieste pod\u013eahol,\u201c uviedol Szeiff.<\/p>\n","protected":false},"excerpt":{"rendered":"BRATISLAVA &#8211; V Bratislave na ulici Pavla Horova zomrel v stredu podve\u010der po p\u00e1de z okna 43-ro\u010dn\u00fd mu\u017e.&hellip;\n","protected":false},"author":2,"featured_media":168893,"comment_status":"","ping_status":"","sticky":false,"template":"","format":"standard","meta":{"footnotes":"","_share_on_mastodon":"0"},"categories":[6],"tags":[136,3815,525,43,40,44,39,42,45,41,729],"class_list":["post-168892","post","type-post","status-publish","format-standard","has-post-thumbnail","category-slovensko","tag-bratislava","tag-pad","tag-policia","tag-sk","tag-slovak","tag-slovak-republic","tag-slovakia","tag-slovencina","tag-slovenska-republika","tag-slovensko","tag-tragedia"],"share_on_mastodon":{"url":"https:\/\/pubeurope.com\/@sk\/117204167132879347","error":""},"_links":{"self":[{"href":"https:\/\/www.europesays.com\/sk\/wp-json\/wp\/v2\/posts\/168892","targetHints":{"allow":["GET"]}}],"collection":[{"href":"https:\/\/www.europesays.com\/sk\/wp-json\/wp\/v2\/posts"}],"about":[{"href":"https:\/\/www.europesays.com\/sk\/wp-json\/wp\/v2\/types\/post"}],"author":[{"embeddable":true,"href":"https:\/\/www.europesays.com\/sk\/wp-json\/wp\/v2\/users\/2"}],"replies":[{"embeddable":true,"href":"https:\/\/www.europesays.com\/sk\/wp-json\/wp\/v2\/comments?post=168892"}],"version-history":[{"count":0,"href":"https:\/\/www.europesays.com\/sk\/wp-json\/wp\/v2\/posts\/168892\/revisions"}],"wp:featuredmedia":[{"embeddable":true,"href":"https:\/\/www.europesays.com\/sk\/wp-json\/wp\/v2\/media\/168893"}],"wp:attachment":[{"href":"https:\/\/www.europesays.com\/sk\/wp-json\/wp\/v2\/media?parent=168892"}],"wp:term":[{"taxonomy":"category","embeddable":true,"href":"https:\/\/www.europesays.com\/sk\/wp-json\/wp\/v2\/categories?post=168892"},{"taxonomy":"post_tag","embeddable":true,"href":"https:\/\/www.europesays.com\/sk\/wp-json\/wp\/v2\/tags?post=168892"}],"curies":[{"name":"wp","href":"https:\/\/api.w.org\/{rel}","templated":true}]}}