{"id":168900,"date":"2026-09-03T00:07:14","date_gmt":"2026-09-03T00:07:14","guid":{"rendered":"https:\/\/www.europesays.com\/sk\/168900\/"},"modified":"2026-09-03T00:07:14","modified_gmt":"2026-09-03T00:07:14","slug":"velkolepe-sci-fi-2026-dorazilo-online-s-dabingom-aj-v-specialnej-verzii","status":"publish","type":"post","link":"https:\/\/www.europesays.com\/sk\/168900\/","title":{"rendered":"Ve\u013ekolep\u00e9 sci-fi 2026 dorazilo online. S dabingom aj v \u0161peci\u00e1lnej verzii"},"content":{"rendered":"<p style=\"text-align: justify;\">Fan\u00fa\u0161ikovia Star Wars maj\u00fa d\u00f4vod na rados\u0165. Najnov\u0161\u00ed celove\u010dern\u00fd film z ikonick\u00e9ho sci-fi univerza pr\u00e1ve vst\u00fapil aj do dom\u00e1cej distrib\u00facie. Novinku Mandalori\u00e1n a Grogu na Slovensku u\u017e dnes pon\u00faka streamovacia slu\u017eba Disney+. Predplatitelia film n\u00e1jdu v \u0161pi\u010dkovej kvalite a s podporou slovensk\u00e9ho dabingu, pote\u0161\u00ed aj verzia filmu v \u0161peci\u00e1lnom \u0161irokouhlom form\u00e1te.<\/p>\n<p>Ve\u013ek\u00fd n\u00e1vrat favoritov<\/p>\n<p style=\"text-align: justify;\">Univerzum Star Wars sa po sedemro\u010dnej pauze v m\u00e1ji tohto roka kone\u010dne vr\u00e1tilo tam, kde to cel\u00e9 za\u010dalo \u2013 na pl\u00e1tna k\u00edn. O ve\u013ek\u00fd \u201ecomeback\u201c sa nepostaral nikto in\u00fd ako Mandalori\u00e1n a jeho mal\u00fd zelen\u00fd spolo\u010dn\u00edk Grogu, ktor\u00ed z\u00e1sadnou mierou o\u017eivili z\u00e1ujem o Star Wars a uk\u00e1zali, \u017ee aj men\u0161ie pr\u00edbehy maj\u00fa v galaxii svoje miesto.<\/p>\n<p>\u010cl\u00e1nok pokra\u010duje pod videom \u2193<\/p>\n<p style=\"text-align: justify;\">Celove\u010dern\u00fd film pr\u00edbehovo nadv\u00e4zuje pr\u00e1ve na \u00faspech seri\u00e1lu a sleduje Dina Djarina a jeho spolo\u010dn\u00edka Grogu, ktor\u00ed s\u00fa povolan\u00ed Novou republikou na z\u00e1chrann\u00fa misiu. T\u00e1 ich vtiahne do konfliktu so zvy\u0161kami Imp\u00e9ria a dvojica sa po\u010das p\u00e1trania dost\u00e1va do stretu s nebezpe\u010dn\u00fdm podsvet\u00edm.<\/p>\n<p style=\"text-align: justify;\">Film pre Disney nato\u010dil ostrie\u013ean\u00fd veter\u00e1n Jon Favrau, ktor\u00fd stavil na jednoduch\u00fd a mo\u017eno a\u017e pr\u00edli\u0161 priamo\u010diary pr\u00edbeh postaven\u00fd na dvojici ob\u013e\u00faben\u00fdch hrdinov. Kritici chv\u00e1lili hrav\u00fa atmosf\u00e9ru, funguj\u00facu ch\u00e9miu medzi dvoma protagonistami a tie\u017e skuto\u010dnos\u0165, \u017ee nov\u00fd Mandalori\u00e1n sa neberie pr\u00edli\u0161 v\u00e1\u017ene a \u010derp\u00e1 z \u00faspechu seri\u00e1lu.<\/p>\n<p style=\"text-align: justify;\">Viacer\u00ed div\u00e1ci v\u0161ak z\u00e1rove\u0148 kritizovali, \u017ee cel\u00fd film p\u00f4sob\u00ed len ako pred\u013a\u017een\u00e1 telev\u00edzna epiz\u00f3da, ktorej ch\u00fdba nap\u00e4tie a celkov\u00e1 pridan\u00e1 hodnota. Mo\u017eno aj preto sa Mandalori\u00e1novi v kin\u00e1ch komer\u010dne nedarilo a zarobil iba 345 mili\u00f3nov dol\u00e1rov, najmenej v celej hist\u00f3rii Star Wars.<\/p>\n<p>Od dnes aj na Disney+<\/p>\n<p style=\"text-align: justify;\">Div\u00e1ci sa o kvalit\u00e1ch filmu m\u00f4\u017eu od dnes presved\u010di\u0165 aj v pohodl\u00ed domova. Film Mandalori\u00e1n a Grogu je \u0161tyri a pol mesiaca od premi\u00e9ry dostupn\u00fd na Disney+. Platforma novinku pon\u00faka aj so slovensk\u00fdm dabingom, pr\u00edpadne so slovensk\u00fdmi titulkami. Pote\u0161i\u0165 m\u00f4\u017ee aj \u0161peci\u00e1lna \u0161irokouhl\u00e1 verzia filmu IMAX Enhanced, ktor\u00e1 pon\u00faka roz\u0161\u00edren\u00fd pomer str\u00e1n v niektor\u00fdch sc\u00e9nach.<\/p>\n<p style=\"text-align: justify;\">Pripome\u0148me, \u017ee Mandalori\u00e1n a Grogu je prv\u00fdm z novej vlny Star Wars filmov, ktor\u00fdmi chce Disney o\u017eivi\u0165 zna\u010dku a vr\u00e1ti\u0165 ju sp\u00e4\u0165 do k\u00edn. U\u017e na bud\u00faci rok bude nasledova\u0165 premi\u00e9ra o\u010dak\u00e1vanej novinky Star Wars: Starfighter, ktor\u00fa nato\u010d\u00ed Shawn Levy, re\u017eis\u00e9r kasov\u00e9ho trh\u00e1ku Deadpool &amp; Wolverine. V hlavnej \u00falohe vo filme sa predstav\u00ed Ryan Gosling.<\/p>\n<p>\n        \u010c\u00edtajte viac z kateg\u00f3rie: <a href=\"https:\/\/fontech.startitup.sk\/category\/filmy-serialy\/\" rel=\"nofollow noopener\" target=\"_blank\">Filmy &amp; seri\u00e1ly<\/a>\n      <\/p>\n<p class=\"thank-you-after\">\n      \u010eakujeme, \u017ee \u010d\u00edta\u0161 Fontech. V pr\u00edpade, \u017ee m\u00e1\u0161 postreh alebo si na\u0161iel v \u010dl\u00e1nku chybu, nap\u00ed\u0161 n\u00e1m na <a href=\"https:\/\/fontech.startitup.sk\/velkolepe-sci-fi-2026-dorazilo-online-s-dabingom-aj-v-specialnej-verzii\/mailto:%20redakcia@fontech.sk?subject=Postrehy%20a%20n%C3%A1vrhy\" rel=\"nofollow noopener\" target=\"_blank\">redakcia@fontech.sk<\/a>.\n      <\/p>\n","protected":false},"excerpt":{"rendered":"Fan\u00fa\u0161ikovia Star Wars maj\u00fa d\u00f4vod na rados\u0165. Najnov\u0161\u00ed celove\u010dern\u00fd film z ikonick\u00e9ho sci-fi univerza pr\u00e1ve vst\u00fapil aj do&hellip;\n","protected":false},"author":2,"featured_media":168901,"comment_status":"","ping_status":"","sticky":false,"template":"","format":"standard","meta":{"footnotes":"","_share_on_mastodon":"0"},"categories":[16],"tags":[1572,70,73,428,72,626,43,40,39,42,41,86,71],"class_list":["post-168900","post","type-post","status-publish","format-standard","has-post-thumbnail","category-filmy","tag-disney","tag-entertainment","tag-filmy","tag-mandalorian-a-grogu","tag-movie","tag-sci-fi","tag-sk","tag-slovak","tag-slovakia","tag-slovencina","tag-slovensko","tag-star-wars","tag-zabava"],"share_on_mastodon":{"url":"https:\/\/pubeurope.com\/@sk\/117204198645700229","error":""},"_links":{"self":[{"href":"https:\/\/www.europesays.com\/sk\/wp-json\/wp\/v2\/posts\/168900","targetHints":{"allow":["GET"]}}],"collection":[{"href":"https:\/\/www.europesays.com\/sk\/wp-json\/wp\/v2\/posts"}],"about":[{"href":"https:\/\/www.europesays.com\/sk\/wp-json\/wp\/v2\/types\/post"}],"author":[{"embeddable":true,"href":"https:\/\/www.europesays.com\/sk\/wp-json\/wp\/v2\/users\/2"}],"replies":[{"embeddable":true,"href":"https:\/\/www.europesays.com\/sk\/wp-json\/wp\/v2\/comments?post=168900"}],"version-history":[{"count":0,"href":"https:\/\/www.europesays.com\/sk\/wp-json\/wp\/v2\/posts\/168900\/revisions"}],"wp:featuredmedia":[{"embeddable":true,"href":"https:\/\/www.europesays.com\/sk\/wp-json\/wp\/v2\/media\/168901"}],"wp:attachment":[{"href":"https:\/\/www.europesays.com\/sk\/wp-json\/wp\/v2\/media?parent=168900"}],"wp:term":[{"taxonomy":"category","embeddable":true,"href":"https:\/\/www.europesays.com\/sk\/wp-json\/wp\/v2\/categories?post=168900"},{"taxonomy":"post_tag","embeddable":true,"href":"https:\/\/www.europesays.com\/sk\/wp-json\/wp\/v2\/tags?post=168900"}],"curies":[{"name":"wp","href":"https:\/\/api.w.org\/{rel}","templated":true}]}}